{"id":74660,"date":"2024-12-11T16:50:13","date_gmt":"2024-12-11T16:50:13","guid":{"rendered":"https:\/\/tvbrazilusa.com\/2024\/12\/11\/para-algumas-familias-muculmanas-em-massachusetts-o-globe-santa-poderia-ajudar-a-tornar-o-natal-uma-tradicao-de-cura\/"},"modified":"2024-12-11T16:55:50","modified_gmt":"2024-12-11T16:55:50","slug":"para-algumas-familias-muculmanas-em-massachusetts-o-globe-santa-poderia-ajudar-a-tornar-o-natal-uma-tradicao-de-cura","status":"publish","type":"post","link":"https:\/\/tvbrazilusa.com\/pt\/2024\/12\/11\/para-algumas-familias-muculmanas-em-massachusetts-o-globe-santa-poderia-ajudar-a-tornar-o-natal-uma-tradicao-de-cura\/","title":{"rendered":"Para algumas fam\u00edlias mu\u00e7ulmanas em Massachusetts, o Globe Santa poderia ajudar a tornar o Natal uma tradi\u00e7\u00e3o de cura"},"content":{"rendered":"<p> <script async src=\"https:\/\/pagead2.googlesyndication.com\/pagead\/js\/adsbygoogle.js?client=ca-pub-8864793242727901\"\r\n     crossorigin=\"anonymous\"><\/script><br \/>\n<\/p>\n<div id=\"\">\n<header class=\"m-article-header m-article-header--standard\">\n\t\t\t\t\t\t\t\t\t\t\t\t<span id=\"article-header-primary-term\"><br \/>\n\t\t\t\t\t\t\t\t<a class=\"a-term a-term--primary\" href=\"https:\/\/www.boston.com\/tag\/community\/\"><\/p>\n<p>\t\t\t\t\t\t\t\tComunidade\t\t\t\t\t\t\t\t<\/a><br \/>\n\t\t\t\t\t\t\t<\/span><\/p>\n<h2 class=\"m-article-header__sub-headline\">\u201cOs presentes de [Globe] O Papai Noel nos ajudaria a compartilhar a alegria da temporada e a criar mem\u00f3rias especiais juntos.\u201d<\/h2>\n<figure class=\"a-photo m-article-header__photo\"><figcaption class=\"a-photo__caption\">\n<p>\tA partir da esquerda, o Diretor de Opera\u00e7\u00f5es Matt Elie, o Cl\u00ednico Prim\u00e1rio Kerry Lynch e Eddie McGrath, Fundador do Rockland Recovery Treatment Center, presentearam o Globe Santa com uma doa\u00e7\u00e3o de US$ 10.000 de seu Centro de tratamento Braintree Adiction.<em> Josh Reynolds para o Boston Globe<\/em>\t<\/figcaption><\/figure>\n<\/header>\n<p>Diversos <a href=\"https:\/\/www.boston.com\/tag\/globe-santa\/\" target=\"_blank\" rel=\"noreferrer noopener\">Globo Papai Noel<\/a> cartas nesta \u00e9poca de festas capturaram as experi\u00eancias de refugiados mu\u00e7ulmanos que esperavam adotar o Natal como uma tradi\u00e7\u00e3o familiar cont\u00ednua.<\/p>\n<p>Celebrar o feriado crist\u00e3o para essas fam\u00edlias que escrevem cartas n\u00e3o apenas os ajudaria a se adaptarem \u00e0 nova realidade americana. Ajudaria a curar as feridas deixadas pelos conflitos nos seus pa\u00edses de origem.<\/p>\n<p>\u201cQueremos criar [a] atmosfera calorosa e festiva para nossos filhos que anseiam por [playing] e [engaging] com seus amigos e familiares crist\u00e3os\u201d, escreveu uma m\u00e3e mu\u00e7ulmana de um sub\u00farbio de Boston. \u201cOs presentes de [Globe] O Papai Noel nos ajudaria a compartilhar a alegria da temporada e a criar mem\u00f3rias especiais juntos.\u201d<\/p>\n<div class=\"m-block t-amp__list-container m-article-list-container m-article-list-container--frame-border a-border-frame  a-list-header__headline--red m-article-list--alternative--default  m-article-list--floated\">\n<ul class=\"t-amp__list a-list--no-style m-article-list m-article-list--recirculation m-article-list--has-images\">\n<li class=\"m-article-list__item m-article-list__item--featured\">\n\t\t\t<a class=\"m-article-list__link-wrapper\" href=\"https:\/\/www.boston.com\/news\/community\/2024\/12\/10\/globe-santa-its-easy-to-feel-helpless\/?p1=article_recirc_inline_feature\" data-p1=\"article_recirc_inline_feature\"><br \/>\n\t\t\t\t<img fetchpriority=\"high\" decoding=\"async\" width=\"768\" height=\"432\" src=\"https:\/\/bdc2020.o0bc.com\/wp-content\/uploads\/2023\/12\/Globe-Santa-Tease-658317b58e6c1-768x432.png\" class=\"t-amp__list-image m-article-list__image m-article-list__image--full\" alt=\"\" aria-hidden=\"true\" srcset=\"https:\/\/bdc2020.o0bc.com\/wp-content\/uploads\/2023\/12\/Globe-Santa-Tease-658317b58e6c1-768x432.png?width=200 200w, https:\/\/bdc2020.o0bc.com\/wp-content\/uploads\/2023\/12\/Globe-Santa-Tease-658317b58e6c1-768x432.png?width=300 300w, https:\/\/bdc2020.o0bc.com\/wp-content\/uploads\/2023\/12\/Globe-Santa-Tease-658317b58e6c1-768x432.png?width=400 400w, https:\/\/bdc2020.o0bc.com\/wp-content\/uploads\/2023\/12\/Globe-Santa-Tease-658317b58e6c1-768x432.png?width=500 500w, https:\/\/bdc2020.o0bc.com\/wp-content\/uploads\/2023\/12\/Globe-Santa-Tease-658317b58e6c1-768x432.png?width=600 600w, https:\/\/bdc2020.o0bc.com\/wp-content\/uploads\/2023\/12\/Globe-Santa-Tease-658317b58e6c1-768x432.png?width=700 700w, https:\/\/bdc2020.o0bc.com\/wp-content\/uploads\/2023\/12\/Globe-Santa-Tease-658317b58e6c1-768x432.png?width=800 800w, https:\/\/bdc2020.o0bc.com\/wp-content\/uploads\/2023\/12\/Globe-Santa-Tease-658317b58e6c1-768x432.png?width=900 900w\" sizes=\"(max-width: 768px) 100vw, 768px\"\/>\t\t\t\t\t<\/p>\n<p><h4 class=\"m-article-list__headline t-amp__list-headline\">\n\t\t\t\t\t\t\t<span class=\"m-article-list__link a-link a-link--inline a-link--text-link a-link--text-link-dark\"><\/p>\n<p>\t\t\t\t\t\t\tGlobe Santa: \u00c9 f\u00e1cil se sentir desamparado quando os problemas da vida convergem\t\t\t\t\t\t\t<\/span><br \/>\n\t\t\t\t\t\t<\/h4>\n<\/p>\n<p>\t\t\t\t<\/a>\n\t\t\t<\/li>\n<\/ul>\n<\/div>\n<p>Os refugiados mu\u00e7ulmanos que se estabelecem em Massachusetts est\u00e3o a construir um novo lar num estado com uma popula\u00e7\u00e3o isl\u00e2mica robusta. A \u00e1rea metropolitana de Boston abriga cerca de 50 mesquitas, escolas e organiza\u00e7\u00f5es comunit\u00e1rias com afilia\u00e7\u00f5es isl\u00e2micas, de acordo com <a href=\"https:\/\/pluralism.org\/islam-in-boston\" class=\"\" target=\"_blank\" rel=\"noreferrer noopener\">Projeto de Pluralismo da Universidade de Harvard<\/a>. Isso inclui a maior mesquita da Nova Inglaterra, o Centro Cultural da Sociedade Isl\u00e2mica de Boston, em Roxbury.<\/p>\n<p>Os migrantes de pa\u00edses mu\u00e7ulmanos representaram uma grande parte das chegadas recentes ao estado. Historicamente, os imigrantes mu\u00e7ulmanos que se estabeleceram em Boston vieram principalmente de pa\u00edses como o L\u00edbano e a S\u00edria, mas nos \u00faltimos anos, muitos rec\u00e9m-chegados vieram da Som\u00e1lia, do Iraque e do Afeganist\u00e3o.<\/p>\n<p>Em 2022, os afeg\u00e3os constitu\u00edam a maior parcela da popula\u00e7\u00e3o do estado. <a href=\"https:\/\/www.uscis.gov\/humanitarian\/humanitarian-or-significant-public-benefit-parole-for-noncitizens-outside-the-united-states\/information-for-afghan-nationals-on-requests-to-uscis-for-parole\" class=\"\" target=\"_blank\" rel=\"noreferrer noopener\">liberdade condicional humanit\u00e1ria<\/a>de acordo com um relat\u00f3rio da <a href=\"https:\/\/static1.squarespace.com\/static\/599720dc59cc68c3683049bc\/t\/66dee261bbdb9165a0e8f6ab\/1725882977445\/RIT.Report.Boston.2024.pdf\" class=\"\" target=\"_blank\" rel=\"noreferrer noopener\">Refugiados nas cidades<\/a>que fica na The Fletcher School da Tufts University. A liberdade condicional humanit\u00e1ria permite a entrada de requerentes de asilo devido a uma crise urgente, como a dos Estados Unidos <a href=\"https:\/\/www.bostonglobe.com\/2021\/08\/21\/world\/afghanistan-collapse-hope\/?p1=Article_Inline_Text_Link\" class=\"\" target=\"_blank\" rel=\"noreferrer noopener\">retirada das tropas do Afeganist\u00e3o<\/a> no final de 2021. N\u00e3o oferece um caminho para a cidadania.<\/p>\n<p>Inclu\u00edda no grupo de refugiados afeg\u00e3os recentes est\u00e1 uma m\u00e3e, que explicou numa carta do Globe Santa que se mudou para a regi\u00e3o h\u00e1 dois anos, quando a sua situa\u00e7\u00e3o de vida se tornou demasiado perigosa. Ela disse que trabalhou para organiza\u00e7\u00f5es n\u00e3o governamentais, ou ONG, e causas de direitos humanos durante pelo menos uma d\u00e9cada, mas teve de deixar o seu pa\u00eds para tr\u00e1s.<\/p>\n<p>\u201cO Afeganist\u00e3o n\u00e3o \u00e9 um lugar para mulheres instru\u00eddas como eu viverem\u201d, escreveu ela. \u201cViemos aqui para que minha fam\u00edlia pudesse estar segura.\u201d<\/p>\n<p>A m\u00e3e, cuja fam\u00edlia \u00e9 mu\u00e7ulmana, disse que seus quatro filhos nunca tinham ouvido falar do Natal at\u00e9 chegarem a Massachusetts.<\/p>\n<p>\u201cMeus filhos aprenderam rapidamente que todas as outras crian\u00e7as estavam recebendo presentes do Papai Noel, mas n\u00e3o\u201d, escreveu a m\u00e3e.<\/p>\n<p>A m\u00e3e afeg\u00e3 quer observar a tradi\u00e7\u00e3o do Natal, mas disse que n\u00e3o tem condi\u00e7\u00f5es de faz\u00ea-lo agora.<\/p>\n<p>\u201cMeus filhos tiveram uma vida muito dif\u00edcil em muitos aspectos e [I] s\u00f3 quero faz\u00ea-los felizes\u201d, escreveu ela. \u201cPor favor, traga-lhes um pouco da magia do Papai Noel.\u201d<\/p>\n<p>A m\u00e3e suburbana, que n\u00e3o mencionou o seu pa\u00eds de origem na carta, disse que o Natal destaca alguns dos valores-chave da sua f\u00e9 mu\u00e7ulmana. Mas sem a ajuda do Globe Santa, talvez n\u00e3o seja poss\u00edvel incorporar o feriado \u00e0s tradi\u00e7\u00f5es familiares.<\/p>\n<p>\u201cComo fam\u00edlia mu\u00e7ulmana, valorizamos o esp\u00edrito de uni\u00e3o e alegria durante as festas de fim de ano\u201d, escreveu ela. \u201cNo entanto, no ano passado ainda estamos em [a] situa\u00e7\u00e3o desafiadora, e as dificuldades financeiras est\u00e3o tornando [especially] dif\u00edcil comemorar da maneira que gostar\u00edamos.\u201d<\/p>\n<p>Os pedidos do Papai Noel do Globo nesta temporada de f\u00e9rias tamb\u00e9m vieram de fam\u00edlias que fugiram de pa\u00edses com comunidades crist\u00e3s consider\u00e1veis \u200b\u200bno Oriente M\u00e9dio, incluindo o L\u00edbano.<\/p>\n<p>Embora o L\u00edbano tenha uma das maiores percentagens de crist\u00e3os nos pa\u00edses do M\u00e9dio Oriente, a popula\u00e7\u00e3o diminuiu nas \u00faltimas d\u00e9cadas. A persegui\u00e7\u00e3o religiosa dos crist\u00e3os libaneses durante a guerra civil do pa\u00eds nas d\u00e9cadas de 70 e 80 empurrou muitos deles para outros pa\u00edses, e a recente <a href=\"https:\/\/www.reuters.com\/world\/middle-east\/mass-displacement-lebanon-war-revives-spectre-sectarian-strife-2024-10-15\/\" class=\"\" target=\"_blank\" rel=\"noreferrer noopener\">Conflito Israel-Hezbollah<\/a> for\u00e7ou muitos compatriotas, independentemente da f\u00e9, a fugir para outros lugares.<\/p>\n<p>A \u00faltima vez que o L\u00edbano realizou um censo federal em 1932, estimou-se que mais de metade da na\u00e7\u00e3o era crist\u00e3. Mas o Statistics Lebanon, um grupo de pesquisa independente, descobriu que <a href=\"https:\/\/www.state.gov\/reports\/2022-report-on-international-religious-freedom\/lebanon\/\" class=\"\" target=\"_blank\" rel=\"noreferrer noopener\">pelo menos 69 por cento do L\u00edbano praticava o Isl\u00e3<\/a>.<\/p>\n<p>A vida nos EUA n\u00e3o tem sido f\u00e1cil, escreveu uma m\u00e3e libanesa ao Globe Santa.<\/p>\n<p>Ela disse que a sua fam\u00edlia mudou-se 12 vezes porque as suas poupan\u00e7as est\u00e3o \u201cbloqueadas nos bancos\u201d no L\u00edbano. Eles agora vivem em um abrigo enquanto a m\u00e3e estuda, aumenta sua pontua\u00e7\u00e3o de cr\u00e9dito e se prepara para o emprego. Fornecer presentes de Natal aos seus tr\u00eas filhos tornou-se uma reflex\u00e3o tardia infeliz enquanto ela procura por uma moradia est\u00e1vel.<\/p>\n<p>\u201cOs meus filhos, que s\u00e3o cidad\u00e3os dos EUA, foram incrivelmente corajosos e resilientes ao longo destas dificuldades, mas tamb\u00e9m enfrentaram instabilidade\u201d, escreveu ela. \u201cEles perderam a felicidade e a alegria no ano passado, depois de tudo que passamos.\u201d<\/p>\n<p>Este ano, a m\u00e3e quer devolver-lhes um pouco de felicidade.<\/p>\n<p>\u201cCom a aproxima\u00e7\u00e3o das festas de fim de ano, pe\u00e7o gentilmente e agrade\u00e7o profundamente qualquer ajuda para trazer alegria \u00e0s suas vidas\u201d, escreveu ela.<\/p>\n<p><em>H\u00e1 69 anos, o Globe Santa, um programa da Boston Globe Foundation, fornece presentes para crian\u00e7as carentes nas \u00e9pocas de f\u00e9rias. Por favor, considere doar por telefone, correio ou on-line em <\/em><a href=\"http:\/\/globesanta.org\/\" class=\"\"><em>globosanta.org<\/em><\/a><em>.<\/em><\/p>\n<div class=\"m-block m-generic-cta\t m-generic-cta--post-content\t m-generic-cta--dark\t m-generic-cta--homepage\t m-generic-cta--email-signup\t\t m-generic-cta-block-style--default \tt-amp__generic-cta\"><\/p>\n<div class=\"m-generic-cta__wrap\">\n<div class=\"m-generic-cta__content\">\n<h3 class=\"m-generic-cta__title\">Boston.com hoje<\/h3>\n<p class=\"m-generic-cta__subtitle\">Inscreva-se para receber as \u00faltimas manchetes em sua caixa de entrada todas as manh\u00e3s.<\/p>\n<\/p><\/div>\n<\/p><\/div>\n<\/div><\/div>\n<p><script>\n\t\tvar consent=\"grant\";\n\t\t\/* The above code is parsing the JSON data from the local storage and storing it in a variable. *\/\n\t\t\t\t\tconst onetrustStorageConsent = JSON.parse(localStorage.getItem( 'consent_one_trust_bdc' ) );\n\t\t\tif ( ( onetrustStorageConsent !== null ) ) {\n\t\t\t\t\/* Checking to see if the user has consented to the use of cookies.\n\t\t\t\t* If they have not, it is deleting the cookie.\n\t\t\t\t* This will comment for now, until further notice.\n\t\t\t\t*\/\n\t\t\t\t\/\/if ( onetrustStorageConsent.C0002 === false ) {\n\t\t\t\t\/\/\tdocument.cookie=\"_fbp=;expires=Thu, 01 Jan 2010 00:00:00 UTC; path=\/; domain=.boston.com\";\n\t\t\t\t\/\/}\n\t\t\t\t\/* Checking if the user has given consent for the cookie C0002.\n\t\t\t\t* If the user has given consent, the variable consent will be set to 'grant'.\n\t\t\t\t* If the user has not given consent,the variable consent will be set to 'revoke'.\n\t\t\t\t* Documentation https:\/\/developers.facebook.com\/docs\/meta-pixel\/implementation\/gdpr\n\t\t\t\t*\/\n\t\t\t\tif ( onetrustStorageConsent.C0002 !== true ) {\n\t\t\t\t\tconsent=\"revoke\";\n\t\t\t\t}\n\t\t\t}\n\t\t\t\t!function(f,b,e,v,n,t,s)\n\t\t{if(f.fbq)return;n=f.fbq=function(){n.callMethod?\n\t\tn.callMethod.apply(n,arguments):n.queue.push(arguments)};\n\t\tif(!f._fbq)f._fbq=n;n.push=n;n.loaded=!0;n.version='2.0';\n\t\tn.queue=[];t=b.createElement(e);t.async=!0;\n\t\tt.src=v;s=b.getElementsByTagName(e)[0];\n\t\ts.parentNode.insertBefore(t,s)}(window, document,'script',\n\t\t'https:\/\/connect.facebook.net\/en_US\/fbevents.js');\n\t\tfbq('consent', consent);\n\t\tfbq('init', '989222871864976');\n\t\tfbq('track', 'PageView');\n\t<\/script><script type=\"module\">\n\t\tvar consent=\"grant\";\n\t\t\/* The above code is parsing the JSON data from the local storage and storing it in a variable. *\/\n\t\t\tconst onetrustStorageConsent = JSON.parse(localStorage.getItem( 'consent_one_trust_bdc' ) );\n\t\t\t\/* Checking to see if the user has consented to the use of cookies.\n\t\t\t* If they have not, it is deleting the cookie.\n\t\t\t* This will comment for now, until further notice.\n\t\t\t*\/\n\t\t\t\/\/if ( onetrustStorageConsent.C0002 === false ) {\n\t\t\t\/\/\tdocument.cookie=\"_fbp=;expires=Thu, 01 Jan 2010 00:00:00 UTC; path=\/; domain=.boston.com\";\n\t\t\t\/\/}\n\t\t\t\/* Checking if the user has given consent for the cookie C0002.\n\t\t\t* If the user has given consent, the variable consent will be set to 'grant'.\n\t\t\t* If the user has not given consent,the variable consent will be set to 'revoke'.\n\t\t\t* Documentation https:\/\/developers.facebook.com\/docs\/meta-pixel\/implementation\/gdpr\n\t\t\t*\/\n\t\t\tif ( ( onetrustStorageConsent !== null ) && (onetrustStorageConsent.C0002 !== true ) ) {\n\t\t\t\tconsent=\"revoke\";\n\t\t\t}\n\t\t\t\t!function(f,b,e,v,n,t,s){if(f.fbq)return;n=f.fbq=function()\n\t\t{n.callMethod? n.callMethod.apply(n,arguments):n.queue.push(arguments)}\n\t\t;if(!f._fbq)f._fbq=n;\n\t\tn.push=n;n.loaded=!0;n.version='2.0';n.queue=[];t=b.createElement(e);t.async=!0;\n\t\tt.src=v;s=b.getElementsByTagName(e)[0];s.parentNode.insertBefore(t,s)}(window,\n\t\tdocument,'script','https:\/\/connect.facebook.net\/en_US\/fbevents.js');\n\t\tfbq('consent', consent);\n\t\tfbq('init', '813236348753005');\n\t\tfbq('track', \"PageView\");\n\t<\/script><br \/>\n<br \/><br \/>\n<br \/><a href=\"https:\/\/www.boston.com\/news\/community\/2024\/12\/11\/globe-santa-muslim-families-massachusetts\/\">Source link <\/a><\/p>","protected":false},"excerpt":{"rendered":"<p>Comunidade \u201cOs presentes de [Globe] O Papai Noel nos ajudaria a compartilhar a alegria da temporada e a criar mem\u00f3rias especiais juntos.\u201d A partir da esquerda, o Diretor de Opera\u00e7\u00f5es&hellip;<\/p>","protected":false},"author":1,"featured_media":74661,"comment_status":"closed","ping_status":"open","sticky":false,"template":"","format":"standard","meta":{"content-type":"","footnotes":""},"categories":[1],"tags":[],"class_list":["post-74660","post","type-post","status-publish","format-standard","has-post-thumbnail","hentry","category-uncategorized"],"_links":{"self":[{"href":"https:\/\/tvbrazilusa.com\/pt\/wp-json\/wp\/v2\/posts\/74660","targetHints":{"allow":["GET"]}}],"collection":[{"href":"https:\/\/tvbrazilusa.com\/pt\/wp-json\/wp\/v2\/posts"}],"about":[{"href":"https:\/\/tvbrazilusa.com\/pt\/wp-json\/wp\/v2\/types\/post"}],"author":[{"embeddable":true,"href":"https:\/\/tvbrazilusa.com\/pt\/wp-json\/wp\/v2\/users\/1"}],"replies":[{"embeddable":true,"href":"https:\/\/tvbrazilusa.com\/pt\/wp-json\/wp\/v2\/comments?post=74660"}],"version-history":[{"count":1,"href":"https:\/\/tvbrazilusa.com\/pt\/wp-json\/wp\/v2\/posts\/74660\/revisions"}],"predecessor-version":[{"id":74662,"href":"https:\/\/tvbrazilusa.com\/pt\/wp-json\/wp\/v2\/posts\/74660\/revisions\/74662"}],"wp:featuredmedia":[{"embeddable":true,"href":"https:\/\/tvbrazilusa.com\/pt\/wp-json\/wp\/v2\/media\/74661"}],"wp:attachment":[{"href":"https:\/\/tvbrazilusa.com\/pt\/wp-json\/wp\/v2\/media?parent=74660"}],"wp:term":[{"taxonomy":"category","embeddable":true,"href":"https:\/\/tvbrazilusa.com\/pt\/wp-json\/wp\/v2\/categories?post=74660"},{"taxonomy":"post_tag","embeddable":true,"href":"https:\/\/tvbrazilusa.com\/pt\/wp-json\/wp\/v2\/tags?post=74660"}],"curies":[{"name":"wp","href":"https:\/\/api.w.org\/{rel}","templated":true}]}}