{"id":7520,"date":"2024-07-24T14:31:23","date_gmt":"2024-07-24T14:31:23","guid":{"rendered":"https:\/\/tvbrazilusa.com\/2024\/07\/24\/tensao-palacio-do-planalto-esta-atento-ao-que-pode-acontecer-nos-proximos-dias\/"},"modified":"2024-07-24T14:32:06","modified_gmt":"2024-07-24T14:32:06","slug":"tensao-palacio-do-planalto-esta-atento-ao-que-pode-acontecer-nos-proximos-dias","status":"publish","type":"post","link":"https:\/\/tvbrazilusa.com\/pt\/2024\/07\/24\/tensao-palacio-do-planalto-esta-atento-ao-que-pode-acontecer-nos-proximos-dias\/","title":{"rendered":"Tens\u00e3o: Pal\u00e1cio do Planalto est\u00e1 atento ao que pode acontecer nos pr\u00f3ximos dias"},"content":{"rendered":"<p> <script async src=\"https:\/\/pagead2.googlesyndication.com\/pagead\/js\/adsbygoogle.js?client=ca-pub-8864793242727901\"\r\n     crossorigin=\"anonymous\"><\/script><br \/>\n<\/p>\n<div>\n<p>Mesmo relutante, o presidente Lula est\u00e1 sendo fortemente pressionado a tomar uma posi\u00e7\u00e3o firme contra o extremismo de seu aliado pol\u00edtico, Nicol\u00e1s Maduro. O ditador venezuelano amea\u00e7ou desencadear uma \u2018guerra civil\u2019 e um \u2018banho de sangue\u2019 caso perca as elei\u00e7\u00f5es gerais, marcadas para o pr\u00f3ximo domingo (28\/7).<\/p>\n<p>Lula, que j\u00e1 vinha sendo criticado por seu sil\u00eancio em rela\u00e7\u00e3o \u00e0s atitudes de Maduro, finalmente resolveu condenar os atos, embora de maneira contida e sem muitas refer\u00eancias diretas. Ele manifestou estar \u2018assustado\u2019 com as declara\u00e7\u00f5es do l\u00edder venezuelano, mas n\u00e3o fez uma condena\u00e7\u00e3o mais enf\u00e1tica.<\/p>\n<figure class=\"wp-block-image size-full\"><picture decoding=\"async\" class=\"wp-image-160635\"><source type=\"image\/webp\" srcset=\"https:\/\/terrabrasilnoticias.com\/wp-content\/uploads\/2024\/07\/image-752.png.webp 899w, https:\/\/terrabrasilnoticias.com\/wp-content\/uploads\/2024\/07\/image-752-300x200.png.webp 300w, https:\/\/terrabrasilnoticias.com\/wp-content\/uploads\/2024\/07\/image-752-768x512.png.webp 768w, https:\/\/terrabrasilnoticias.com\/wp-content\/uploads\/2024\/07\/image-752-750x500.png.webp 750w\" sizes=\"(max-width: 899px) 100vw, 899px\"\/><\/picture><figcaption class=\"wp-element-caption\">Foto: Ricardo Stuckert\/ PT<\/figcaption><\/figure>\n<h2 class=\"wp-block-heading\">Nicol\u00e1s Maduro e a Amea\u00e7a de uma Guerra Civil<\/h2>\n<p>Maduro reiterou que uma poss\u00edvel derrota nas urnas poderia levar a Venezuela a um conflito interno. \u201cQuem perde as elei\u00e7\u00f5es toma um banho de voto. O Maduro tem que aprender, quando voc\u00ea ganha, voc\u00ea fica. Quando voc\u00ea perde, voc\u00ea vai embora\u201d, disse Lula na segunda-feira (22), exagerando no tom de reprova\u00e7\u00e3o.<\/p>\n<h2 class=\"wp-block-heading\">Como Lula Est\u00e1 Lidando com a Situa\u00e7\u00e3o?<\/h2>\n<p>No Pal\u00e1cio do Planalto, a expectativa \u00e9 que tudo ocorra dentro do que o bloco lulopetista considera como \u2018normalidade\u2019 \u2014 isso \u00e9, Nicol\u00e1s Maduro vencendo as elei\u00e7\u00f5es e recebendo suporte da comunidade internacional. Contudo, a perspectiva de fraude eleitoral ou de desencadeamento de viol\u00eancia mant\u00e9m os alarmes em alerta.<\/p>\n<h2 class=\"wp-block-heading\">Pal\u00e1cio do Planalto x Venezuela<\/h2>\n<p>Desde j\u00e1, o clima em Bras\u00edlia \u00e9 de ansiedade, com os sensores do Itamaraty voltados para todos os acontecimentos em solo venezuelano nos pr\u00f3ximos dias. O governo brasileiro mant\u00e9m um monitoramento constante dos eventos antes, durante e ap\u00f3s as elei\u00e7\u00f5es, com o objetivo de evitar qualquer repercuss\u00e3o negativa que possa afetar a j\u00e1 combalida popularidade de Lula.<\/p>\n<p>O presidente enfrenta quedas nas pesquisas de popularidade em todas as regi\u00f5es do pa\u00eds. A possibilidade de um conflito na Venezuela poderia intensificar ainda mais a oposi\u00e7\u00e3o interna. \u00c9 senso comum entre analistas pol\u00edticos que uma rea\u00e7\u00e3o tardia ou omissa de Lula poder\u00e1 custar caro ao governo brasileiro.<\/p>\n<h2 class=\"wp-block-heading\">O Impacto em Rela\u00e7\u00f5es Internacionais<\/h2>\n<p>Uma das maiores preocupa\u00e7\u00f5es \u00e9 a rea\u00e7\u00e3o da comunidade internacional. Caso Maduro seja declarado vencedor em elei\u00e7\u00f5es controversas ou desencadeie uma guerra civil, o Brasil enfrentar\u00e1 intensas press\u00f5es para condenar veementemente o autoritarismo na Venezuela. Historicamente, o Brasil sempre buscou manter uma posi\u00e7\u00e3o diplom\u00e1tica nos conflitos internacionais, mas a proximidade geogr\u00e1fica e pol\u00edtica com a Venezuela torna este cen\u00e1rio extremamente delicado.<\/p>\n<\/p><\/div>\n<p><br \/>\n<br \/><a href=\"https:\/\/terrabrasilnoticias.com\/2024\/07\/tensao-palacio-do-planalto-esta-atento-ao-que-pode-acontecer-nos-proximos-dias\/\">Source link <\/a><\/p>","protected":false},"excerpt":{"rendered":"<p>Mesmo relutante, o presidente Lula est\u00e1 sendo fortemente pressionado a tomar uma posi\u00e7\u00e3o firme contra o extremismo de seu aliado pol\u00edtico, Nicol\u00e1s Maduro. O ditador venezuelano amea\u00e7ou desencadear uma \u2018guerra&hellip;<\/p>","protected":false},"author":1,"featured_media":7521,"comment_status":"closed","ping_status":"open","sticky":false,"template":"","format":"standard","meta":{"content-type":"","footnotes":""},"categories":[16],"tags":[],"class_list":["post-7520","post","type-post","status-publish","format-standard","has-post-thumbnail","hentry","category-noticias"],"_links":{"self":[{"href":"https:\/\/tvbrazilusa.com\/pt\/wp-json\/wp\/v2\/posts\/7520","targetHints":{"allow":["GET"]}}],"collection":[{"href":"https:\/\/tvbrazilusa.com\/pt\/wp-json\/wp\/v2\/posts"}],"about":[{"href":"https:\/\/tvbrazilusa.com\/pt\/wp-json\/wp\/v2\/types\/post"}],"author":[{"embeddable":true,"href":"https:\/\/tvbrazilusa.com\/pt\/wp-json\/wp\/v2\/users\/1"}],"replies":[{"embeddable":true,"href":"https:\/\/tvbrazilusa.com\/pt\/wp-json\/wp\/v2\/comments?post=7520"}],"version-history":[{"count":1,"href":"https:\/\/tvbrazilusa.com\/pt\/wp-json\/wp\/v2\/posts\/7520\/revisions"}],"predecessor-version":[{"id":7522,"href":"https:\/\/tvbrazilusa.com\/pt\/wp-json\/wp\/v2\/posts\/7520\/revisions\/7522"}],"wp:featuredmedia":[{"embeddable":true,"href":"https:\/\/tvbrazilusa.com\/pt\/wp-json\/wp\/v2\/media\/7521"}],"wp:attachment":[{"href":"https:\/\/tvbrazilusa.com\/pt\/wp-json\/wp\/v2\/media?parent=7520"}],"wp:term":[{"taxonomy":"category","embeddable":true,"href":"https:\/\/tvbrazilusa.com\/pt\/wp-json\/wp\/v2\/categories?post=7520"},{"taxonomy":"post_tag","embeddable":true,"href":"https:\/\/tvbrazilusa.com\/pt\/wp-json\/wp\/v2\/tags?post=7520"}],"curies":[{"name":"wp","href":"https:\/\/api.w.org\/{rel}","templated":true}]}}