{"id":7532,"date":"2024-07-24T12:29:44","date_gmt":"2024-07-24T12:29:44","guid":{"rendered":"https:\/\/tvbrazilusa.com\/2024\/07\/24\/salt-lake-city-comemora-anuncio-de-que-sediara-as-olimpiadas-de-inverno-de-2034\/"},"modified":"2024-07-24T14:38:11","modified_gmt":"2024-07-24T14:38:11","slug":"salt-lake-city-comemora-anuncio-de-que-sediara-as-olimpiadas-de-inverno-de-2034","status":"publish","type":"post","link":"https:\/\/tvbrazilusa.com\/pt\/2024\/07\/24\/salt-lake-city-comemora-anuncio-de-que-sediara-as-olimpiadas-de-inverno-de-2034\/","title":{"rendered":"Salt Lake City comemora an\u00fancio de que sediar\u00e1 as Olimp\u00edadas de Inverno de 2034"},"content":{"rendered":"<p> <script async src=\"https:\/\/pagead2.googlesyndication.com\/pagead\/js\/adsbygoogle.js?client=ca-pub-8864793242727901\"\r\n     crossorigin=\"anonymous\"><\/script><br \/>\n<\/p>\n<div id=\"\">\n<header class=\"m-article-header m-article-header--standard\">\n\t\t\t\t\t\t\t\t\t\t\t\t<span id=\"article-header-primary-term\"><br \/>\n\t\t\t\t\t\t\t\t<a class=\"a-term a-term--primary\" href=\"https:\/\/www.boston.com\/tag\/sports-news\/\"><\/p>\n<p>\t\t\t\t\t\t\t\tNot\u00edcias esportivas\t\t\t\t\t\t\t\t<\/a><br \/>\n\t\t\t\t\t\t\t<\/span><\/p>\n<h2 class=\"m-article-header__sub-headline\">\u201cO mundo \u00e9 bem-vindo aqui.\u201d<\/h2>\n<figure class=\"a-photo m-article-header__photo\"><figcaption class=\"a-photo__caption\">\n<p>\tO governador de Utah, Spencer Cox, fala sobre a candidatura de Salt Lake City para sediar as Olimp\u00edadas de Inverno de 2034, durante a 142\u00aa sess\u00e3o do COI nas Olimp\u00edadas de Ver\u00e3o de 2024, quarta-feira, 24 de julho de 2024, em Paris, Fran\u00e7a.<em> AP Photo \/ David Goldman<\/em>\t<\/figcaption><\/figure>\n<div class=\"m-article-header__meta\">\n<div class=\"m-article-header__byline\">\n<p class=\"m-article-header__author\">\n<p>\t\t\t\t\t\t\t\tPor HANNAH SCHOENBAUM, Associated Press\t\t\t\t\t\t\t<\/p>\n<p>\t\t\t\t\t\t    \t\t\t\t\t\t\t<time class=\"m-article-header__date\"><\/p>\n<p>        \t\t\t\t\t\t\t24 de julho de 2024 | 8h29    \t\t\t\t\t\t\t<\/time><\/p><\/div>\n<\/p><\/div>\n<\/header>\n<p>SALT LAKE CITY (AP) \u2014 Salt Lake City foi formalmente escolhida como sede das Olimp\u00edadas de Inverno de 2034 ap\u00f3s vota\u00e7\u00e3o realizada na quarta-feira pelo Comit\u00ea Ol\u00edmpico Internacional em Paris, o que d\u00e1 a Utah seus segundos Jogos depois de sedi\u00e1-los em 2002.<\/p>\n<p>Uma festa de observa\u00e7\u00e3o foi planejada para as 3 da manh\u00e3, hor\u00e1rio local \u2014 11 da manh\u00e3 em Paris \u2014 para celebrar o an\u00fancio. Grandes multid\u00f5es eram esperadas no evento que coincide com um feriado estadual que marca a data em que os pioneiros m\u00f3rmons descobriram o Vale do Lago Salgado no norte de Utah. Fan\u00e1ticos ol\u00edmpicos j\u00e1 estavam come\u00e7ando a se reunir no centro da cidade e armar barracas antes do p\u00f4r do sol de ter\u00e7a-feira.<\/p>\n<p>Salt Lake City era a \u00fanica candidata que o comit\u00ea ol\u00edmpico estava considerando para 2034. As mudan\u00e7as clim\u00e1ticas e os altos custos operacionais reduziram o n\u00famero de cidades dispostas e capazes de receber os Jogos de Inverno. Utah capitalizou o baixo interesse em outros lugares, se apresentando para autoridades ol\u00edmpicas como uma entusiasmada anfitri\u00e3 recorrente se o comit\u00ea seguir adiante com uma proposta de rota\u00e7\u00e3o permanente de cidades ol\u00edmpicas de inverno. O diretor executivo dos Jogos Ol\u00edmpicos, Christophe Dubi, disse que Salt Lake City seria uma candidata principal para tal plano.<\/p>\n<p>L\u00edderes locais tinham seus olhos postos em sediar v\u00e1rias vezes, mesmo antes de Salt Lake City receber seus primeiros Jogos, disse o porta-voz da equipe de candidatura, Tom Kelly. Os resqu\u00edcios dos Jogos de 2002 est\u00e3o aninhados por toda a cidade e mantiveram a febre ol\u00edmpica viva por mais de duas d\u00e9cadas. Os organizadores dos Jogos de 2034 apregoaram esse entusiasmo duradouro durante todo o processo de sele\u00e7\u00e3o e mostraram aos oficiais ol\u00edmpicos visitantes como eles preservaram os locais usados \u200b\u200bem 2002.<\/p>\n<p>Em sua apresenta\u00e7\u00e3o final ao comit\u00ea ol\u00edmpico na quarta-feira de manh\u00e3, a equipe de candidatura deveria delinear seu plano para um dos layouts mais compactos da hist\u00f3ria ol\u00edmpica, com todos os locais a uma hora de carro da vila dos atletas no campus da Universidade de Utah. O plano n\u00e3o requer nenhuma nova constru\u00e7\u00e3o permanente, com todos os 13 locais j\u00e1 em funcionamento e cada um tendo desempenhado um papel quando a cidade sediou pela primeira vez.<\/p>\n<p>Para o governador de Utah, Spencer Cox, garantir a candidatura foi fundamental para seu objetivo de consolidar o estado como a capital dos esportes de inverno da Am\u00e9rica do Norte. Ele e outros l\u00edderes locais estavam em Paris para a apresenta\u00e7\u00e3o da candidatura, enquanto muitos atletas ol\u00edmpicos de inverno ficaram na cidade para treinar e participar das festividades.<\/p>\n<p>O esquiador estilo livre americano Christopher Lillis, medalhista de ouro nas Olimp\u00edadas de Inverno de 2022 em Pequim, disse que os jogos de 2034 seriam um sonho que se tornaria realidade para jovens com aspira\u00e7\u00f5es ol\u00edmpicas. Salt Lake City cresceu muito desde 2010, quando Lillis disse que sua fam\u00edlia come\u00e7ou a visit\u00e1-la, e ficou mais caro. Lillis tem treinado no vizinho Utah Olympic Park e disse que as instala\u00e7\u00f5es esportivas na \u00e1rea s\u00e3o &#8220;de primeira qualidade&#8221;.<\/p>\n<p>Matthew Lindon, morador h\u00e1 45 anos da comunidade de resorts de esqui de Park City, Utah, onde muitos eventos seriam realizados, disse que a cidade se expandiu consideravelmente desde que ele chegou.<\/p>\n<p>\u201cCom as Olimp\u00edadas de 2002, o lema era: &#39;O mundo \u00e9 bem-vindo aqui&#39;. E o que realmente aconteceu foi que trouxemos Utah para o mundo, e agora somos um resort de esqui de classe mundial\u201d, disse ele.<\/p>\n<div class=\"m-block m-generic-cta\t m-generic-cta--post-content\t m-generic-cta--dark\t m-generic-cta--homepage\t m-generic-cta--email-signup\t\t m-generic-cta-block-style--default \tt-amp__generic-cta\"><\/p>\n<div class=\"m-generic-cta__wrap\">\n<div class=\"m-generic-cta__content\">\n<h3 class=\"m-generic-cta__title\">Receba as \u00faltimas not\u00edcias esportivas de Boston<\/h3>\n<p class=\"m-generic-cta__subtitle\">Receba atualiza\u00e7\u00f5es sobre seus times favoritos de Boston, diretamente da nossa reda\u00e7\u00e3o para sua caixa de entrada.<\/p>\n<\/p><\/div>\n<\/p><\/div>\n<\/div><\/div>\n<p><script>\n\t\tvar consent=\"grant\";\n\t\t\/* The above code is parsing the JSON data from the local storage and storing it in a variable. *\/\n\t\t\t\t\tconst onetrustStorageConsent = JSON.parse(localStorage.getItem( 'consent_one_trust_bdc' ) );\n\t\t\tif ( ( onetrustStorageConsent !== null ) ) {\n\t\t\t\t\/* Checking to see if the user has consented to the use of cookies.\n\t\t\t\t* If they have not, it is deleting the cookie.\n\t\t\t\t* This will comment for now, until further notice.\n\t\t\t\t*\/\n\t\t\t\t\/\/if ( onetrustStorageConsent.C0002 === false ) {\n\t\t\t\t\/\/\tdocument.cookie=\"_fbp=;expires=Thu, 01 Jan 2010 00:00:00 UTC; path=\/; domain=.boston.com\";\n\t\t\t\t\/\/}\n\t\t\t\t\/* Checking if the user has given consent for the cookie C0002.\n\t\t\t\t* If the user has given consent, the variable consent will be set to 'grant'.\n\t\t\t\t* If the user has not given consent,the variable consent will be set to 'revoke'.\n\t\t\t\t* Documentation https:\/\/developers.facebook.com\/docs\/meta-pixel\/implementation\/gdpr\n\t\t\t\t*\/\n\t\t\t\tif ( onetrustStorageConsent.C0002 !== true ) {\n\t\t\t\t\tconsent=\"revoke\";\n\t\t\t\t}\n\t\t\t}\n\t\t\t\t!function(f,b,e,v,n,t,s)\n\t\t{if(f.fbq)return;n=f.fbq=function(){n.callMethod?\n\t\tn.callMethod.apply(n,arguments):n.queue.push(arguments)};\n\t\tif(!f._fbq)f._fbq=n;n.push=n;n.loaded=!0;n.version='2.0';\n\t\tn.queue=[];t=b.createElement(e);t.async=!0;\n\t\tt.src=v;s=b.getElementsByTagName(e)[0];\n\t\ts.parentNode.insertBefore(t,s)}(window, document,'script',\n\t\t'https:\/\/connect.facebook.net\/en_US\/fbevents.js');\n\t\tfbq('consent', consent);\n\t\tfbq('init', '989222871864976');\n\t\tfbq('track', 'PageView');\n\t<\/script><script type=\"module\">\n\t\tvar consent=\"grant\";\n\t\t\/* The above code is parsing the JSON data from the local storage and storing it in a variable. *\/\n\t\t\tconst onetrustStorageConsent = JSON.parse(localStorage.getItem( 'consent_one_trust_bdc' ) );\n\t\t\t\/* Checking to see if the user has consented to the use of cookies.\n\t\t\t* If they have not, it is deleting the cookie.\n\t\t\t* This will comment for now, until further notice.\n\t\t\t*\/\n\t\t\t\/\/if ( onetrustStorageConsent.C0002 === false ) {\n\t\t\t\/\/\tdocument.cookie=\"_fbp=;expires=Thu, 01 Jan 2010 00:00:00 UTC; path=\/; domain=.boston.com\";\n\t\t\t\/\/}\n\t\t\t\/* Checking if the user has given consent for the cookie C0002.\n\t\t\t* If the user has given consent, the variable consent will be set to 'grant'.\n\t\t\t* If the user has not given consent,the variable consent will be set to 'revoke'.\n\t\t\t* Documentation https:\/\/developers.facebook.com\/docs\/meta-pixel\/implementation\/gdpr\n\t\t\t*\/\n\t\t\tif ( ( onetrustStorageConsent !== null ) && (onetrustStorageConsent.C0002 !== true ) ) {\n\t\t\t\tconsent=\"revoke\";\n\t\t\t}\n\t\t\t\t!function(f,b,e,v,n,t,s){if(f.fbq)return;n=f.fbq=function()\n\t\t{n.callMethod? n.callMethod.apply(n,arguments):n.queue.push(arguments)}\n\t\t;if(!f._fbq)f._fbq=n;\n\t\tn.push=n;n.loaded=!0;n.version='2.0';n.queue=[];t=b.createElement(e);t.async=!0;\n\t\tt.src=v;s=b.getElementsByTagName(e)[0];s.parentNode.insertBefore(t,s)}(window,\n\t\tdocument,'script','https:\/\/connect.facebook.net\/en_US\/fbevents.js');\n\t\tfbq('consent', consent);\n\t\tfbq('init', '813236348753005');\n\t\tfbq('track', \"PageView\");\n\t<\/script><br \/>\n<br \/><br \/>\n<br \/><a href=\"https:\/\/www.boston.com\/sports\/sports-news\/2024\/07\/24\/salt-lake-city-celebrates-2034-winter-olympics-announcement\/\">Source link <\/a><\/p>","protected":false},"excerpt":{"rendered":"<p>Not\u00edcias esportivas \u201cO mundo \u00e9 bem-vindo aqui.\u201d O governador de Utah, Spencer Cox, fala sobre a candidatura de Salt Lake City para sediar as Olimp\u00edadas de Inverno de 2034, durante&hellip;<\/p>","protected":false},"author":1,"featured_media":7533,"comment_status":"closed","ping_status":"open","sticky":false,"template":"","format":"standard","meta":{"content-type":"","footnotes":""},"categories":[1],"tags":[],"class_list":["post-7532","post","type-post","status-publish","format-standard","has-post-thumbnail","hentry","category-uncategorized"],"_links":{"self":[{"href":"https:\/\/tvbrazilusa.com\/pt\/wp-json\/wp\/v2\/posts\/7532","targetHints":{"allow":["GET"]}}],"collection":[{"href":"https:\/\/tvbrazilusa.com\/pt\/wp-json\/wp\/v2\/posts"}],"about":[{"href":"https:\/\/tvbrazilusa.com\/pt\/wp-json\/wp\/v2\/types\/post"}],"author":[{"embeddable":true,"href":"https:\/\/tvbrazilusa.com\/pt\/wp-json\/wp\/v2\/users\/1"}],"replies":[{"embeddable":true,"href":"https:\/\/tvbrazilusa.com\/pt\/wp-json\/wp\/v2\/comments?post=7532"}],"version-history":[{"count":1,"href":"https:\/\/tvbrazilusa.com\/pt\/wp-json\/wp\/v2\/posts\/7532\/revisions"}],"predecessor-version":[{"id":7534,"href":"https:\/\/tvbrazilusa.com\/pt\/wp-json\/wp\/v2\/posts\/7532\/revisions\/7534"}],"wp:featuredmedia":[{"embeddable":true,"href":"https:\/\/tvbrazilusa.com\/pt\/wp-json\/wp\/v2\/media\/7533"}],"wp:attachment":[{"href":"https:\/\/tvbrazilusa.com\/pt\/wp-json\/wp\/v2\/media?parent=7532"}],"wp:term":[{"taxonomy":"category","embeddable":true,"href":"https:\/\/tvbrazilusa.com\/pt\/wp-json\/wp\/v2\/categories?post=7532"},{"taxonomy":"post_tag","embeddable":true,"href":"https:\/\/tvbrazilusa.com\/pt\/wp-json\/wp\/v2\/tags?post=7532"}],"curies":[{"name":"wp","href":"https:\/\/api.w.org\/{rel}","templated":true}]}}