{"id":7559,"date":"2024-07-24T14:48:27","date_gmt":"2024-07-24T14:48:27","guid":{"rendered":"https:\/\/tvbrazilusa.com\/2024\/07\/24\/bill-belichick-teria-recusado-oferta-de-coordenador-defensivo-de-kyle-shanahan-do-49ers\/"},"modified":"2024-07-24T15:03:16","modified_gmt":"2024-07-24T15:03:16","slug":"bill-belichick-teria-recusado-oferta-de-coordenador-defensivo-de-kyle-shanahan-do-49ers","status":"publish","type":"post","link":"https:\/\/tvbrazilusa.com\/pt\/2024\/07\/24\/bill-belichick-teria-recusado-oferta-de-coordenador-defensivo-de-kyle-shanahan-do-49ers\/","title":{"rendered":"Bill Belichick teria recusado oferta de coordenador defensivo de Kyle Shanahan, do 49ers"},"content":{"rendered":"<p> <script async src=\"https:\/\/pagead2.googlesyndication.com\/pagead\/js\/adsbygoogle.js?client=ca-pub-8864793242727901\"\r\n     crossorigin=\"anonymous\"><\/script><br \/>\n<\/p>\n<div id=\"\">\n<header class=\"m-article-header m-article-header--standard\">\n\t\t\t\t\t\t\t\t\t\t\t\t<span id=\"article-header-primary-term\"><br \/>\n\t\t\t\t\t\t\t\t<a class=\"a-term a-term--primary\" href=\"https:\/\/www.boston.com\/tag\/new-england-patriots\/\"><\/p>\n<p>\t\t\t\t\t\t\t\tPatriotas\t\t\t\t\t\t\t\t<\/a><br \/>\n\t\t\t\t\t\t\t<\/span><\/p>\n<h2 class=\"m-article-header__sub-headline\">&#8220;Eu sei que ele adora bola em sua forma mais simples, ent\u00e3o eu joguei tudo para ele, o que quer que ele quisesse fazer.&#8221;<\/h2>\n<figure class=\"a-photo m-article-header__photo\"><figcaption class=\"a-photo__caption\">\n<p>\tBill Belichick teria recusado uma chance de se juntar aos 49ers como coordenador defensivo.<em> Foto AP\/Steven Senne<\/em>\t<\/figcaption><\/figure>\n<\/header>\n<p><strong>O \u00faltimo relat\u00f3rio de Bill Belichick<\/strong>:Est\u00e1 estabelecido agora que <a href=\"https:\/\/www.boston.com\/tag\/bill-belichick\/\">Bill Belichick<\/a> n\u00e3o trabalhar\u00e1 em nenhuma equipe da NFL em 2024, embora, mesmo sem uma oferta de treinador principal, pare\u00e7a que ele ainda poderia ter um emprego na pr\u00f3xima temporada.<\/p>\n<p>De acordo com o t\u00e9cnico do 49ers, Kyle Shanahan, Belichick recebeu a oferta do papel no San Francisco. Shanahan revelou a informa\u00e7\u00e3o recentemente durante uma entrevista com \u201c<a href=\"https:\/\/open.spotify.com\/episode\/3WEBVHA35y4eYMktuSj6Mk?si=674eed4eec1f421a&#038;nd=1&#038;dlsi=3620fb0c490e4dd5\">O Show do TK<\/a>\u201d podcast com <a href=\"https:\/\/www.nytimes.com\/athletic\/author\/tim-kawakami\/\"><em>O Atl\u00e9tico<\/em> Tim Kawakami<\/a>.<\/p>\n<p>\u201cEu fiz, eu joguei para ele\u201d, Shanahan <a href=\"https:\/\/www.espn.com\/nfl\/story\/_\/id\/40630351\/kyle-shanahan-says-bill-belichick-declined-offer-join-49ers\">contado<\/a> Kawakami. \u201cEle ama tanto futebol que voc\u00ea nunca sabe o que ele&#8230; N\u00e3o acredito que ele n\u00e3o seja o t\u00e9cnico principal de um time agora. Sei o que faria se fosse dono, ent\u00e3o isso me choca, e a \u00faltima coisa que voc\u00ea quer fazer \u00e9 insultar algu\u00e9m como Bill Belichick. Mas eu sei que ele ama a bola em sua forma mais simples, ent\u00e3o eu joguei tudo para ele, o que quer que ele quisesse fazer.\u201d<\/p>\n<p>Shanahan reconheceu que a oferta nunca ganhou for\u00e7a.<\/p>\n<p>\u201cEu fiquei tipo, &#39;Voc\u00ea estaria interessado?&#39; E ele foi muito legal e grato, mas educadamente me recusou.\u201d<\/p>\n<p>O treinador do 49ers, bicampe\u00e3o da NFC, observou que Belichick est\u00e1 se mantendo ocupado ajudando seu filho (agora assistente na Universidade de Washington).<\/p>\n<p>Belichick tamb\u00e9m ter\u00e1 presen\u00e7a na m\u00eddia na pr\u00f3xima temporada, j\u00e1 que est\u00e1 definido para <a href=\"https:\/\/www.boston.com\/sports\/new-england-patriots\/2024\/07\/11\/bill-belichick-inside-the-nfl-football-cw-broadcast-tv-espn\/\">aparecer<\/a> em \u201cInside the NFL\u201d entre outros pap\u00e9is.<\/p>\n<p>De olho em 2025, Shanahan disse que espera que Belichick retorne.<\/p>\n<p>\u201cTenho certeza de que ele vai voltar para a liga no ano que vem, e eu poderia ir contra ele\u201d, ele previu. \u201cEle poderia estar na NFC West. Teria sido uma droga se ele viesse aqui, e ent\u00e3o ele estivesse indo contra n\u00f3s, ent\u00e3o \u00e9 com isso que voc\u00ea tem que ter cuidado. Mas ele \u00e9 o melhor, e eu simplesmente gosto de conversar com ele.\u201d<\/p>\n<p><strong>Curiosidades<\/strong>:Quantos Super Bowls Bill Belichick ganhou como coordenador defensivo?<\/p>\n<p>(Resposta no final).<\/p>\n<p>Dica: Tudo aconteceu com um time.<\/p>\n<p><strong>Pontua\u00e7\u00f5es e hor\u00e1rios<\/strong>: <\/p>\n<p>O Red Sox obteve uma vit\u00f3ria p\u00f3s-All-Star na noite de ter\u00e7a-feira, quebrando uma sequ\u00eancia de quatro derrotas consecutivas com um <a href=\"https:\/\/www.boston.com\/sports\/boston-red-sox\/2024\/07\/24\/red-sox-rockies-score-recap-tyler-oneill-cooper-criswell\/\">6-0<\/a> vit\u00f3ria sobre os Rockies no Colorado. As duas equipes se enfrentam para a final da s\u00e9rie esta tarde \u00e0s 15h10<\/p>\n<p>Os Patriots d\u00e3o outro passo importante em dire\u00e7\u00e3o \u00e0 temporada de 2024 na quarta-feira, quando o time realiza seu primeiro treino do training camp. \u00c9 um grande dia para o novo t\u00e9cnico Jerod Mayo e o quarterback novato Drake Maye (entre outros).<\/p>\n<p><strong>Alguns dos primeiros coment\u00e1rios dos Patriots<\/strong>:Aqui est\u00e1 um r\u00e1pido resumo dos Patriots enquanto o campo de treinamento come\u00e7a.<\/p>\n<figure class=\"wp-block-embed is-type-video is-provider-youtube wp-block-embed-youtube wp-embed-aspect-16-9 wp-has-aspect-ratio\">\n<p>\n<iframe title=\"\ud83d\udd25 FOOTBALL IS BACK | 2024 Patriots Training Camp HYPE\" width=\"1170\" height=\"658\" src=\"https:\/\/www.youtube.com\/embed\/t6k8XtoINLA?feature=oembed\" frameborder=\"0\" allow=\"accelerometer; autoplay; clipboard-write; encrypted-media; gyroscope; picture-in-picture; web-share\" referrerpolicy=\"strict-origin-when-cross-origin\" allowfullscreen><\/iframe>\n<\/p>\n<\/figure>\n<p><strong>A opini\u00e3o de Devin McCourty<\/strong>: O ex-defensor dos Patriots que virou analista de est\u00fadio compartilhou suas opini\u00f5es sobre Drake Maye.<\/p>\n<figure class=\"wp-block-embed is-type-video is-provider-youtube wp-block-embed-youtube wp-embed-aspect-16-9 wp-has-aspect-ratio\">\n<p>\n<iframe title=\"NBC Sports\u2019 Devin McCourty on Drake Maye\u2019s Chances to Be Patriots QB1 | The Rich Eisen Show\" width=\"1170\" height=\"658\" src=\"https:\/\/www.youtube.com\/embed\/apaPVG-zK1c?feature=oembed\" frameborder=\"0\" allow=\"accelerometer; autoplay; clipboard-write; encrypted-media; gyroscope; picture-in-picture; web-share\" referrerpolicy=\"strict-origin-when-cross-origin\" allowfullscreen><\/iframe>\n<\/p>\n<\/figure>\n<p><strong>Neste dia<\/strong>: Em 2004, um dos momentos mais famosos da rivalidade entre Red Sox e Yankees aconteceu quando Alex Rodriguez, irritado por ter sido atingido por um arremesso do Bronson Arroyo, acabou brigando com o catcher do Boston, Jason Varitek. Foi uma das brigas mais violentas na hist\u00f3ria agitada entre os dois times.<\/p>\n<figure class=\"wp-block-embed is-type-video is-provider-youtube wp-block-embed-youtube wp-embed-aspect-16-9 wp-has-aspect-ratio\">\n<p>\n<iframe title=\"Alex Rodriguez, Jason Varitek spark brawl at Fenway Park\" width=\"1170\" height=\"658\" src=\"https:\/\/www.youtube.com\/embed\/IGuF-Wy_QUc?feature=oembed\" frameborder=\"0\" allow=\"accelerometer; autoplay; clipboard-write; encrypted-media; gyroscope; picture-in-picture; web-share\" referrerpolicy=\"strict-origin-when-cross-origin\" allowfullscreen><\/iframe>\n<\/p>\n<\/figure>\n<p>No final, o Red Sox acabou vencendo um cl\u00e1ssico absoluto de um jogo, <a href=\"https:\/\/www.baseball-reference.com\/boxes\/BOS\/BOS200407240.shtml\">11-10<\/a>. Perdendo na nona entrada, Bill Mueller acertou um walk-off home run de duas corridas contra o lend\u00e1rio fechador dos Yankees, Mariano Rivera. Isso provou ser um precursor da p\u00f3s-temporada milagrosa que viria.<\/p>\n<figure class=\"wp-block-embed is-type-video is-provider-youtube wp-block-embed-youtube wp-embed-aspect-16-9 wp-has-aspect-ratio\">\n<p>\n<iframe title=\"NYY@BOS: Mueller hits a walk-off homer\" width=\"1170\" height=\"658\" src=\"https:\/\/www.youtube.com\/embed\/nlrlQ4qkZJ8?feature=oembed\" frameborder=\"0\" allow=\"accelerometer; autoplay; clipboard-write; encrypted-media; gyroscope; picture-in-picture; web-share\" referrerpolicy=\"strict-origin-when-cross-origin\" allowfullscreen><\/iframe>\n<\/p>\n<\/figure>\n<p><strong>Destaque di\u00e1rio<\/strong>:Aproveite esta sequ\u00eancia de dom\u00ednio do Time EUA na vit\u00f3ria preparat\u00f3ria sobre a Alemanha na ter\u00e7a-feira.<\/p>\n<figure class=\"wp-block-embed is-type-rich is-provider-twitter wp-block-embed-twitter\"\/>\n<p><em>Resposta da curiosidade: Dois (Super Bowl XXI, Super Bowl XXV)<\/em><\/p>\n<div class=\"m-block m-generic-cta\t m-generic-cta--post-content\t m-generic-cta--dark\t m-generic-cta--homepage\t m-generic-cta--email-signup\t\t m-generic-cta-block-style--default \tt-amp__generic-cta\"><\/p>\n<div class=\"m-generic-cta__wrap\">\n<div class=\"m-generic-cta__content\">\n<h3 class=\"m-generic-cta__title\">Inscreva-se para receber atualiza\u00e7\u00f5es dos Patriots\ud83c\udfc8<\/h3>\n<p class=\"m-generic-cta__subtitle\">Receba not\u00edcias de \u00faltima hora e an\u00e1lises na sua caixa de entrada durante a temporada de futebol.<\/p>\n<\/p><\/div>\n<\/p><\/div>\n<\/div><\/div>\n<p><script>\n\t\tvar consent=\"grant\";\n\t\t\/* The above code is parsing the JSON data from the local storage and storing it in a variable. *\/\n\t\t\t\t\tconst onetrustStorageConsent = JSON.parse(localStorage.getItem( 'consent_one_trust_bdc' ) );\n\t\t\tif ( ( onetrustStorageConsent !== null ) ) {\n\t\t\t\t\/* Checking to see if the user has consented to the use of cookies.\n\t\t\t\t* If they have not, it is deleting the cookie.\n\t\t\t\t* This will comment for now, until further notice.\n\t\t\t\t*\/\n\t\t\t\t\/\/if ( onetrustStorageConsent.C0002 === false ) {\n\t\t\t\t\/\/\tdocument.cookie=\"_fbp=;expires=Thu, 01 Jan 2010 00:00:00 UTC; path=\/; domain=.boston.com\";\n\t\t\t\t\/\/}\n\t\t\t\t\/* Checking if the user has given consent for the cookie C0002.\n\t\t\t\t* If the user has given consent, the variable consent will be set to 'grant'.\n\t\t\t\t* If the user has not given consent,the variable consent will be set to 'revoke'.\n\t\t\t\t* Documentation https:\/\/developers.facebook.com\/docs\/meta-pixel\/implementation\/gdpr\n\t\t\t\t*\/\n\t\t\t\tif ( onetrustStorageConsent.C0002 !== true ) {\n\t\t\t\t\tconsent=\"revoke\";\n\t\t\t\t}\n\t\t\t}\n\t\t\t\t!function(f,b,e,v,n,t,s)\n\t\t{if(f.fbq)return;n=f.fbq=function(){n.callMethod?\n\t\tn.callMethod.apply(n,arguments):n.queue.push(arguments)};\n\t\tif(!f._fbq)f._fbq=n;n.push=n;n.loaded=!0;n.version='2.0';\n\t\tn.queue=[];t=b.createElement(e);t.async=!0;\n\t\tt.src=v;s=b.getElementsByTagName(e)[0];\n\t\ts.parentNode.insertBefore(t,s)}(window, document,'script',\n\t\t'https:\/\/connect.facebook.net\/en_US\/fbevents.js');\n\t\tfbq('consent', consent);\n\t\tfbq('init', '989222871864976');\n\t\tfbq('track', 'PageView');\n\t<\/script><script type=\"module\">\n\t\tvar consent=\"grant\";\n\t\t\/* The above code is parsing the JSON data from the local storage and storing it in a variable. *\/\n\t\t\tconst onetrustStorageConsent = JSON.parse(localStorage.getItem( 'consent_one_trust_bdc' ) );\n\t\t\t\/* Checking to see if the user has consented to the use of cookies.\n\t\t\t* If they have not, it is deleting the cookie.\n\t\t\t* This will comment for now, until further notice.\n\t\t\t*\/\n\t\t\t\/\/if ( onetrustStorageConsent.C0002 === false ) {\n\t\t\t\/\/\tdocument.cookie=\"_fbp=;expires=Thu, 01 Jan 2010 00:00:00 UTC; path=\/; domain=.boston.com\";\n\t\t\t\/\/}\n\t\t\t\/* Checking if the user has given consent for the cookie C0002.\n\t\t\t* If the user has given consent, the variable consent will be set to 'grant'.\n\t\t\t* If the user has not given consent,the variable consent will be set to 'revoke'.\n\t\t\t* Documentation https:\/\/developers.facebook.com\/docs\/meta-pixel\/implementation\/gdpr\n\t\t\t*\/\n\t\t\tif ( ( onetrustStorageConsent !== null ) && (onetrustStorageConsent.C0002 !== true ) ) {\n\t\t\t\tconsent=\"revoke\";\n\t\t\t}\n\t\t\t\t!function(f,b,e,v,n,t,s){if(f.fbq)return;n=f.fbq=function()\n\t\t{n.callMethod? n.callMethod.apply(n,arguments):n.queue.push(arguments)}\n\t\t;if(!f._fbq)f._fbq=n;\n\t\tn.push=n;n.loaded=!0;n.version='2.0';n.queue=[];t=b.createElement(e);t.async=!0;\n\t\tt.src=v;s=b.getElementsByTagName(e)[0];s.parentNode.insertBefore(t,s)}(window,\n\t\tdocument,'script','https:\/\/connect.facebook.net\/en_US\/fbevents.js');\n\t\tfbq('consent', consent);\n\t\tfbq('init', '813236348753005');\n\t\tfbq('track', \"PageView\");\n\t<\/script><br \/>\n<br \/><br \/>\n<br \/><a href=\"https:\/\/www.boston.com\/sports\/new-england-patriots\/2024\/07\/24\/bill-belichick-49ers-report-turned-down-defensive-coordinator-offer\/\">Source link <\/a><\/p>","protected":false},"excerpt":{"rendered":"<p>Patriotas &#8220;Eu sei que ele adora bola em sua forma mais simples, ent\u00e3o eu joguei tudo para ele, o que quer que ele quisesse fazer.&#8221; Bill Belichick teria recusado uma&hellip;<\/p>","protected":false},"author":1,"featured_media":7560,"comment_status":"closed","ping_status":"open","sticky":false,"template":"","format":"standard","meta":{"content-type":"","footnotes":""},"categories":[1],"tags":[],"class_list":["post-7559","post","type-post","status-publish","format-standard","has-post-thumbnail","hentry","category-uncategorized"],"_links":{"self":[{"href":"https:\/\/tvbrazilusa.com\/pt\/wp-json\/wp\/v2\/posts\/7559","targetHints":{"allow":["GET"]}}],"collection":[{"href":"https:\/\/tvbrazilusa.com\/pt\/wp-json\/wp\/v2\/posts"}],"about":[{"href":"https:\/\/tvbrazilusa.com\/pt\/wp-json\/wp\/v2\/types\/post"}],"author":[{"embeddable":true,"href":"https:\/\/tvbrazilusa.com\/pt\/wp-json\/wp\/v2\/users\/1"}],"replies":[{"embeddable":true,"href":"https:\/\/tvbrazilusa.com\/pt\/wp-json\/wp\/v2\/comments?post=7559"}],"version-history":[{"count":1,"href":"https:\/\/tvbrazilusa.com\/pt\/wp-json\/wp\/v2\/posts\/7559\/revisions"}],"predecessor-version":[{"id":7561,"href":"https:\/\/tvbrazilusa.com\/pt\/wp-json\/wp\/v2\/posts\/7559\/revisions\/7561"}],"wp:featuredmedia":[{"embeddable":true,"href":"https:\/\/tvbrazilusa.com\/pt\/wp-json\/wp\/v2\/media\/7560"}],"wp:attachment":[{"href":"https:\/\/tvbrazilusa.com\/pt\/wp-json\/wp\/v2\/media?parent=7559"}],"wp:term":[{"taxonomy":"category","embeddable":true,"href":"https:\/\/tvbrazilusa.com\/pt\/wp-json\/wp\/v2\/categories?post=7559"},{"taxonomy":"post_tag","embeddable":true,"href":"https:\/\/tvbrazilusa.com\/pt\/wp-json\/wp\/v2\/tags?post=7559"}],"curies":[{"name":"wp","href":"https:\/\/api.w.org\/{rel}","templated":true}]}}