{"id":75669,"date":"2024-12-13T04:02:54","date_gmt":"2024-12-13T04:02:54","guid":{"rendered":"https:\/\/tvbrazilusa.com\/2024\/12\/13\/o-historico-passeio-de-bicicleta-cross-country-do-atleta-cego-de-broward-brilha-em-novo-documentario-wsvn-7news-noticias-de-miami-clima-esportes-fort-lauderdale\/"},"modified":"2024-12-13T04:15:12","modified_gmt":"2024-12-13T04:15:12","slug":"o-historico-passeio-de-bicicleta-cross-country-do-atleta-cego-de-broward-brilha-em-novo-documentario-wsvn-7news-noticias-de-miami-clima-esportes-fort-lauderdale","status":"publish","type":"post","link":"https:\/\/tvbrazilusa.com\/pt\/2024\/12\/13\/o-historico-passeio-de-bicicleta-cross-country-do-atleta-cego-de-broward-brilha-em-novo-documentario-wsvn-7news-noticias-de-miami-clima-esportes-fort-lauderdale\/","title":{"rendered":"O hist\u00f3rico passeio de bicicleta cross-country do atleta cego de Broward brilha em novo document\u00e1rio &#8211; WSVN 7News | Not\u00edcias de Miami, clima, esportes | Fort Lauderdale"},"content":{"rendered":"<p> <script async src=\"https:\/\/pagead2.googlesyndication.com\/pagead\/js\/adsbygoogle.js?client=ca-pub-8864793242727901\"\r\n     crossorigin=\"anonymous\"><\/script><br \/>\n<\/p>\n<div itemprop=\"articleBody\">\n<p>(WSVN) &#8211; Uma mulher do sul da Fl\u00f3rida fez hist\u00f3ria ao se tornar a primeira pessoa cega a cruzar o pa\u00eds sozinha de bicicleta. Sua jornada \u00e9pica \u00e9 agora o foco de um novo document\u00e1rio. Heather Walker tem o 7 Spotlight desta noite.<\/p>\n<p>Na neve e na chuva.<\/p>\n<p>Shawn Cheshire: \u201c\u00c9 meio dif\u00edcil acreditar que isso est\u00e1 realmente acontecendo.\u201d<\/p>\n<p>De Oregon a Virginia Beach, Shawn Cheshire embarcou em uma aventura de bicicleta que \u00e9 dif\u00edcil mesmo nas melhores circunst\u00e2ncias.<\/p>\n<p>Mas Shawn \u00e9 cego.<\/p>\n<p>Shawn Cheshire: \u201cA ideia foi minha e perguntei aos meus amigos e pensei: &#8216;Ei, voc\u00eas podem me ajudar a descobrir como fazer isso?&#8217;\u201d<\/p>\n<p>E eles disseram?<\/p>\n<p>Shawn Cheshire: \u201c&#8217;Voc\u00ea \u00e9 louco. OK, porque eles sabiam que eu tentaria descobrir uma maneira de fazer isso de qualquer maneira.\u201d<\/p>\n<p>Shawn mora em Lauderdale-By-The-Sea com seu c\u00e3o-guia Nick. Ela n\u00e3o nasceu cega.<\/p>\n<p>A veterana do Ex\u00e9rcito come\u00e7ou a perder a vis\u00e3o em 2009, aos 36 anos, ap\u00f3s cair enquanto trabalhava como param\u00e9dica.<\/p>\n<p>Shawn Cheshire: \u201cUm ferimento fechado na cabe\u00e7a. Foi uma les\u00e3o cerebral traum\u00e1tica. N\u00e3o me lembro do acidente.\u201d<\/p>\n<p>O que ela lembra \u00e9 da perda gradual de sua vis\u00e3o.<\/p>\n<p>Shawn Cheshire: \u201cMeu campo visual come\u00e7ou, tipo, se eu estivesse olhando como se s\u00f3 pudesse ver aqui. E ent\u00e3o, ao longo do ano e meio seguinte, tudo meio que deu em nada. \u00c9 assustador. Acho que fiquei paralisado de medo e tristeza. Tentei tirar minha vida duas vezes.\u201d<\/p>\n<p>Mas Shawn perseverou, come\u00e7ando a se esfor\u00e7ar \u2013 mental e fisicamente. Ela come\u00e7ou a andar de bicicleta.<\/p>\n<p>Shawn Cheshire: \u201cAcho que era desconhecido, estava perdido e isso me deu um prop\u00f3sito.\u201d<\/p>\n<p>Ela competiu nas Paraolimp\u00edadas de 2016, na garupa de uma bicicleta tandem com uma pessoa que enxerga.<\/p>\n<p>Mas sua viagem hist\u00f3rica em 2021 pela Am\u00e9rica seria diferente: ela cavalgaria sozinha.<\/p>\n<p>Shawn Cheshire: \u201cNas primeiras duas semanas, eu pensei, nunca vou conseguir. Foi t\u00e3o mental e emocionalmente exaustivo.\u201d<\/p>\n<p>Guia: \u201cOK, vire um pouco \u00e0 direita, levante, volte \u00e0 esquerda.\u201d<\/p>\n<p>A equipe de Shawn a guiou pelos alto-falantes do capacete.<\/p>\n<p>Shawn Cheshire: \u201cPortanto, \u00e9 apenas conversa constante e som constante.\u201d<\/p>\n<p>Uma equipe de filmagem capturou a viagem de 60 dias em um document\u00e1rio chamado \u201cBlind AF\u201d, mostrando a jornada perigosa e sem precedentes.<\/p>\n<p>Shawn Cheshire: \u201cVento, solavancos, tudo me afetou de forma diferente, porque como uma pessoa com vis\u00e3o, voc\u00ea pode se preparar para isso e tudo me surpreendeu.\u201d<\/p>\n<p>Os cineastas trabalharam com Shawn para criar anima\u00e7\u00f5es de ponto de vista, para que os espectadores pudessem ver como ela vivencia o mundo.<\/p>\n<p>E o document\u00e1rio \u00e9 mais do que um passeio de bicicleta. Tamb\u00e9m explora traumas no passado de Shawn antes do acidente, desde abuso infantil at\u00e9 viol\u00eancia dom\u00e9stica.<\/p>\n<p>Shawn Cheshire: \u201cAo assistir ao document\u00e1rio, voc\u00ea ver\u00e1 a cura em movimento.\u201d<\/p>\n<p>O document\u00e1rio acaba de ser exibido em <a href=\"https:\/\/miamilighthouse.org\/\" target=\"_blank\" rel=\"noreferrer noopener\">Farol de Miami para Cegos<\/a>. Shawn espera que chegue \u00e0s crian\u00e7as com defici\u00eancia visual, que ela chama de \u201cnossos futuros aventureiros\u201d.<\/p>\n<p>Shawn Cheshire: \u201cTalvez isso os inspire a se esfor\u00e7ar e ficar com medo, mas ainda assim fazer alguma coisa, ou talvez apenas ajude algu\u00e9m a n\u00e3o se sentir sozinho.\u201d<\/p>\n<p>E sim, o \u201cAF\u201d no t\u00edtulo do filme significa.<\/p>\n<p>Shawn Cheshire: \u201cComo [expletive]. <a href=\"https:\/\/www.instagram.com\/ginalevay\/?igsh=bDR4ZGJ1eTB6eXlz\" target=\"_blank\" rel=\"noreferrer noopener\">Cego como [expletive]<\/a>. Todo mundo que me conhece, quando ouve o nome do document\u00e1rio, pensa: &#8216;Ah, sim, isso \u00e9 <a href=\"https:\/\/www.instagram.com\/shawn_cheshire\/?igsh=ajIxa3dpbGFpbDl6\" target=\"_blank\" rel=\"noreferrer noopener\">Shawn.<\/a>&#8216;\u201d<\/p>\n<p>Uma palavra de quatro letras que, neste caso, tem menos a ver com palavr\u00f5es e mais com perseveran\u00e7a.<\/p>\n<p>Heather Walker, 7News.<\/p>\n<p><strong>Se voc\u00ea conhece uma pessoa, lugar ou grupo que acha que devemos destacar, envie-nos um email para <a href=\"https:\/\/wsvn.com\/news\/7spotlight\/blind-broward-athletes-historic-cross-country-bike-ride-shines-in-new-documentary\/mailto:7spotlight@wsvn.com\" target=\"_blank\" rel=\"noreferrer noopener\">7spotlight@wsvn.com<\/a>.<\/strong><\/p>\n<p><em>Copyright 2024 Sunbeam Television Corp. Todos os direitos reservados. Este material n\u00e3o pode ser publicado, transmitido, reescrito ou redistribu\u00eddo.<\/em><\/p>\n<div class=\"wp-block-newsletter\">\n\t<strong class=\"wp-block-newsletter__title\">Cadastre-se em nosso boletim informativo para receber as \u00faltimas not\u00edcias diretamente em sua caixa de entrada<\/strong><\/p>\n<\/div><\/div>\n<p><script async src=\"\/\/www.instagram.com\/embed.js\"><\/script><br \/>\n<br \/><br \/>\n<br \/><a href=\"https:\/\/wsvn.com\/news\/7spotlight\/blind-broward-athletes-historic-cross-country-bike-ride-shines-in-new-documentary\/\">Source link <\/a><\/p>","protected":false},"excerpt":{"rendered":"<p>(WSVN) &#8211; Uma mulher do sul da Fl\u00f3rida fez hist\u00f3ria ao se tornar a primeira pessoa cega a cruzar o pa\u00eds sozinha de bicicleta. Sua jornada \u00e9pica \u00e9 agora o&hellip;<\/p>","protected":false},"author":1,"featured_media":75670,"comment_status":"closed","ping_status":"open","sticky":false,"template":"","format":"standard","meta":{"content-type":"","footnotes":""},"categories":[1],"tags":[],"class_list":["post-75669","post","type-post","status-publish","format-standard","has-post-thumbnail","hentry","category-uncategorized"],"_links":{"self":[{"href":"https:\/\/tvbrazilusa.com\/pt\/wp-json\/wp\/v2\/posts\/75669","targetHints":{"allow":["GET"]}}],"collection":[{"href":"https:\/\/tvbrazilusa.com\/pt\/wp-json\/wp\/v2\/posts"}],"about":[{"href":"https:\/\/tvbrazilusa.com\/pt\/wp-json\/wp\/v2\/types\/post"}],"author":[{"embeddable":true,"href":"https:\/\/tvbrazilusa.com\/pt\/wp-json\/wp\/v2\/users\/1"}],"replies":[{"embeddable":true,"href":"https:\/\/tvbrazilusa.com\/pt\/wp-json\/wp\/v2\/comments?post=75669"}],"version-history":[{"count":1,"href":"https:\/\/tvbrazilusa.com\/pt\/wp-json\/wp\/v2\/posts\/75669\/revisions"}],"predecessor-version":[{"id":75671,"href":"https:\/\/tvbrazilusa.com\/pt\/wp-json\/wp\/v2\/posts\/75669\/revisions\/75671"}],"wp:featuredmedia":[{"embeddable":true,"href":"https:\/\/tvbrazilusa.com\/pt\/wp-json\/wp\/v2\/media\/75670"}],"wp:attachment":[{"href":"https:\/\/tvbrazilusa.com\/pt\/wp-json\/wp\/v2\/media?parent=75669"}],"wp:term":[{"taxonomy":"category","embeddable":true,"href":"https:\/\/tvbrazilusa.com\/pt\/wp-json\/wp\/v2\/categories?post=75669"},{"taxonomy":"post_tag","embeddable":true,"href":"https:\/\/tvbrazilusa.com\/pt\/wp-json\/wp\/v2\/tags?post=75669"}],"curies":[{"name":"wp","href":"https:\/\/api.w.org\/{rel}","templated":true}]}}