{"id":75712,"date":"2024-12-13T10:07:50","date_gmt":"2024-12-13T10:07:50","guid":{"rendered":"https:\/\/tvbrazilusa.com\/2024\/12\/13\/lula-continua-na-uti-com-febre-e-sintomas-gripais-veja-detalhes\/"},"modified":"2024-12-13T10:07:52","modified_gmt":"2024-12-13T10:07:52","slug":"lula-continua-na-uti-com-febre-e-sintomas-gripais-veja-detalhes","status":"publish","type":"post","link":"https:\/\/tvbrazilusa.com\/pt\/2024\/12\/13\/lula-continua-na-uti-com-febre-e-sintomas-gripais-veja-detalhes\/","title":{"rendered":"Lula continua na UTI com febre e sintomas gripais; veja detalhes"},"content":{"rendered":"<p> <script async src=\"https:\/\/pagead2.googlesyndication.com\/pagead\/js\/adsbygoogle.js?client=ca-pub-8864793242727901\"\r\n     crossorigin=\"anonymous\"><\/script><br \/>\n<\/p>\n<div>\n<figure class=\"post-image\">\n<\/figure>\n<p>            <span style=\"font-size: 12px\">Ricardo Stuckert\/PR <\/span><\/p>\n<p>            <!-- end metas --><br \/>\n            <!-- ADS --><\/p>\n<div id=\"taboola-read-more\" style=\"display:block; width:100%\">\n<p>No in\u00edcio desta semana, o presidente do Brasil, Luiz In\u00e1cio Lula da Silva, foi internado em S\u00e3o Paulo para procedimentos m\u00e9dicos. Esta situa\u00e7\u00e3o chamou a aten\u00e7\u00e3o do pa\u00eds, devido \u00e0 natureza delicada dos procedimentos e \u00e0 posi\u00e7\u00e3o importante que ele ocupa. A jornada cl\u00ednica de Lula iniciou-se com sintomas reminiscentes de uma gripe comum, incluindo febre alta.\n<\/p>\n<p>Nesta quinta-feira (12\/12), durante uma confer\u00eancia de imprensa realizada pela equipe m\u00e9dica no Hospital S\u00edrio-Liban\u00eas, foi mencionado que o presidente encontrou-se est\u00e1vel ap\u00f3s realizar uma emboliza\u00e7\u00e3o nas art\u00e9rias men\u00edngeas. Este tipo de cateterismo na cabe\u00e7a era essencial para a sua recupera\u00e7\u00e3o, ap\u00f3s uma indica\u00e7\u00e3o inicial de condi\u00e7\u00f5es semelhantes a uma infec\u00e7\u00e3o viral.<\/p>\n<p>Como est\u00e1 a Recupera\u00e7\u00e3o de Lula?\n<\/p>\n<p>Ap\u00f3s os procedimentos, a recupera\u00e7\u00e3o do presidente apresentou sinais de melhoria. De acordo com os m\u00e9dicos respons\u00e1veis, o diagn\u00f3stico inicial, semelhante a um quadro gripal, foi controlado. O renomado Dr. Roberto Kalil afirmou que Lula encontra-se em condi\u00e7\u00f5es est\u00e1veis, com todos os sinais vitais e fun\u00e7\u00f5es neurol\u00f3gicas normais.\n<\/p>\n<\/p><\/div>\n<p>                        <!-- Scripts para conteudo --><\/p>\n<p>            <!-- .\/Scripts para conteudo --><br \/>\n            <!-- .\/Mat\u00e9ria --><\/p>\n<div class=\"row mt-3\">\n<div class=\"col-sm-6\">\n                <!-- Whatsapp channel 3--><br \/>\n                <a href=\"https:\/\/chat.whatsapp.com\/J6hwSKYns5B0XFowx2wZ0P\" target=\"_blank\"><br \/>\n                  <img decoding=\"async\" src=\"https:\/\/diariodobrasilnoticias.com.br\/assets-site\/images\/bot_whatsapp.png\"\/><\/a>\n              <\/div>\n<div class=\"col-sm-6\">\n                <a href=\"https:\/\/t.me\/+_4gTmi5LKo03OTM5\" target=\"_blank\"><br \/>\n                  <img decoding=\"async\" src=\"https:\/\/diariodobrasilnoticias.com.br\/assets-site\/images\/bot_telegram.png\"\/><\/a>\n              <\/div>\n<\/p><\/div>\n<p>            <!-- end post-navigation --><\/p>\n<p>              <!-- end row --><\/p>\n<p>              <!-- end col-12-->\n                      <\/div>\n<p><br \/>\n<br \/><a href=\"https:\/\/diariodobrasilnoticias.com.br\/noticia\/lula-continua-na-uti-com-febre-e-sintomas-gripais-veja-detalhes-675c065f5fb35\">Source link <\/a><\/p>","protected":false},"excerpt":{"rendered":"<p>Ricardo Stuckert\/PR No in\u00edcio desta semana, o presidente do Brasil, Luiz In\u00e1cio Lula da Silva, foi internado em S\u00e3o Paulo para procedimentos m\u00e9dicos. Esta situa\u00e7\u00e3o chamou a aten\u00e7\u00e3o do pa\u00eds,&hellip;<\/p>","protected":false},"author":1,"featured_media":75713,"comment_status":"closed","ping_status":"open","sticky":false,"template":"","format":"standard","meta":{"content-type":"","footnotes":""},"categories":[16],"tags":[123,2448,5313,1267],"class_list":["post-75712","post","type-post","status-publish","format-standard","has-post-thumbnail","hentry","category-noticias","tag-brasil","tag-diario","tag-noticia","tag-noticias"],"_links":{"self":[{"href":"https:\/\/tvbrazilusa.com\/pt\/wp-json\/wp\/v2\/posts\/75712","targetHints":{"allow":["GET"]}}],"collection":[{"href":"https:\/\/tvbrazilusa.com\/pt\/wp-json\/wp\/v2\/posts"}],"about":[{"href":"https:\/\/tvbrazilusa.com\/pt\/wp-json\/wp\/v2\/types\/post"}],"author":[{"embeddable":true,"href":"https:\/\/tvbrazilusa.com\/pt\/wp-json\/wp\/v2\/users\/1"}],"replies":[{"embeddable":true,"href":"https:\/\/tvbrazilusa.com\/pt\/wp-json\/wp\/v2\/comments?post=75712"}],"version-history":[{"count":1,"href":"https:\/\/tvbrazilusa.com\/pt\/wp-json\/wp\/v2\/posts\/75712\/revisions"}],"predecessor-version":[{"id":75714,"href":"https:\/\/tvbrazilusa.com\/pt\/wp-json\/wp\/v2\/posts\/75712\/revisions\/75714"}],"wp:featuredmedia":[{"embeddable":true,"href":"https:\/\/tvbrazilusa.com\/pt\/wp-json\/wp\/v2\/media\/75713"}],"wp:attachment":[{"href":"https:\/\/tvbrazilusa.com\/pt\/wp-json\/wp\/v2\/media?parent=75712"}],"wp:term":[{"taxonomy":"category","embeddable":true,"href":"https:\/\/tvbrazilusa.com\/pt\/wp-json\/wp\/v2\/categories?post=75712"},{"taxonomy":"post_tag","embeddable":true,"href":"https:\/\/tvbrazilusa.com\/pt\/wp-json\/wp\/v2\/tags?post=75712"}],"curies":[{"name":"wp","href":"https:\/\/api.w.org\/{rel}","templated":true}]}}