{"id":75827,"date":"2024-12-13T14:54:29","date_gmt":"2024-12-13T14:54:29","guid":{"rendered":"https:\/\/tvbrazilusa.com\/2024\/12\/13\/corpo-transportado-em-teto-de-carro-intriga-motoristas-veja-video\/"},"modified":"2024-12-13T14:54:31","modified_gmt":"2024-12-13T14:54:31","slug":"corpo-transportado-em-teto-de-carro-intriga-motoristas-veja-video","status":"publish","type":"post","link":"https:\/\/tvbrazilusa.com\/pt\/2024\/12\/13\/corpo-transportado-em-teto-de-carro-intriga-motoristas-veja-video\/","title":{"rendered":"&#8216;Corpo&#8217; transportado em teto de carro intriga motoristas; VEJA V\u00cdDEO"},"content":{"rendered":"<p> <script async src=\"https:\/\/pagead2.googlesyndication.com\/pagead\/js\/adsbygoogle.js?client=ca-pub-8864793242727901\"\r\n     crossorigin=\"anonymous\"><\/script><br \/>\n<\/p>\n<div id=\"taboola-read-more\" style=\"display:block; width:100%\">\n<p>Uma cena inusitada chamou aten\u00e7\u00e3o na Avenida Brasil, no Rio de Janeiro, e ganhou as redes sociais na tarde desta ter\u00e7a-feira (10). Um v\u00eddeo compartilhado por um motorista mostra um carro trafegando com algo que aparenta ser um \u201ccorpo\u201d na parte de cima do ve\u00edculo.\n<\/p>\n<p>A situa\u00e7\u00e3o gerou rea\u00e7\u00f5es divertidas e teorias diversas entre os internautas, que se apressaram em tentar desvendar o mist\u00e9rio.<\/p>\n<p>Sem confirma\u00e7\u00e3o sobre o que de fato estava sendo transportado, muitas pessoas especularam que o &#8220;corpo&#8221; poderia ser um manequim ou at\u00e9 mesmo um &#8220;Papai Noel&#8221;. Nos coment\u00e1rios do v\u00eddeo, opini\u00f5es descontra\u00eddas dominaram.\n<\/p>\n<p>\u201cTem gente achando que \u00e9 um Papai Noel. E outros, um morto&#8230; Eu fico com um Papai Noel morto, pronto!\u201d, escreveu Ot\u00e1vio Oliveira.\n<\/p>\n<p>\u201cCerteza que pediu o motorista pra jogar pra pr\u00f3xima\u201d, brincou Wendell Knupp com a situa\u00e7\u00e3o.\n<\/p>\n<p>Veja o v\u00eddeo\n<\/p>\n<p>Fonte: Enfoco              <\/p>\n<\/div>\n<p><br \/>\n<br \/><a href=\"https:\/\/diariodobrasilnoticias.com.br\/noticia\/-corpo-transportado-em-teto-de-carro-intriga-motoristas-veja-video-675c283c41d8f\">Source link <\/a><\/p>","protected":false},"excerpt":{"rendered":"<p>Uma cena inusitada chamou aten\u00e7\u00e3o na Avenida Brasil, no Rio de Janeiro, e ganhou as redes sociais na tarde desta ter\u00e7a-feira (10). Um v\u00eddeo compartilhado por um motorista mostra um&hellip;<\/p>","protected":false},"author":1,"featured_media":75828,"comment_status":"closed","ping_status":"open","sticky":false,"template":"","format":"standard","meta":{"content-type":"","footnotes":""},"categories":[16],"tags":[123,2448,5313,1267],"class_list":["post-75827","post","type-post","status-publish","format-standard","has-post-thumbnail","hentry","category-noticias","tag-brasil","tag-diario","tag-noticia","tag-noticias"],"_links":{"self":[{"href":"https:\/\/tvbrazilusa.com\/pt\/wp-json\/wp\/v2\/posts\/75827","targetHints":{"allow":["GET"]}}],"collection":[{"href":"https:\/\/tvbrazilusa.com\/pt\/wp-json\/wp\/v2\/posts"}],"about":[{"href":"https:\/\/tvbrazilusa.com\/pt\/wp-json\/wp\/v2\/types\/post"}],"author":[{"embeddable":true,"href":"https:\/\/tvbrazilusa.com\/pt\/wp-json\/wp\/v2\/users\/1"}],"replies":[{"embeddable":true,"href":"https:\/\/tvbrazilusa.com\/pt\/wp-json\/wp\/v2\/comments?post=75827"}],"version-history":[{"count":1,"href":"https:\/\/tvbrazilusa.com\/pt\/wp-json\/wp\/v2\/posts\/75827\/revisions"}],"predecessor-version":[{"id":75829,"href":"https:\/\/tvbrazilusa.com\/pt\/wp-json\/wp\/v2\/posts\/75827\/revisions\/75829"}],"wp:featuredmedia":[{"embeddable":true,"href":"https:\/\/tvbrazilusa.com\/pt\/wp-json\/wp\/v2\/media\/75828"}],"wp:attachment":[{"href":"https:\/\/tvbrazilusa.com\/pt\/wp-json\/wp\/v2\/media?parent=75827"}],"wp:term":[{"taxonomy":"category","embeddable":true,"href":"https:\/\/tvbrazilusa.com\/pt\/wp-json\/wp\/v2\/categories?post=75827"},{"taxonomy":"post_tag","embeddable":true,"href":"https:\/\/tvbrazilusa.com\/pt\/wp-json\/wp\/v2\/tags?post=75827"}],"curies":[{"name":"wp","href":"https:\/\/api.w.org\/{rel}","templated":true}]}}