{"id":75838,"date":"2024-12-13T15:12:05","date_gmt":"2024-12-13T15:12:05","guid":{"rendered":"https:\/\/tvbrazilusa.com\/2024\/12\/13\/bomba-meta-critica-o-stf-nenhuma-grande-democracia-tentou-implementar-regras-como-as-propostas-pelo-stf\/"},"modified":"2024-12-13T15:12:07","modified_gmt":"2024-12-13T15:12:07","slug":"bomba-meta-critica-o-stf-nenhuma-grande-democracia-tentou-implementar-regras-como-as-propostas-pelo-stf","status":"publish","type":"post","link":"https:\/\/tvbrazilusa.com\/pt\/2024\/12\/13\/bomba-meta-critica-o-stf-nenhuma-grande-democracia-tentou-implementar-regras-como-as-propostas-pelo-stf\/","title":{"rendered":"BOMBA: Meta Critica o STF: &#8216;Nenhuma Grande Democracia Tentou Implementar Regras como as Propostas pelo STF&#8217;"},"content":{"rendered":"<p> <script async src=\"https:\/\/pagead2.googlesyndication.com\/pagead\/js\/adsbygoogle.js?client=ca-pub-8864793242727901\"\r\n     crossorigin=\"anonymous\"><\/script><br \/>\n<\/p>\n<div id=\"taboola-read-more\" style=\"display:block; width:100%\">\n<p>Em um movimento que tem gerado debate em todo o Brasil, a Meta, empresa controladora do Instagram, WhatsApp e Facebook, emitiu uma cr\u00edtica direta ao Supremo Tribunal Federal (STF) sobre a proposta de regulamenta\u00e7\u00e3o das redes sociais no pa\u00eds. A declara\u00e7\u00e3o veio \u00e0 tona ap\u00f3s o julgamento que discute a responsabilidade das plataformas digitais sobre o conte\u00fado gerado por usu\u00e1rios.\n<\/p>\n<p>&#8220;Nenhuma grande democracia no mundo jamais tentou implementar um regime de responsabilidade para plataformas digitais semelhante ao que foi sugerido at\u00e9 aqui no julgamento no STF&#8221;, afirmou a Meta em nota publicada nesta quinta-feira (12). A empresa destacou que tal proposta n\u00e3o encontra paralelo em grandes democracias como os Estados Unidos, Uni\u00e3o Europeia e Alemanha, onde as regulamenta\u00e7\u00f5es sobre conte\u00fado digital s\u00e3o bastante distintas e, em muitos aspectos, menos onerosas.<\/p>\n<p>O julgamento em quest\u00e3o come\u00e7ou no dia 27 de novembro e envolve dois recursos que discutem a modera\u00e7\u00e3o de conte\u00fado e a responsabilidade civil das plataformas digitais em rela\u00e7\u00e3o a postagens de terceiros. At\u00e9 agora, os votos dos ministros Dias Toffoli e Luiz Fux j\u00e1 foram registrados, ambos sugerindo uma mudan\u00e7a no regime de responsabilidade atual, que s\u00f3 responsabiliza as plataformas ap\u00f3s uma ordem judicial espec\u00edfica.\n<\/p>\n<p>Toffoli prop\u00f4s que as plataformas deveriam remover conte\u00fados problem\u00e1ticos, como inverdades sobre democracia e elei\u00e7\u00f5es ou incita\u00e7\u00e3o \u00e0 viol\u00eancia contra grupos vulner\u00e1veis, de forma imediata e sem necessidade de notifica\u00e7\u00e3o judicial. Fux, por sua vez, defendeu um monitoramento ativo de conte\u00fados que veiculem discurso de \u00f3dio, racismo e outras formas de viola\u00e7\u00e3o grave, mas com uma abordagem ligeiramente mais restrita que a de Toffoli.\n<\/p>\n<p>A cr\u00edtica da Meta reflete preocupa\u00e7\u00f5es sobre o impacto que essa mudan\u00e7a poderia ter na liberdade de express\u00e3o e na opera\u00e7\u00e3o de plataformas digitais no Brasil. A empresa argumenta que o regime proposto poderia levar a uma superexposi\u00e7\u00e3o ao risco legal, onde as plataformas seriam for\u00e7adas a adotar uma pol\u00edtica de remo\u00e7\u00e3o excessiva de conte\u00fado para evitar poss\u00edveis lit\u00edgios.<\/p>\n<p>Por J\u00fanior Melo              <\/p>\n<\/div>\n<p><br \/>\n<br \/><a href=\"https:\/\/diariodobrasilnoticias.com.br\/noticia\/bomba-meta-critica-o-stf-nenhuma-grande-democracia-tentou-implementar-regras-como-as-propostas-pelo-stf-675c268ba887a\">Source link <\/a><\/p>","protected":false},"excerpt":{"rendered":"<p>Em um movimento que tem gerado debate em todo o Brasil, a Meta, empresa controladora do Instagram, WhatsApp e Facebook, emitiu uma cr\u00edtica direta ao Supremo Tribunal Federal (STF) sobre&hellip;<\/p>","protected":false},"author":1,"featured_media":75839,"comment_status":"closed","ping_status":"open","sticky":false,"template":"","format":"standard","meta":{"content-type":"","footnotes":""},"categories":[16],"tags":[123,2448,5313,1267],"class_list":["post-75838","post","type-post","status-publish","format-standard","has-post-thumbnail","hentry","category-noticias","tag-brasil","tag-diario","tag-noticia","tag-noticias"],"_links":{"self":[{"href":"https:\/\/tvbrazilusa.com\/pt\/wp-json\/wp\/v2\/posts\/75838","targetHints":{"allow":["GET"]}}],"collection":[{"href":"https:\/\/tvbrazilusa.com\/pt\/wp-json\/wp\/v2\/posts"}],"about":[{"href":"https:\/\/tvbrazilusa.com\/pt\/wp-json\/wp\/v2\/types\/post"}],"author":[{"embeddable":true,"href":"https:\/\/tvbrazilusa.com\/pt\/wp-json\/wp\/v2\/users\/1"}],"replies":[{"embeddable":true,"href":"https:\/\/tvbrazilusa.com\/pt\/wp-json\/wp\/v2\/comments?post=75838"}],"version-history":[{"count":1,"href":"https:\/\/tvbrazilusa.com\/pt\/wp-json\/wp\/v2\/posts\/75838\/revisions"}],"predecessor-version":[{"id":75840,"href":"https:\/\/tvbrazilusa.com\/pt\/wp-json\/wp\/v2\/posts\/75838\/revisions\/75840"}],"wp:featuredmedia":[{"embeddable":true,"href":"https:\/\/tvbrazilusa.com\/pt\/wp-json\/wp\/v2\/media\/75839"}],"wp:attachment":[{"href":"https:\/\/tvbrazilusa.com\/pt\/wp-json\/wp\/v2\/media?parent=75838"}],"wp:term":[{"taxonomy":"category","embeddable":true,"href":"https:\/\/tvbrazilusa.com\/pt\/wp-json\/wp\/v2\/categories?post=75838"},{"taxonomy":"post_tag","embeddable":true,"href":"https:\/\/tvbrazilusa.com\/pt\/wp-json\/wp\/v2\/tags?post=75838"}],"curies":[{"name":"wp","href":"https:\/\/api.w.org\/{rel}","templated":true}]}}