{"id":75855,"date":"2024-12-13T15:38:37","date_gmt":"2024-12-13T15:38:37","guid":{"rendered":"https:\/\/tvbrazilusa.com\/2024\/12\/13\/zeca-pagodinho-anuncia-pausa-na-carreira-saiba-o-motivo\/"},"modified":"2024-12-13T15:38:38","modified_gmt":"2024-12-13T15:38:38","slug":"zeca-pagodinho-anuncia-pausa-na-carreira-saiba-o-motivo","status":"publish","type":"post","link":"https:\/\/tvbrazilusa.com\/pt\/2024\/12\/13\/zeca-pagodinho-anuncia-pausa-na-carreira-saiba-o-motivo\/","title":{"rendered":"Zeca Pagodinho anuncia pausa na carreira; saiba o motivo"},"content":{"rendered":"<p> <script async src=\"https:\/\/pagead2.googlesyndication.com\/pagead\/js\/adsbygoogle.js?client=ca-pub-8864793242727901\"\r\n     crossorigin=\"anonymous\"><\/script><br \/>\n<\/p>\n<div id=\"taboola-read-more\" style=\"display:block; width:100%\">\n<p>O cantor Zeca Pagodinho, aos 65 anos, revelou que planeja dar uma pausa em sua carreira musical. A decis\u00e3o veio ap\u00f3s uma turn\u00ea especial em celebra\u00e7\u00e3o aos seus 40 anos de trajet\u00f3ria art\u00edstica.\n<\/p>\n<p>Durante esse per\u00edodo, Zeca pretende se dedicar integralmente \u00e0 fam\u00edlia, aproveitando mais momentos ao lado dos filhos e netos. A turn\u00ea passou por v\u00e1rias cidades no Brasil e tamb\u00e9m teve apresenta\u00e7\u00f5es internacionais, marcando essa fase de transi\u00e7\u00e3o na vida do artista.<\/p>\n<p>O \u00faltimo compromisso do pagodeiro ser\u00e1 no pr\u00f3ximo dia 21, no Farmasi Arena, no Rio. Zeca pretende ficar ao menos cinco meses sem tarefas profissionais.\n<\/p>\n<p>O sambista s\u00f3 voltar\u00e1 aos palcos em junho de 2025, seguindo com a celebra\u00e7\u00e3o das quatro d\u00e9cadas de trajet\u00f3ria. \u201cDurante este tempo, ele ir\u00e1 se dedicar \u00e0 fam\u00edlia e principalmente aos seis netos, o s\u00e9timo chegar\u00e1 em abril, e tamb\u00e9m formatar novos projetos art\u00edsticos\u201d, disse a assessoria do artista.\n<\/p>\n<p>Com informa\u00e7\u00f5es de Metr\u00f3poles\n<\/p>\n<p>Fonte: Portal Grande Ponto              <\/p>\n<\/div>\n<p><br \/>\n<br \/><a href=\"https:\/\/diariodobrasilnoticias.com.br\/noticia\/zeca-pagodinho-anuncia-pausa-na-carreira-saiba-o-motivo-675c2b6717fdb\">Source link <\/a><\/p>","protected":false},"excerpt":{"rendered":"<p>O cantor Zeca Pagodinho, aos 65 anos, revelou que planeja dar uma pausa em sua carreira musical. A decis\u00e3o veio ap\u00f3s uma turn\u00ea especial em celebra\u00e7\u00e3o aos seus 40 anos&hellip;<\/p>","protected":false},"author":1,"featured_media":75856,"comment_status":"closed","ping_status":"open","sticky":false,"template":"","format":"standard","meta":{"content-type":"","footnotes":""},"categories":[16],"tags":[123,2448,5313,1267],"class_list":["post-75855","post","type-post","status-publish","format-standard","has-post-thumbnail","hentry","category-noticias","tag-brasil","tag-diario","tag-noticia","tag-noticias"],"_links":{"self":[{"href":"https:\/\/tvbrazilusa.com\/pt\/wp-json\/wp\/v2\/posts\/75855","targetHints":{"allow":["GET"]}}],"collection":[{"href":"https:\/\/tvbrazilusa.com\/pt\/wp-json\/wp\/v2\/posts"}],"about":[{"href":"https:\/\/tvbrazilusa.com\/pt\/wp-json\/wp\/v2\/types\/post"}],"author":[{"embeddable":true,"href":"https:\/\/tvbrazilusa.com\/pt\/wp-json\/wp\/v2\/users\/1"}],"replies":[{"embeddable":true,"href":"https:\/\/tvbrazilusa.com\/pt\/wp-json\/wp\/v2\/comments?post=75855"}],"version-history":[{"count":1,"href":"https:\/\/tvbrazilusa.com\/pt\/wp-json\/wp\/v2\/posts\/75855\/revisions"}],"predecessor-version":[{"id":75857,"href":"https:\/\/tvbrazilusa.com\/pt\/wp-json\/wp\/v2\/posts\/75855\/revisions\/75857"}],"wp:featuredmedia":[{"embeddable":true,"href":"https:\/\/tvbrazilusa.com\/pt\/wp-json\/wp\/v2\/media\/75856"}],"wp:attachment":[{"href":"https:\/\/tvbrazilusa.com\/pt\/wp-json\/wp\/v2\/media?parent=75855"}],"wp:term":[{"taxonomy":"category","embeddable":true,"href":"https:\/\/tvbrazilusa.com\/pt\/wp-json\/wp\/v2\/categories?post=75855"},{"taxonomy":"post_tag","embeddable":true,"href":"https:\/\/tvbrazilusa.com\/pt\/wp-json\/wp\/v2\/tags?post=75855"}],"curies":[{"name":"wp","href":"https:\/\/api.w.org\/{rel}","templated":true}]}}