{"id":75873,"date":"2024-12-13T16:03:29","date_gmt":"2024-12-13T16:03:29","guid":{"rendered":"https:\/\/tvbrazilusa.com\/2024\/12\/13\/carlos-viana-e-reeleito-presidente-do-grupo-parlamentar-brasil-israel-para-2025-2026\/"},"modified":"2024-12-13T16:03:30","modified_gmt":"2024-12-13T16:03:30","slug":"carlos-viana-e-reeleito-presidente-do-grupo-parlamentar-brasil-israel-para-2025-2026","status":"publish","type":"post","link":"https:\/\/tvbrazilusa.com\/pt\/2024\/12\/13\/carlos-viana-e-reeleito-presidente-do-grupo-parlamentar-brasil-israel-para-2025-2026\/","title":{"rendered":"Carlos Viana \u00e9 reeleito presidente do Grupo Parlamentar Brasil-Israel para 2025-2026"},"content":{"rendered":"<p> <script async src=\"https:\/\/pagead2.googlesyndication.com\/pagead\/js\/adsbygoogle.js?client=ca-pub-8864793242727901\"\r\n     crossorigin=\"anonymous\"><\/script><br \/>\n<\/p>\n<div id=\"taboola-read-more\" style=\"display:block; width:100%\">\n<p>O senador Carlos Viana foi reeleito, na quarta-feira (11), presidente do Grupo Parlamentar Brasil-Israel pelos pr\u00f3ximos dois anos. Durante os primeiros anos do colegiado, Viana consolidou o Grupo como a principal voz no Congresso Nacional em defesa do fortalecimento dos la\u00e7os entre Brasil e Israel.\n<\/p>\n<p>Durante a recondu\u00e7\u00e3o ao cargo, o senador mineiro ressaltou que o grupo seguir\u00e1 o trabalho de fortalecimento entre as na\u00e7\u00f5es. \u201cN\u00f3s jamais vamos nos calar em rela\u00e7\u00e3o aos ataques sofridos pelo Estado de Israel. Nos pr\u00f3ximos anos, vamos dar mais visibilidade a Israel, aumentando os esfor\u00e7os nos avan\u00e7os das rela\u00e7\u00f5es pol\u00edticas e econ\u00f4micas entre os pa\u00edses. Brasil e Israel s\u00e3o povos irm\u00e3os\u201d, disse Viana.<\/p>\n<p>Carlos Viana foi homenageado pela Confedera\u00e7\u00e3o das C\u00e2maras de Com\u00e9rcio Brasil-Israel pelo compromisso inabal\u00e1vel no desenvolvimento econ\u00f4mico entre os pa\u00edses. \u201cO senador Viana nunca disse n\u00e3o a Israel. O Parlamento brasileiro precisava de um senador aguerrido no trabalho em defesa do direito de Israel existir e se defender\u201d, explicou o presidente da Confedera\u00e7\u00e3o, Ricardo Scheinkman.\n<\/p>\n<p>Nos dois primeiros anos, o Grupo Parlamentar Brasil-Israel desempenhou um papel essencial na aproxima\u00e7\u00e3o dos dois pa\u00edses. O colegiado promoveu eventos, semin\u00e1rios e congressos que destacaram as potencialidades de coopera\u00e7\u00e3o comercial, como a proje\u00e7\u00e3o de aumento do fluxo de neg\u00f3cios bilaterais de US$ 4 bilh\u00f5es para US$ 10 bilh\u00f5es nos pr\u00f3ximos anos.\n<\/p>\n<p>O Grupo, sob a lideran\u00e7a de Viana, tamb\u00e9m apresentou projetos de lei de grande impacto, como a cria\u00e7\u00e3o da Pol\u00edtica Nacional contra o Antissemitismo e a proibi\u00e7\u00e3o de contratos governamentais com entidades que boicotem Israel, refor\u00e7ando o compromisso do Brasil com a defesa do Estado israelense.<\/p>\n<p>Fonte:\u00a0Assessoria PODEMOS              <\/p>\n<\/div>\n<p><br \/>\n<br \/><a href=\"https:\/\/diariodobrasilnoticias.com.br\/noticia\/carlos-viana-e-reeleito-presidente-do-grupo-parlamentar-brasil-israel-para-2025-2026-675c3e1ceabf9\">Source link <\/a><\/p>","protected":false},"excerpt":{"rendered":"<p>O senador Carlos Viana foi reeleito, na quarta-feira (11), presidente do Grupo Parlamentar Brasil-Israel pelos pr\u00f3ximos dois anos. Durante os primeiros anos do colegiado, Viana consolidou o Grupo como a&hellip;<\/p>","protected":false},"author":1,"featured_media":75874,"comment_status":"closed","ping_status":"open","sticky":false,"template":"","format":"standard","meta":{"content-type":"","footnotes":""},"categories":[16],"tags":[123,2448,5313,1267],"class_list":["post-75873","post","type-post","status-publish","format-standard","has-post-thumbnail","hentry","category-noticias","tag-brasil","tag-diario","tag-noticia","tag-noticias"],"_links":{"self":[{"href":"https:\/\/tvbrazilusa.com\/pt\/wp-json\/wp\/v2\/posts\/75873","targetHints":{"allow":["GET"]}}],"collection":[{"href":"https:\/\/tvbrazilusa.com\/pt\/wp-json\/wp\/v2\/posts"}],"about":[{"href":"https:\/\/tvbrazilusa.com\/pt\/wp-json\/wp\/v2\/types\/post"}],"author":[{"embeddable":true,"href":"https:\/\/tvbrazilusa.com\/pt\/wp-json\/wp\/v2\/users\/1"}],"replies":[{"embeddable":true,"href":"https:\/\/tvbrazilusa.com\/pt\/wp-json\/wp\/v2\/comments?post=75873"}],"version-history":[{"count":1,"href":"https:\/\/tvbrazilusa.com\/pt\/wp-json\/wp\/v2\/posts\/75873\/revisions"}],"predecessor-version":[{"id":75875,"href":"https:\/\/tvbrazilusa.com\/pt\/wp-json\/wp\/v2\/posts\/75873\/revisions\/75875"}],"wp:featuredmedia":[{"embeddable":true,"href":"https:\/\/tvbrazilusa.com\/pt\/wp-json\/wp\/v2\/media\/75874"}],"wp:attachment":[{"href":"https:\/\/tvbrazilusa.com\/pt\/wp-json\/wp\/v2\/media?parent=75873"}],"wp:term":[{"taxonomy":"category","embeddable":true,"href":"https:\/\/tvbrazilusa.com\/pt\/wp-json\/wp\/v2\/categories?post=75873"},{"taxonomy":"post_tag","embeddable":true,"href":"https:\/\/tvbrazilusa.com\/pt\/wp-json\/wp\/v2\/tags?post=75873"}],"curies":[{"name":"wp","href":"https:\/\/api.w.org\/{rel}","templated":true}]}}