{"id":75884,"date":"2024-12-13T16:02:27","date_gmt":"2024-12-13T16:02:27","guid":{"rendered":"https:\/\/tvbrazilusa.com\/2024\/12\/13\/acesso-insuficiente-para-pessoas-com-deficiencia-o-que-a-coreia-do-sul-nos-ensina-sobre-democracia-cartas\/"},"modified":"2024-12-13T16:14:18","modified_gmt":"2024-12-13T16:14:18","slug":"acesso-insuficiente-para-pessoas-com-deficiencia-o-que-a-coreia-do-sul-nos-ensina-sobre-democracia-cartas","status":"publish","type":"post","link":"https:\/\/tvbrazilusa.com\/pt\/2024\/12\/13\/acesso-insuficiente-para-pessoas-com-deficiencia-o-que-a-coreia-do-sul-nos-ensina-sobre-democracia-cartas\/","title":{"rendered":"Acesso insuficiente para pessoas com defici\u00eancia; O que a Coreia do Sul nos ensina sobre democracia | Cartas"},"content":{"rendered":"<p> <script async src=\"https:\/\/pagead2.googlesyndication.com\/pagead\/js\/adsbygoogle.js?client=ca-pub-8864793242727901\"\r\n     crossorigin=\"anonymous\"><\/script><br \/>\n<\/p>\n<div>\n<p class=\"article__paragraph article__paragraph--left\" id=\"YRAE5R3MFVESFLAICNAKIEDDVE\"><b>Ainda esperando pelos direitos da ADA<\/b><\/p>\n<p class=\"article__paragraph article__paragraph--left\" id=\"MUXKTP3DANFH3JS2RHMGLQQ75E\"><i>Nota do editor: A carta a seguir apareceu originalmente nas p\u00e1ginas de opini\u00e3o do The Jersey Journal em 2011. Os autores a reenviaram, dizendo que ainda \u201cn\u00e3o h\u00e1 acesso suficiente para (os) deficientes\u201d.<\/i><\/p>\n<p class=\"article__paragraph article__paragraph--left\" id=\"M2NRGHB2QRFCTFDC3NH7KV6AU4\">Em 1990, George H. Bush assinou a Lei dos Americanos Portadores de Defici\u00eancia e prometeu \u00e0s pessoas com defici\u00eancia que agora teriam as mesmas oportunidades que as pessoas sem defici\u00eancia. Gritamos: \u201cFinalmente liberdade!\u201d \u2013 mas 21 (agora 34) anos depois ainda estamos esperando.<\/p>\n<p class=\"article__paragraph article__paragraph--left\" id=\"XHPKARG52JGT7AHIVGFDUCRNRY\">Meus amigos e eu moramos em cadeiras de rodas. N\u00e3o temos muitas escolhas. Aqueles de n\u00f3s que dirigem t\u00eam vans especialmente fabricadas com dispositivos para proteger nossas cadeiras de rodas, controles manuais e uma rampa para entrar e sair. Essas vans exigem mais espa\u00e7o do que os espa\u00e7os comuns para deficientes. Voc\u00ea pode reconhec\u00ea-los pelas listras de zebra. Este lugar de estacionamento duplo permite espa\u00e7o para a rampa e para a cadeira de rodas virar ao sair da rampa. Normalmente h\u00e1 duas vagas acess\u00edveis para vans com linhas de zebra para cada seis ou sete vagas menores para deficientes. O problema \u00e9 que qualquer pessoa com um adesivo azul para deficientes f\u00edsicos pode estacionar em qualquer vaga para deficientes, quer tenha defici\u00eancia de locomo\u00e7\u00e3o ou n\u00e3o, quer use cadeira de rodas ou n\u00e3o. Onde isso deixa uma pessoa com uma van e uma rampa?<\/p>\n<p class=\"article__paragraph article__paragraph--left\" id=\"XEFJUD6SSJHEBL27RRDJDYH43Y\">N\u00e3o podemos usar estacionamento regular; n\u00e3o podemos nem usar estacionamento para deficientes f\u00edsicos com vaga \u00fanica. N\u00e3o podemos ir \u00e0s compras, comer fora, fazer recados ou apenas fazer coisas normais do dia a dia que as pessoas saud\u00e1veis \u200b\u200bconsideram garantidas. Tenho uma placa na lateral da porta da van que diz: \u201cPor favor, n\u00e3o estacione a menos de dois metros e meio, a rampa para cadeiras de rodas sai\u201d, mas as pessoas l\u00eaem e estacionam l\u00e1 mesmo assim.<\/p>\n<p class=\"article__paragraph article__paragraph--left\" id=\"KBSY4YTQ7JG5VDAHFIBI7QLTD4\">Meus amigos e eu escrevemos para pol\u00edticos, mas somos ignorados. Ningu\u00e9m parece se importar com nossos direitos.<\/p>\n<p class=\"article__paragraph article__paragraph--left\" id=\"MSH5IO7S3VHEFFOIWNLIDLWGSU\">Tenho uma amiga com p\u00f3s-poliomielite, que precisa se mudar e precisa de um apartamento para deficientes porque n\u00e3o consegue dar passos e precisa de uma cadeira de rodas. Para onde ela deveria ir?<\/p>\n<p class=\"article__paragraph article__paragraph--left\" id=\"GG2FDDTEYRBKZEFQDU6LRUESXU\">Banheiros p\u00fablicos s\u00e3o muito ruins para cadeirantes. As portas s\u00e3o muito pesadas e o papel higi\u00eanico e o sabonete ficam no alto para quem est\u00e1 de p\u00e9. Se algu\u00e9m tiver a gentileza de abrir a porta, voc\u00ea entra, e se sair antes de voc\u00ea, voc\u00ea pode ficar preso l\u00e1 para sempre!!! Quando reclamo, o ajudante me olha sem express\u00e3o e diz que o banheiro passou na inspe\u00e7\u00e3o. E eu digo, ele estava de p\u00e9 ou sentado?<\/p>\n<p class=\"article__paragraph article__paragraph--left\" id=\"ITX3GPZSWBH63HUDP4MEF6SIUI\">Quando voc\u00ea vai a um show, eles te colocam no fundo; todo mundo fica na sua frente e voc\u00ea n\u00e3o consegue ver nada. O mesmo pre\u00e7o dos ingressos \u2013 mas todas as cadeiras de rodas v\u00e3o atr\u00e1s. N\u00e3o importa quanto voc\u00ea paga.<\/p>\n<p class=\"article__paragraph article__paragraph--left\" id=\"CJX57FALTRCJHH6BH3JCEVA3GE\">Votamos, pagamos nossos impostos e a maioria de n\u00f3s trabalhou a vida toda. Derrube as barreiras e nos d\u00ea um tempo, por favor!<\/p>\n<p class=\"article__paragraph article__paragraph--right\" id=\"LG3ZMP3DPBFGZNMHCQVTU62VLA\"><i>Mildred E. e George Bullerdick, Edgewater<\/i><\/p>\n<figure class=\"article__image\">\n<div class=\"article__image-wrapper\"><picture><source media=\"(max-width: 500px)\" srcset=\"https:\/\/www.nj.com\/resizer\/v2\/545AC6DEHRC4RCAVL553ZPES7A.jpg?auth=1563b40f3c784f8beb654bfa0a6eb1b2be5bb2811f9740d3ff399e79ea250865&#038;width=500&#038;quality=90 500w\"\/><source media=\"(max-width: 800px)\" srcset=\"https:\/\/www.nj.com\/resizer\/v2\/545AC6DEHRC4RCAVL553ZPES7A.jpg?auth=1563b40f3c784f8beb654bfa0a6eb1b2be5bb2811f9740d3ff399e79ea250865&#038;width=800&#038;quality=90 800w\"\/><source srcset=\"https:\/\/www.nj.com\/resizer\/v2\/545AC6DEHRC4RCAVL553ZPES7A.jpg?auth=1563b40f3c784f8beb654bfa0a6eb1b2be5bb2811f9740d3ff399e79ea250865&#038;width=1280&#038;quality=90 1280w\"\/><\/picture><figcaption class=\"article__image-caption\">\n<p class=\"article__mm-image-caption-text\">Pessoas seguram velas durante uma vig\u00edlia \u00e0 luz de velas contra o presidente sul-coreano Yoon Suk Yeol em Seul, Coreia do Sul, quarta-feira, 4 de dezembro de 2024. (AP Photo\/Lee \u200b\u200bJin-man)<span class=\"article__mm-image-credit\">PA<\/span><\/p>\n<\/figcaption><\/div>\n<\/figure>\n<p class=\"article__paragraph article__paragraph--left\" id=\"L7DMZHMPGRBHPJ76FCGEZPUFPI\"><b>A democracia \u00e9 uma responsabilidade partilhada<\/b><\/p>\n<p class=\"article__paragraph article__paragraph--left\" id=\"HF3IDAKBSVE4VAVAD232FEEN3U\">No grande teatro da hist\u00f3ria, a Coreia do Sul ocupou frequentemente um palco prec\u00e1rio, oscilando entre os ecos do seu passado autorit\u00e1rio e a promessa luminosa da democracia. No entanto, a recente retirada da tentativa de lei marcial em resposta a uma onda de resist\u00eancia dos cidad\u00e3os marca um acto crucial que merece reconhecimento pela sua simetria po\u00e9tica com a \u00e1rdua jornada da na\u00e7\u00e3o em direc\u00e7\u00e3o \u00e0 autogoverna\u00e7\u00e3o, um impulso irrevers\u00edvel para a frente.<\/p>\n<p class=\"article__paragraph article__paragraph--left\" id=\"RC3PL3CA7RCZ7NQKKFLZICMJXY\">A tentativa de impor a lei marcial, embora preocupante, serviu como catalisador para uma poderosa reafirma\u00e7\u00e3o dos princ\u00edpios democr\u00e1ticos. Os cidad\u00e3os da Coreia do Sul \u2013 estudantes, trabalhadores, activistas e at\u00e9 fam\u00edlias comuns \u2013 levantaram-se n\u00e3o com armas, mas com vozes unidas numa oposi\u00e7\u00e3o resoluta. A sua ac\u00e7\u00e3o colectiva frustrou uma invas\u00e3o que, numa democracia menos resiliente, poderia ter tido sucesso discretamente. Este momento, portanto, n\u00e3o se trata apenas de evitar uma crise, mas de mostrar o esp\u00edrito vibrante e vigilante do povo coreano que aprendeu, atrav\u00e9s de uma hist\u00f3ria dolorosa, o pre\u00e7o do sil\u00eancio.<\/p>\n<p class=\"article__paragraph article__paragraph--left\" id=\"ADZ473SXXBHDXLMFIYZ3SDRJFM\">Basta olharmos por cima do ombro para a era dos Presidentes Park Chung-hee, Chun Doo-hwan e Kim Dae-jung para apreciarmos qu\u00e3o profunda \u00e9 esta conquista. Sob o governo com m\u00e3o de ferro de Park e Chun, a dissid\u00eancia foi sufocada e a oposi\u00e7\u00e3o muitas vezes encontrou destinos sombrios. Por outro lado, a luta de Kim simbolizou a vontade indom\u00e1vel de resistir \u00e0 tirania. O contraste entre essas \u00e9pocas e os dias de hoje \u00e9 extraordin\u00e1rio.<\/p>\n<p class=\"article__paragraph article__paragraph--left\" id=\"FAZ2X5SHI5EZNIOYF3M4ZPBMZA\">O facto de uma na\u00e7\u00e3o, outrora mergulhada na repress\u00e3o, poder produzir cidad\u00e3os que resistem instintivamente a tal regress\u00e3o \u00e9 uma prova do progresso conseguido pelo tempo, pelo sacrif\u00edcio e pela defesa incans\u00e1vel dos ideais democr\u00e1ticos.<\/p>\n<p class=\"article__paragraph article__paragraph--left\" id=\"V4LHYQC3W5DLXOJO2CY26KIXUA\">Este epis\u00f3dio tamb\u00e9m serve como um lembrete para a comunidade global. A democracia, embora seja uma constru\u00e7\u00e3o fr\u00e1gil, prospera onde as pessoas a protegem zelosamente. Os cidad\u00e3os da Coreia do Sul mostraram-nos que a democracia n\u00e3o \u00e9 apenas um sistema de governa\u00e7\u00e3o, mas, em vez disso, uma responsabilidade partilhada, um trabalho di\u00e1rio para garantir que a liberdade prevale\u00e7a sobre a sombra da opress\u00e3o.<\/p>\n<p class=\"article__paragraph article__paragraph--left\" id=\"BDDPH4REDJCCVFEO5AOZZM3ROY\">Tomando emprestada a sabedoria de Abraham Lincoln, a democracia \u00e9 de facto \u201cdo povo, pelo povo, para o povo\u201d. E na Coreia do Sul, as pessoas falaram com clareza e convic\u00e7\u00e3o. Que isto sirva como uma li\u00e7\u00e3o duradoura de que mesmo em momentos de perigo, o esp\u00edrito humano, quando alinhado com a justi\u00e7a, pode iluminar as horas mais sombrias.<\/p>\n<p class=\"article__paragraph article__paragraph--right\" id=\"JN36GHCFNNF3FLPEUY5PHYQPPI\"><i>Igor La Manna, Seaside Heights<\/i><\/p>\n<p class=\"article__paragraph article__paragraph--right\" id=\"2NETQWUOJ5FEHNGI5CEFX3FT6A\"><i>Envie cartas ao editor e colunas convidadas do The Jersey Journal para <\/i><a href=\"https:\/\/www.nj.com\/opinion\/2024\/12\/mailto:jjletters@jjournal.com\" target=\"_blank\"><i>jjletters@jjournal.com<\/i><\/a><i>.<\/i><\/p>\n<\/div>\n<p><br \/>\n<br \/><a href=\"https:\/\/www.nj.com\/opinion\/2024\/12\/not-enough-access-for-the-disabled-what-south-korea-teaches-us-about-democracy-letter.html\">Source link <\/a><\/p>","protected":false},"excerpt":{"rendered":"<p>Ainda esperando pelos direitos da ADA Nota do editor: A carta a seguir apareceu originalmente nas p\u00e1ginas de opini\u00e3o do The Jersey Journal em 2011. Os autores a reenviaram, dizendo&hellip;<\/p>","protected":false},"author":1,"featured_media":75885,"comment_status":"closed","ping_status":"open","sticky":false,"template":"","format":"standard","meta":{"content-type":"","footnotes":""},"categories":[1],"tags":[20343,31718,1089,31715,4013,31717,31716,17675],"class_list":["post-75884","post","type-post","status-publish","format-standard","has-post-thumbnail","hentry","category-uncategorized","tag-cadeira","tag-cadeira-de-rodas","tag-deficiencia","tag-desabilitado","tag-pai","tag-pintado","tag-pintar","tag-roda"],"_links":{"self":[{"href":"https:\/\/tvbrazilusa.com\/pt\/wp-json\/wp\/v2\/posts\/75884","targetHints":{"allow":["GET"]}}],"collection":[{"href":"https:\/\/tvbrazilusa.com\/pt\/wp-json\/wp\/v2\/posts"}],"about":[{"href":"https:\/\/tvbrazilusa.com\/pt\/wp-json\/wp\/v2\/types\/post"}],"author":[{"embeddable":true,"href":"https:\/\/tvbrazilusa.com\/pt\/wp-json\/wp\/v2\/users\/1"}],"replies":[{"embeddable":true,"href":"https:\/\/tvbrazilusa.com\/pt\/wp-json\/wp\/v2\/comments?post=75884"}],"version-history":[{"count":1,"href":"https:\/\/tvbrazilusa.com\/pt\/wp-json\/wp\/v2\/posts\/75884\/revisions"}],"predecessor-version":[{"id":75886,"href":"https:\/\/tvbrazilusa.com\/pt\/wp-json\/wp\/v2\/posts\/75884\/revisions\/75886"}],"wp:featuredmedia":[{"embeddable":true,"href":"https:\/\/tvbrazilusa.com\/pt\/wp-json\/wp\/v2\/media\/75885"}],"wp:attachment":[{"href":"https:\/\/tvbrazilusa.com\/pt\/wp-json\/wp\/v2\/media?parent=75884"}],"wp:term":[{"taxonomy":"category","embeddable":true,"href":"https:\/\/tvbrazilusa.com\/pt\/wp-json\/wp\/v2\/categories?post=75884"},{"taxonomy":"post_tag","embeddable":true,"href":"https:\/\/tvbrazilusa.com\/pt\/wp-json\/wp\/v2\/tags?post=75884"}],"curies":[{"name":"wp","href":"https:\/\/api.w.org\/{rel}","templated":true}]}}