{"id":75916,"date":"2024-12-13T15:06:25","date_gmt":"2024-12-13T15:06:25","guid":{"rendered":"https:\/\/tvbrazilusa.com\/2024\/12\/13\/amazon-contribuira-com-us-1-milhao-para-o-fundo-de-posse-de-trump-meta-tambem-esta-doando-us-1-milhao-wsvn-7news-noticias-de-miami-clima-esportes-fort-lauderdale\/"},"modified":"2024-12-13T17:03:05","modified_gmt":"2024-12-13T17:03:05","slug":"amazon-contribuira-com-us-1-milhao-para-o-fundo-de-posse-de-trump-meta-tambem-esta-doando-us-1-milhao-wsvn-7news-noticias-de-miami-clima-esportes-fort-lauderdale","status":"publish","type":"post","link":"https:\/\/tvbrazilusa.com\/pt\/2024\/12\/13\/amazon-contribuira-com-us-1-milhao-para-o-fundo-de-posse-de-trump-meta-tambem-esta-doando-us-1-milhao-wsvn-7news-noticias-de-miami-clima-esportes-fort-lauderdale\/","title":{"rendered":"Amazon contribuir\u00e1 com US$ 1 milh\u00e3o para o fundo de posse de Trump. Meta tamb\u00e9m est\u00e1 doando US$ 1 milh\u00e3o &#8211; WSVN 7News | Not\u00edcias de Miami, clima, esportes | Fort Lauderdale"},"content":{"rendered":"<p> <script async src=\"https:\/\/pagead2.googlesyndication.com\/pagead\/js\/adsbygoogle.js?client=ca-pub-8864793242727901\"\r\n     crossorigin=\"anonymous\"><\/script><br \/>\n<\/p>\n<div itemprop=\"articleBody\">\n<p>NOVA IORQUE (AP) \u2013 A Amazon est\u00e1 planejando doar US$ 1 milh\u00e3o para o fundo de posse do presidente eleito Donald Trump, uma medida que ocorre no momento em que grandes empresas de tecnologia buscam melhorar seu relacionamento com o novo presidente.<\/p>\n<p>Um porta-voz da empresa confirmou na noite de quinta-feira que a gigante do com\u00e9rcio eletr\u00f4nico tamb\u00e9m transmitir\u00e1 a inaugura\u00e7\u00e3o de Trump em seu servi\u00e7o Prime Video, uma doa\u00e7\u00e3o separada em esp\u00e9cie no valor de mais US$ 1 milh\u00e3o.<\/p>\n<p>No in\u00edcio do dia, a Meta, controladora do Facebook e do Instagram, disse que doou US$ 1 milh\u00e3o para o fundo de posse de Trump.<\/p>\n<p>Os planos da Amazon foram relatados pela primeira vez pelo The Wall Street Journal. A reportagem veio depois que Trump disse na manh\u00e3 de quinta-feira que o fundador da empresa, Jeff Bezos, planejava visit\u00e1-lo pessoalmente na pr\u00f3xima semana.<\/p>\n<p>Os dois homens j\u00e1 haviam brigado no passado. Durante seu primeiro mandato, Trump criticou a Amazon e criticou a cobertura pol\u00edtica do The Washington Post, de propriedade de Bezos.<\/p>\n<p>Enquanto isso, Bezos criticou parte da ret\u00f3rica anterior de Trump. Em 2019, a Amazon tamb\u00e9m argumentou num processo judicial que o preconceito de Trump contra a empresa prejudicava as suas hip\u00f3teses de ganhar um contrato de 10 mil milh\u00f5es de d\u00f3lares com o Pent\u00e1gono. Mais tarde, a administra\u00e7\u00e3o Biden buscou um contrato com a Amazon e a Microsoft.<\/p>\n<p>Mais recentemente, Bezos adotou um tom mais conciliat\u00f3rio. Na semana passada, ele disse no DealBook Summit do The New York Times, em Nova York, que estava \u201cotimista\u201d em rela\u00e7\u00e3o ao segundo mandato de Trump, ao mesmo tempo que endossava os planos do presidente eleito de cortar regulamenta\u00e7\u00f5es.<\/p>\n<p>Em outubro, Bezos n\u00e3o permitiu que o Post apoiasse um candidato presidencial, uma medida que levou dezenas de milhares de pessoas a cancelarem as suas assinaturas e a protestos de jornalistas com uma longa hist\u00f3ria no jornal. Na altura, Bezos escreveu num artigo de opini\u00e3o no jornal que os endossos editoriais criam uma percep\u00e7\u00e3o de preconceito numa altura em que muitos americanos n\u00e3o acreditam nos meios de comunica\u00e7\u00e3o.<\/p>\n<p>Separadamente, a doa\u00e7\u00e3o da Meta, que tamb\u00e9m foi relatada pela primeira vez pelo Journal, ocorreu poucas semanas depois que o CEO da Meta, Mark Zuckerberg, se reuniu com Trump em particular em Mar-a-Lago. Um porta-voz da Meta confirmou a oferta na quinta-feira.<\/p>\n<p>Stephen Miller, nomeado vice-chefe de gabinete para o segundo mandato de Trump, disse que Zuckerberg, tal como outros l\u00edderes empresariais, quer apoiar os planos econ\u00f3micos de Trump. O CEO da tecnologia tem procurado mudar a percep\u00e7\u00e3o de sua empresa \u00e0 direita, ap\u00f3s um relacionamento dif\u00edcil com Trump.<\/p>\n<p>Trump foi expulso do Facebook ap\u00f3s o ataque de 6 de janeiro de 2021 ao Capit\u00f3lio dos EUA. A empresa restaurou sua conta no in\u00edcio de 2023.<\/p>\n<p>Durante a campanha de 2024, Zuckerberg n\u00e3o apoiou um candidato \u00e0 presid\u00eancia, mas expressou uma postura mais positiva em rela\u00e7\u00e3o a Trump. No in\u00edcio deste ano, ele elogiou a resposta de Trump \u00e0 sua primeira tentativa de assassinato.<\/p>\n<p>Mesmo assim, Trump continuou a atacar Zuckerberg publicamente durante a campanha. Em julho, ele postou uma mensagem em sua pr\u00f3pria plataforma Truth Social amea\u00e7ando enviar fraudadores eleitorais para a pris\u00e3o, em parte citando um apelido que ele usou para designar o CEO da Meta. \u201cZUCKERBUCKS, tenha cuidado!\u201d Trump escreveu.<\/p>\n<p>As empresas t\u00eam tradicionalmente constitu\u00eddo uma grande parte dos doadores para as tomadas de posse presidenciais, com uma excep\u00e7\u00e3o em 2009, quando o ent\u00e3o Presidente eleito Barack Obama se recusou a aceitar doa\u00e7\u00f5es empresariais. Ele reverteu o curso para sua segunda posse em 2013.<\/p>\n<p>O Facebook n\u00e3o doou para a posse de Biden em 2021 nem para a posse de Trump em 2017.<\/p>\n<p>O Google doou US$ 285 mil cada para a primeira posse de Trump e a posse de Biden, de acordo com os registros da Comiss\u00e3o Eleitoral Federal. Os comit\u00e9s inaugurais s\u00e3o obrigados a divulgar a fonte da sua angaria\u00e7\u00e3o de fundos, mas n\u00e3o a forma como gastam o dinheiro. A Microsoft doou US$ 1 milh\u00e3o para a segunda posse de Obama, mas apenas US$ 500 mil para Trump em 2017 e Biden em 2021.<\/p>\n<p>A Amazon doou cerca de US$ 58 mil para a posse de Trump em 2017, muito menos do que US$ 1 milh\u00e3o que agora planeja doar. A empresa tamb\u00e9m transmitiu a posse de Biden no Prime Video em 2021.<\/p>\n<p><em>Direitos autorais 2024 da Associated Press. Todos os direitos reservados. Este material n\u00e3o pode ser publicado, transmitido, reescrito ou redistribu\u00eddo.<\/em><\/p>\n<div class=\"wp-block-newsletter\">\n\t<strong class=\"wp-block-newsletter__title\">Cadastre-se em nosso boletim informativo para receber as \u00faltimas not\u00edcias diretamente em sua caixa de entrada<\/strong><\/p>\n<\/div><\/div>\n<p><br \/>\n<br \/><a href=\"https:\/\/wsvn.com\/news\/politics\/amazon-to-contribute-1-million-to-trumps-inauguration-fund-meta-is-also-donating-1m\/\">Source link <\/a><\/p>","protected":false},"excerpt":{"rendered":"<p>NOVA IORQUE (AP) \u2013 A Amazon est\u00e1 planejando doar US$ 1 milh\u00e3o para o fundo de posse do presidente eleito Donald Trump, uma medida que ocorre no momento em que&hellip;<\/p>","protected":false},"author":1,"featured_media":75917,"comment_status":"closed","ping_status":"open","sticky":false,"template":"","format":"standard","meta":{"content-type":"","footnotes":""},"categories":[1],"tags":[],"class_list":["post-75916","post","type-post","status-publish","format-standard","has-post-thumbnail","hentry","category-uncategorized"],"_links":{"self":[{"href":"https:\/\/tvbrazilusa.com\/pt\/wp-json\/wp\/v2\/posts\/75916","targetHints":{"allow":["GET"]}}],"collection":[{"href":"https:\/\/tvbrazilusa.com\/pt\/wp-json\/wp\/v2\/posts"}],"about":[{"href":"https:\/\/tvbrazilusa.com\/pt\/wp-json\/wp\/v2\/types\/post"}],"author":[{"embeddable":true,"href":"https:\/\/tvbrazilusa.com\/pt\/wp-json\/wp\/v2\/users\/1"}],"replies":[{"embeddable":true,"href":"https:\/\/tvbrazilusa.com\/pt\/wp-json\/wp\/v2\/comments?post=75916"}],"version-history":[{"count":1,"href":"https:\/\/tvbrazilusa.com\/pt\/wp-json\/wp\/v2\/posts\/75916\/revisions"}],"predecessor-version":[{"id":75918,"href":"https:\/\/tvbrazilusa.com\/pt\/wp-json\/wp\/v2\/posts\/75916\/revisions\/75918"}],"wp:featuredmedia":[{"embeddable":true,"href":"https:\/\/tvbrazilusa.com\/pt\/wp-json\/wp\/v2\/media\/75917"}],"wp:attachment":[{"href":"https:\/\/tvbrazilusa.com\/pt\/wp-json\/wp\/v2\/media?parent=75916"}],"wp:term":[{"taxonomy":"category","embeddable":true,"href":"https:\/\/tvbrazilusa.com\/pt\/wp-json\/wp\/v2\/categories?post=75916"},{"taxonomy":"post_tag","embeddable":true,"href":"https:\/\/tvbrazilusa.com\/pt\/wp-json\/wp\/v2\/tags?post=75916"}],"curies":[{"name":"wp","href":"https:\/\/api.w.org\/{rel}","templated":true}]}}