{"id":75922,"date":"2024-12-13T17:10:20","date_gmt":"2024-12-13T17:10:20","guid":{"rendered":"https:\/\/tvbrazilusa.com\/2024\/12\/13\/esquerda-sinaliza-intencao-de-derrubar-o-premie-escolhido-por-macron\/"},"modified":"2024-12-13T17:10:21","modified_gmt":"2024-12-13T17:10:21","slug":"esquerda-sinaliza-intencao-de-derrubar-o-premie-escolhido-por-macron","status":"publish","type":"post","link":"https:\/\/tvbrazilusa.com\/pt\/2024\/12\/13\/esquerda-sinaliza-intencao-de-derrubar-o-premie-escolhido-por-macron\/","title":{"rendered":"Esquerda sinaliza inten\u00e7\u00e3o de derrubar o premi\u00ea escolhido por Macron"},"content":{"rendered":"<p> <script async src=\"https:\/\/pagead2.googlesyndication.com\/pagead\/js\/adsbygoogle.js?client=ca-pub-8864793242727901\"\r\n     crossorigin=\"anonymous\"><\/script><br \/>\n<\/p>\n<div id=\"taboola-read-more\" style=\"display:block; width:100%\">\n<p>A deputada Mathilde Panot, l\u00edder do partido de esquerda Fran\u00e7a Insubmissa, indicou, nesta sexta-feira (13), que a legenda deve tentar derrubar o governo do centrista Fran\u00e7ois Bayrou, escolhido pelo presidente Emmanuel Macron para substituir Michel Barnier como primeiro-ministro.\n<\/p>\n<p>Em publica\u00e7\u00e3o no X (antigo Twitter), Panot afirmou que s\u00f3 h\u00e1 duas alternativas dispon\u00edveis: continuar as pol\u00edticas de Barnier ou romper com esse ciclo.<\/p>\n<p>\u2013 Duas escolhas estar\u00e3o \u00e0 disposi\u00e7\u00e3o dos deputados: apoio ao planos de Macron ou censura. N\u00f3s fizemos o nosso \u2013 disse, em refer\u00eancia ao mecanismo legislativo que pode destituir o primeiro-ministro.\n<\/p>\n<p>A diverg\u00eancia reflete o impasse na aprova\u00e7\u00e3o do or\u00e7amento do ano que vem. Barnier tentou aprov\u00e1-lo por uma manobra extraordin\u00e1ria que dispensava o aval da Assembleia Nacional. Insatisfeito com a tentativa, o parlamento votou para derrubar o governo do premi\u00ea.\n<\/p>\n<p>*AE\n<\/p>\n<p>\u00a0<\/p>\n<p>\u00a0<\/p>\n<p>Fonte: Pleno News<\/p>\n<\/p><\/div>\n<p><br \/>\n<br \/><a href=\"https:\/\/diariodobrasilnoticias.com.br\/noticia\/esquerda-sinaliza-intencao-de-derrubar-o-premie-escolhido-por-macron-675c4ad4b3fd1\">Source link <\/a><\/p>","protected":false},"excerpt":{"rendered":"<p>A deputada Mathilde Panot, l\u00edder do partido de esquerda Fran\u00e7a Insubmissa, indicou, nesta sexta-feira (13), que a legenda deve tentar derrubar o governo do centrista Fran\u00e7ois Bayrou, escolhido pelo presidente&hellip;<\/p>","protected":false},"author":1,"featured_media":75923,"comment_status":"closed","ping_status":"open","sticky":false,"template":"","format":"standard","meta":{"content-type":"","footnotes":""},"categories":[16],"tags":[123,2448,5313,1267],"class_list":["post-75922","post","type-post","status-publish","format-standard","has-post-thumbnail","hentry","category-noticias","tag-brasil","tag-diario","tag-noticia","tag-noticias"],"_links":{"self":[{"href":"https:\/\/tvbrazilusa.com\/pt\/wp-json\/wp\/v2\/posts\/75922","targetHints":{"allow":["GET"]}}],"collection":[{"href":"https:\/\/tvbrazilusa.com\/pt\/wp-json\/wp\/v2\/posts"}],"about":[{"href":"https:\/\/tvbrazilusa.com\/pt\/wp-json\/wp\/v2\/types\/post"}],"author":[{"embeddable":true,"href":"https:\/\/tvbrazilusa.com\/pt\/wp-json\/wp\/v2\/users\/1"}],"replies":[{"embeddable":true,"href":"https:\/\/tvbrazilusa.com\/pt\/wp-json\/wp\/v2\/comments?post=75922"}],"version-history":[{"count":1,"href":"https:\/\/tvbrazilusa.com\/pt\/wp-json\/wp\/v2\/posts\/75922\/revisions"}],"predecessor-version":[{"id":75924,"href":"https:\/\/tvbrazilusa.com\/pt\/wp-json\/wp\/v2\/posts\/75922\/revisions\/75924"}],"wp:featuredmedia":[{"embeddable":true,"href":"https:\/\/tvbrazilusa.com\/pt\/wp-json\/wp\/v2\/media\/75923"}],"wp:attachment":[{"href":"https:\/\/tvbrazilusa.com\/pt\/wp-json\/wp\/v2\/media?parent=75922"}],"wp:term":[{"taxonomy":"category","embeddable":true,"href":"https:\/\/tvbrazilusa.com\/pt\/wp-json\/wp\/v2\/categories?post=75922"},{"taxonomy":"post_tag","embeddable":true,"href":"https:\/\/tvbrazilusa.com\/pt\/wp-json\/wp\/v2\/tags?post=75922"}],"curies":[{"name":"wp","href":"https:\/\/api.w.org\/{rel}","templated":true}]}}