{"id":75964,"date":"2024-12-13T18:06:13","date_gmt":"2024-12-13T18:06:13","guid":{"rendered":"https:\/\/tvbrazilusa.com\/2024\/12\/13\/lamont-ordena-hasteamento-de-bandeiras-em-memoria-das-vitimas-do-tiroteio-na-escola-de-sandy-hook\/"},"modified":"2024-12-13T18:12:05","modified_gmt":"2024-12-13T18:12:05","slug":"lamont-ordena-hasteamento-de-bandeiras-em-memoria-das-vitimas-do-tiroteio-na-escola-de-sandy-hook","status":"publish","type":"post","link":"https:\/\/tvbrazilusa.com\/pt\/2024\/12\/13\/lamont-ordena-hasteamento-de-bandeiras-em-memoria-das-vitimas-do-tiroteio-na-escola-de-sandy-hook\/","title":{"rendered":"Lamont ordena hasteamento de bandeiras em mem\u00f3ria das v\u00edtimas do tiroteio na escola de Sandy Hook"},"content":{"rendered":"<script async src=\"https:\/\/pagead2.googlesyndication.com\/pagead\/js\/adsbygoogle.js?client=ca-pub-8864793242727901\"\r\n     crossorigin=\"anonymous\"><\/script>\n<p>NEWTOWN, Connecticut (WTNH) \u2013 O governador Ned Lamont (D-Conn.) ordenou que as bandeiras dos EUA e de Connecticut fossem hasteadas a meio mastro do nascer ao p\u00f4r do sol no s\u00e1bado, 14 de dezembro, em mem\u00f3ria das vidas perdidas no tiroteio em Sandy Hook 12 anos atr\u00e1s.<\/p>\n<p>O tiroteio na escola prim\u00e1ria Sandy Hook, em Newtown, matou 20 crian\u00e7as e seis adultos em 14 de dezembro de 2012. As bandeiras ser\u00e3o hasteadas a meio mastro desde o nascer do sol de s\u00e1bado para homenagear as v\u00edtimas.<\/p>\n<div class=\"nlp-ignore-block article-content rich-text\">\n<aside class=\"promo-link\">\n\t<a href=\"https:\/\/www.wtnh.com\/news\/sandy-hook\/connecticut-lawmakers-mark-12-years-since-sandy-hook-shooting\/?ipid=promo-link-block1\" class=\"promo-link__link\"><\/p>\n<p>\t\tLegisladores de Connecticut comemoram 12 anos desde o tiroteio de Sandy Hook\t<\/a><br \/>\n<\/aside>\n<\/div>\n<p>\u201cA trag\u00e9dia que ocorreu neste dia h\u00e1 doze anos \u00e9 um dos eventos mais horr\u00edveis e comoventes da hist\u00f3ria de Connecticut, e devemos isso \u00e0queles que perdemos, bem como \u00e0s suas fam\u00edlias e entes queridos, por manter viva a sua mem\u00f3ria, dedicando-nos novamente a serem fontes de amor, cura, alegria e humanidade, n\u00e3o apenas neste anivers\u00e1rio, mas todos os dias\u201d, disse Lamont.<\/p>\n<h3 class=\"wp-block-heading\"><strong>Relembrando as v\u00edtimas de Sandy Hook<\/strong><\/h3>\n<ul>\n<li>Charlotte Bacon, 6<\/li>\n<li>Daniel Barden, 7<\/li>\n<li>Olivia Engel, 6<\/li>\n<li>Josefina Gay, 7<\/li>\n<li>Dylan Hockley, 6<\/li>\n<li>Madeleine Hsu, 6 anos<\/li>\n<li>Catarina Hubbard, 6<\/li>\n<li>Chase Kowalski, 7<\/li>\n<li>Jesse Lewis, 6<\/li>\n<li>Ana M\u00e1rquez-Greene, 6<\/li>\n<li>James Mattioli, 6<\/li>\n<li>Grace McDonnell, 7<\/li>\n<li>Emilie Parker, 6<\/li>\n<li>Jack Pinto, 6<\/li>\n<li>Noah Pozner, 6<\/li>\n<li>Caroline Previdi, 6<\/li>\n<li>J\u00e9ssica Rekos, 6<\/li>\n<li>Avielle Richman, 6<\/li>\n<li>Benjamim Wheeler, 6<\/li>\n<li>Allison Wyatt, 6<\/li>\n<li>Rachel D&#8217;Avino, 29 (terapeuta comportamental)<\/li>\n<li>Dawn Lafferty Hochsprung, 47 (diretora)<\/li>\n<li>Anne Marie Murphy, 52 (professora de educa\u00e7\u00e3o especial)<\/li>\n<li>Lauren Rousseau, 30 (professora)<\/li>\n<li>Mary Sherlach, 56 (psic\u00f3loga escolar)<\/li>\n<li>Victoria Leigh Soto, 27 (professora)<\/li>\n<\/ul>\n<p><br \/>\n<br \/><a href=\"https:\/\/www.wtnh.com\/news\/sandy-hook\/lamont-orders-lowering-of-flags-in-remembrance-of-sandy-hook-school-shooting-victims\/\">Source link <\/a><\/p>","protected":false},"excerpt":{"rendered":"<p>NEWTOWN, Connecticut (WTNH) \u2013 O governador Ned Lamont (D-Conn.) ordenou que as bandeiras dos EUA e de Connecticut fossem hasteadas a meio mastro do nascer ao p\u00f4r do sol no&hellip;<\/p>","protected":false},"author":1,"featured_media":75312,"comment_status":"closed","ping_status":"open","sticky":false,"template":"","format":"standard","meta":{"content-type":"","footnotes":""},"categories":[1],"tags":[],"class_list":["post-75964","post","type-post","status-publish","format-standard","has-post-thumbnail","hentry","category-uncategorized"],"_links":{"self":[{"href":"https:\/\/tvbrazilusa.com\/pt\/wp-json\/wp\/v2\/posts\/75964","targetHints":{"allow":["GET"]}}],"collection":[{"href":"https:\/\/tvbrazilusa.com\/pt\/wp-json\/wp\/v2\/posts"}],"about":[{"href":"https:\/\/tvbrazilusa.com\/pt\/wp-json\/wp\/v2\/types\/post"}],"author":[{"embeddable":true,"href":"https:\/\/tvbrazilusa.com\/pt\/wp-json\/wp\/v2\/users\/1"}],"replies":[{"embeddable":true,"href":"https:\/\/tvbrazilusa.com\/pt\/wp-json\/wp\/v2\/comments?post=75964"}],"version-history":[{"count":1,"href":"https:\/\/tvbrazilusa.com\/pt\/wp-json\/wp\/v2\/posts\/75964\/revisions"}],"predecessor-version":[{"id":75965,"href":"https:\/\/tvbrazilusa.com\/pt\/wp-json\/wp\/v2\/posts\/75964\/revisions\/75965"}],"wp:featuredmedia":[{"embeddable":true,"href":"https:\/\/tvbrazilusa.com\/pt\/wp-json\/wp\/v2\/media\/75312"}],"wp:attachment":[{"href":"https:\/\/tvbrazilusa.com\/pt\/wp-json\/wp\/v2\/media?parent=75964"}],"wp:term":[{"taxonomy":"category","embeddable":true,"href":"https:\/\/tvbrazilusa.com\/pt\/wp-json\/wp\/v2\/categories?post=75964"},{"taxonomy":"post_tag","embeddable":true,"href":"https:\/\/tvbrazilusa.com\/pt\/wp-json\/wp\/v2\/tags?post=75964"}],"curies":[{"name":"wp","href":"https:\/\/api.w.org\/{rel}","templated":true}]}}