{"id":76052,"date":"2024-12-13T20:34:00","date_gmt":"2024-12-13T20:34:00","guid":{"rendered":"https:\/\/tvbrazilusa.com\/2024\/12\/13\/mova-as-eleicoes-primarias-de-nj-para-que-nao-caiam-no-feriado-judaico-diz-o-governador\/"},"modified":"2024-12-13T20:39:17","modified_gmt":"2024-12-13T20:39:17","slug":"mova-as-eleicoes-primarias-de-nj-para-que-nao-caiam-no-feriado-judaico-diz-o-governador","status":"publish","type":"post","link":"https:\/\/tvbrazilusa.com\/pt\/2024\/12\/13\/mova-as-eleicoes-primarias-de-nj-para-que-nao-caiam-no-feriado-judaico-diz-o-governador\/","title":{"rendered":"Mova as elei\u00e7\u00f5es prim\u00e1rias de NJ para que n\u00e3o caiam no feriado judaico, diz o governador"},"content":{"rendered":"<script async src=\"https:\/\/pagead2.googlesyndication.com\/pagead\/js\/adsbygoogle.js?client=ca-pub-8864793242727901\"\r\n     crossorigin=\"anonymous\"><\/script>\n<div>\n<p class=\"article__paragraph article__paragraph--left\" id=\"EJDIFILMY5BBFGOUAFGS3RTNHQ\">Governador <a href=\"https:\/\/www.nj.com\/topic\/phil-murphy\/\" target=\"_blank\">Phil Murphy <\/a>e outros l\u00edderes democratas em Trenton querem mudar o <a href=\"https:\/\/www.nj.com\/politics\/2024\/06\/nj-primary-election-2024-see-live-results-for-state-county-and-local-races.html\" target=\"_blank\">elei\u00e7\u00f5es prim\u00e1rias do estado <\/a>para 10 de junho porque a data atual entra em conflito com o \u00faltimo dia de <a href=\"https:\/\/www.nj.com\/south-jersey-towns\/2016\/05\/learn_how_to_make_cheese_blint.html\" target=\"_blank\">Shavuot<\/a>um feriado em que os judeus ortodoxos est\u00e3o proibidos de dirigir ou usar aparelhos eletr\u00f4nicos.<\/p>\n<p class=\"article__paragraph article__paragraph--left\" id=\"MAP3JLGBDNDVTIYUMYO4WOCZ5Q\">Murphy, o presidente do Senado estadual, Nicholas Scutari, D-Union, e o presidente da Assembleia estadual Craig Coughlin, D-Middlesex, disseram que s\u00e3o obrigados a garantir que todos os eleitores de Nova Jersey possam participar das prim\u00e1rias.<\/p>\n<p class=\"article__paragraph article__paragraph--left\" id=\"A3WCI76XHVFDFBVOJ777ZSDXPE\">As prim\u00e1rias do estado est\u00e3o marcadas para 3 de junho, \u00faltimo dia do feriado.<\/p>\n<p class=\"article__paragraph article__paragraph--left\" id=\"EKHMRIBLOZFI3PFRWLBAQKHN2M\">\u201cO direito de voto \u00e9 a pedra angular da nossa democracia e todos merecem a liberdade de ter a sua voz ouvida nas urnas. Temos a obriga\u00e7\u00e3o de encorajar a participa\u00e7\u00e3o e garantir que todos possam participar e confiar no nosso sistema eleitoral\u201d, afirmaram Murphy, Scutari e Coughlin numa declara\u00e7\u00e3o conjunta no in\u00edcio desta semana.<\/p>\n<p class=\"article__paragraph article__paragraph--left\" id=\"ZCIJS3RBTVHPNM2WHXQEOSZB7U\">\u201cN\u00e3o podemos permitir que cren\u00e7as religiosas leg\u00edtimas e profundamente arraigadas se tornem uma barreira ao voto. Apoiamos a mudan\u00e7a das prim\u00e1rias de 2025 para 10 de junho e trabalharemos juntos para atingir esse objetivo\u201d, acrescentaram.<\/p>\n<p class=\"article__paragraph article__paragraph--left\" id=\"KP5OGTZIABACBCF75RZIR7XDRI\">Murphy est\u00e1 em seu \u00faltimo mandato e n\u00e3o pode concorrer novamente. A vota\u00e7\u00e3o prim\u00e1ria incluir\u00e1 candidatos para substitu\u00ed-lo.<\/p>\n<p class=\"article__paragraph article__paragraph--left\" id=\"CHUR7SNGUBB6NGUDRKTWSSJ2D4\">As prim\u00e1rias de Nova Jersey s\u00e3o realizadas na primeira ter\u00e7a-feira ap\u00f3s a primeira segunda-feira de junho.<\/p>\n<p class=\"article__paragraph article__paragraph--left\" id=\"JMMYPCUVRNAAHIJY4JOKLCJUYA\"><a href=\"https:\/\/jewishinsider.com\/2024\/12\/new-jersey-primary-shavuot-scheduling-conflict-jewish-voters\/\" target=\"_blank\">O Insider Judeu<\/a> informou na semana passada que um grupo de l\u00edderes judeus do estado enviou uma carta instando os tr\u00eas legisladores a mudarem a data das prim\u00e1rias.<\/p>\n<p class=\"article__paragraph article__paragraph--left\" id=\"22UIMP42IBHWJGQA66SSM6OSSE\">Scutari e o senador estadual Jim Beach, D-Camden, apresentaram legisla\u00e7\u00e3o esta semana que mudaria a data das prim\u00e1rias de 2025 para 10 de junho.<\/p>\n<p class=\"article__paragraph article__paragraph--left\" id=\"P3Z3HT4SRBCURBFOM23ZBEQA34\">No entanto, mudar a data para 10 de junho n\u00e3o ajudar\u00e1 a evitar Shavuot nos pr\u00f3ximos anos, porque as prim\u00e1rias de 2026 cairiam em 2 de junho, criando outro conflito.<\/p>\n<p class=\"article__paragraph article__paragraph--left\" id=\"HLBREQHEORBSLNLSLSFIPXOOOE\">Quatro candidatos a governador tamb\u00e9m apoiam a mudan\u00e7a de data das prim\u00e1rias. Eles incluem o senador estadual republicano Jon Bramnick e o deputado democrata dos EUA Josh Gottheimer, o ex-presidente do Senado estadual Stephen Sweeney e o deputado dos EUA Mikie Sherrill.<\/p>\n<p class=\"article__paragraph article__paragraph--left\" id=\"NGXRFBN5ONBL7FRIDBW5KDSGUA\"><i>Obrigado por confiar em n\u00f3s para fornecer not\u00edcias locais em que voc\u00ea pode confiar. Por favor, considere apoiar <\/i><a href=\"http:\/\/NJ.com\" target=\"_blank\"><i>NJ.com<\/i><\/a><i>  com uma assinatura volunt\u00e1ria.<\/i><\/p>\n<p class=\"article__paragraph article__paragraph--left\" id=\"EUPIQ6TIWJCX7HYJMJQJVEBNHY\"><i>Stephanie Loder pode ser contatada em <\/i><a href=\"https:\/\/www.nj.com\/politics\/2024\/12\/mailto:SLoder@njadvancemedia.com\" target=\"_blank\"><i>SLoder@njadvancemedia.com<\/i><\/a><i>.<\/i><\/p>\n<\/div>\n<p><br \/>\n<br \/><a href=\"https:\/\/www.nj.com\/politics\/2024\/12\/move-nj-primary-election-so-it-doesnt-fall-on-jewish-holiday-governor-says.html\">Source link <\/a><\/p>","protected":false},"excerpt":{"rendered":"<p>Governador Phil Murphy e outros l\u00edderes democratas em Trenton querem mudar o elei\u00e7\u00f5es prim\u00e1rias do estado para 10 de junho porque a data atual entra em conflito com o \u00faltimo&hellip;<\/p>","protected":false},"author":1,"featured_media":76053,"comment_status":"closed","ping_status":"open","sticky":false,"template":"","format":"standard","meta":{"content-type":"","footnotes":""},"categories":[1],"tags":[],"class_list":["post-76052","post","type-post","status-publish","format-standard","has-post-thumbnail","hentry","category-uncategorized"],"_links":{"self":[{"href":"https:\/\/tvbrazilusa.com\/pt\/wp-json\/wp\/v2\/posts\/76052","targetHints":{"allow":["GET"]}}],"collection":[{"href":"https:\/\/tvbrazilusa.com\/pt\/wp-json\/wp\/v2\/posts"}],"about":[{"href":"https:\/\/tvbrazilusa.com\/pt\/wp-json\/wp\/v2\/types\/post"}],"author":[{"embeddable":true,"href":"https:\/\/tvbrazilusa.com\/pt\/wp-json\/wp\/v2\/users\/1"}],"replies":[{"embeddable":true,"href":"https:\/\/tvbrazilusa.com\/pt\/wp-json\/wp\/v2\/comments?post=76052"}],"version-history":[{"count":1,"href":"https:\/\/tvbrazilusa.com\/pt\/wp-json\/wp\/v2\/posts\/76052\/revisions"}],"predecessor-version":[{"id":76054,"href":"https:\/\/tvbrazilusa.com\/pt\/wp-json\/wp\/v2\/posts\/76052\/revisions\/76054"}],"wp:featuredmedia":[{"embeddable":true,"href":"https:\/\/tvbrazilusa.com\/pt\/wp-json\/wp\/v2\/media\/76053"}],"wp:attachment":[{"href":"https:\/\/tvbrazilusa.com\/pt\/wp-json\/wp\/v2\/media?parent=76052"}],"wp:term":[{"taxonomy":"category","embeddable":true,"href":"https:\/\/tvbrazilusa.com\/pt\/wp-json\/wp\/v2\/categories?post=76052"},{"taxonomy":"post_tag","embeddable":true,"href":"https:\/\/tvbrazilusa.com\/pt\/wp-json\/wp\/v2\/tags?post=76052"}],"curies":[{"name":"wp","href":"https:\/\/api.w.org\/{rel}","templated":true}]}}