{"id":76087,"date":"2024-12-13T21:21:05","date_gmt":"2024-12-13T21:21:05","guid":{"rendered":"https:\/\/tvbrazilusa.com\/2024\/12\/13\/jerod-mayo-deseja-felicidades-a-bill-belichick-na-unc-nao-espera-perder-nenhum-assistente-do-patriots\/"},"modified":"2024-12-13T21:27:06","modified_gmt":"2024-12-13T21:27:06","slug":"jerod-mayo-deseja-felicidades-a-bill-belichick-na-unc-nao-espera-perder-nenhum-assistente-do-patriots","status":"publish","type":"post","link":"https:\/\/tvbrazilusa.com\/pt\/2024\/12\/13\/jerod-mayo-deseja-felicidades-a-bill-belichick-na-unc-nao-espera-perder-nenhum-assistente-do-patriots\/","title":{"rendered":"Jerod Mayo deseja felicidades a Bill Belichick na UNC, n\u00e3o espera perder nenhum assistente do Patriots"},"content":{"rendered":"<p> <script async src=\"https:\/\/pagead2.googlesyndication.com\/pagead\/js\/adsbygoogle.js?client=ca-pub-8864793242727901\"\r\n     crossorigin=\"anonymous\"><\/script><br \/>\n<\/p>\n<div id=\"\">\n<header class=\"m-article-header m-article-header--standard\">\n\t\t\t\t\t\t\t\t\t\t\t\t<span id=\"article-header-primary-term\"><br \/>\n\t\t\t\t\t\t\t\t<a class=\"a-term a-term--primary\" href=\"https:\/\/www.boston.com\/tag\/new-england-patriots\/\"><\/p>\n<p>\t\t\t\t\t\t\t\tPatriotas\t\t\t\t\t\t\t\t<\/a><br \/>\n\t\t\t\t\t\t\t<\/span><\/p>\n<h2 class=\"m-article-header__sub-headline\">&#8220;Ele \u00e9 um bom treinador. Ele deveria estar treinando.&#8221;<\/h2>\n<figure class=\"a-photo m-article-header__photo\"><figcaption class=\"a-photo__caption\">\n<p>\tJerod Mayo trabalhou com Bill Belichick como treinador por cinco temporadas, depois de jogar com ele por oito. <em> (Foto de Mark Brown\/Getty Images)<\/em>\t<\/figcaption><\/figure>\n<div class=\"m-article-header__meta\">\n<div class=\"m-article-header__byline\">\n<p class=\"m-article-header__author\">\n<p>\t\t\t\t\t\t\t\tPor <a class=\"a-link a-link--inline\" href=\"https:\/\/www.boston.com\/author\/conor-roche\/\">Conor Roche<\/a>\t\t\t\t\t\t\t<\/p>\n<p>\t\t\t\t\t\t\t\t\t\t\t\t\t\t\t<time class=\"m-article-header__date\"><\/p>\n<p>\t\t\t\t\t\t\t\t\t13 de dezembro de 2024 | 16h21\t\t\t\t\t\t\t\t<\/time><\/p>\n<p><span>2 minutos para ler<\/span><\/p>\n<\/p><\/div>\n<\/p><\/div>\n<\/header>\n<p>Jerod Mayo est\u00e1 feliz em ver seu ex-chefe e antecessor de volta ao jogo de treinador.<\/p>\n<p>O t\u00e9cnico do Patriots parabenizou Bill Belichick um dia depois de ele ter sido <a href=\"https:\/\/www.boston.com\/sports\/new-england-patriots\/2024\/12\/12\/bill-belichick-unc-north-carolina-new-england-patriots-nfl-football-don-shula\/\" target=\"_blank\" rel=\"noreferrer noopener\">apresentado oficialmente como o pr\u00f3ximo t\u00e9cnico da Carolina do Norte<\/a>. <\/p>\n<p>\u201cFeliz por ele\u201d, disse Mayo aos rep\u00f3rteres na sexta-feira. \u201cEle \u00e9 um bom treinador. Ele deveria estar treinando. Tenho certeza que ele far\u00e1 um bom trabalho l\u00e1 fora. Deseje a ele nada al\u00e9m do melhor.<\/p>\n<p>A mudan\u00e7a causou ondas de choque em todo o mundo do futebol, j\u00e1 que Belichick nunca ocupou um cargo oficial de treinador na faculdade. Mas entre o momento em que foi relatado pela primeira vez que Belichick estava conversando com a escola e sua contrata\u00e7\u00e3o, Mayo<a href=\"https:\/\/www.audacy.com\/weei\/sports\/patriots\/jerod-mayo-weighs-in-on-bill-belichick-possibly-going-to-unc\" target=\"_blank\" rel=\"noreferrer noopener\"> disse ao \u201cThe Greg Hill Show\u201d da WEEI<\/a> que ele poderia ver seu ex-t\u00e9cnico ter sucesso no n\u00edvel universit\u00e1rio.<\/p>\n<p>\u201cPara mim, n\u00e3o importa se voc\u00ea \u00e9 um jovem ou um veterano de 10 anos na liga, ele \u00e9 um \u00f3timo professor\u201d, disse Mayo na segunda-feira. \u201cEu desejo a ele nada al\u00e9m do melhor. Realmente n\u00e3o importa em que n\u00edvel, acho que ele ter\u00e1 sucesso.\u201d<\/p>\n<p>Agora que Belichick est\u00e1 se instalando em Chapel Hill, seu pr\u00f3ximo passo \u00e9 preencher sua equipe. Ele j\u00e1 contratou um ex-executivo do Patriots para se juntar a ele, nomeando Mike Lombardi para ser gerente geral da UNC.<\/p>\n<p>Como Belichick pretende fazer v\u00e1rias contrata\u00e7\u00f5es nas pr\u00f3ximas semanas, \u00e9 f\u00e1cil imaginar se ele contratar\u00e1 algum de seus ex-assistentes na Nova Inglaterra para se juntar a ele. Mayo n\u00e3o espera que nenhum funcion\u00e1rio atual do Patriots siga Belichick at\u00e9 Chapel Hill, mas ele n\u00e3o tinha certeza.<\/p>\n<p>\u201cBem, minha expectativa \u00e9 que teremos todos os nossos treinadores, ent\u00e3o n\u00e3o tenho certeza\u201d, disse Mayo. \u201cMas, novamente, isso pode mudar. Quer dizer, eu n\u00e3o sei.<\/p>\n<p>N\u00e3o h\u00e1 muitos vest\u00edgios da equipe t\u00e9cnica de Belichick ainda em Foxborough. Sete membros da equipe de Mayo treinaram com Belichick, enquanto outros tr\u00eas jogaram com ele.<\/p>\n<p>Um desses assistentes, por\u00e9m, \u00e9 o filho de Belichick, Brian. Mayo foi questionado especificamente se havia alguma preocupa\u00e7\u00e3o em perder Brian Belichick para a Carolina do Norte na sexta-feira. <\/p>\n<p>\u201cN\u00e3o quero entrar nisso\u201d, respondeu Mayo. \u201cEssa \u00e9 uma pergunta para ele. Voc\u00ea perguntou a ele ontem?<\/p>\n<p>Brian Belichick foi, de fato, questionado sobre isso na quinta-feira. Ele deu uma resposta que lembrava o que seu pai provavelmente teria dito quando lhe fizeram essa pergunta. <\/p>\n<p>\u201cPessoalmente, estou muito ocupado hoje, me preparando para os treinos em campo\u201d, disse Belichick aos rep\u00f3rteres. \u201c\u00c9 um dia especialmente importante para n\u00f3s porque partiremos amanh\u00e3. Muita coisa para esclarecer. Como todas as semanas na NFL.<\/p>\n<p>\u201cEstamos muito ocupados aqui. Meu foco \u00e9 ir para o Arizona e conseguir uma vit\u00f3ria.\u201d<\/p>\n<p>Quando Mayo foi informado de que o jovem Belichick disse que estava focado no jogo de domingo contra os Cardinals, ele se divertiu um pouco.<\/p>\n<p>\u201cTudo bem, ent\u00e3o por que voc\u00ea est\u00e1 tentando me enganar? N\u00e3o, estou apenas brincando. Estou apenas brincando\u201d, Mayo respondeu brincando.<\/p>\n<div class=\"m-block m-generic-cta\t m-generic-cta--post-content\t m-generic-cta--dark\t m-generic-cta--homepage\t m-generic-cta--email-signup\t\t m-generic-cta-block-style--default \tt-amp__generic-cta\"><\/p>\n<div class=\"m-generic-cta__wrap\">\n<div class=\"m-generic-cta__content\">\n<h3 class=\"m-generic-cta__title\">Inscreva-se para receber atualiza\u00e7\u00f5es do Patriots\ud83c\udfc8<\/h3>\n<p class=\"m-generic-cta__subtitle\">Receba as \u00faltimas not\u00edcias e an\u00e1lises em sua caixa de entrada durante a temporada de futebol.<\/p>\n<\/p><\/div>\n<\/p><\/div>\n<\/div><\/div>\n<p><script>\n\t\tvar consent=\"grant\";\n\t\t\/* The above code is parsing the JSON data from the local storage and storing it in a variable. *\/\n\t\t\t\t\tconst onetrustStorageConsent = JSON.parse(localStorage.getItem( 'consent_one_trust_bdc' ) );\n\t\t\tif ( ( onetrustStorageConsent !== null ) ) {\n\t\t\t\t\/* Checking to see if the user has consented to the use of cookies.\n\t\t\t\t* If they have not, it is deleting the cookie.\n\t\t\t\t* This will comment for now, until further notice.\n\t\t\t\t*\/\n\t\t\t\t\/\/if ( onetrustStorageConsent.C0002 === false ) {\n\t\t\t\t\/\/\tdocument.cookie=\"_fbp=;expires=Thu, 01 Jan 2010 00:00:00 UTC; path=\/; domain=.boston.com\";\n\t\t\t\t\/\/}\n\t\t\t\t\/* Checking if the user has given consent for the cookie C0002.\n\t\t\t\t* If the user has given consent, the variable consent will be set to 'grant'.\n\t\t\t\t* If the user has not given consent,the variable consent will be set to 'revoke'.\n\t\t\t\t* Documentation https:\/\/developers.facebook.com\/docs\/meta-pixel\/implementation\/gdpr\n\t\t\t\t*\/\n\t\t\t\tif ( onetrustStorageConsent.C0002 !== true ) {\n\t\t\t\t\tconsent=\"revoke\";\n\t\t\t\t}\n\t\t\t}\n\t\t\t\t!function(f,b,e,v,n,t,s)\n\t\t{if(f.fbq)return;n=f.fbq=function(){n.callMethod?\n\t\tn.callMethod.apply(n,arguments):n.queue.push(arguments)};\n\t\tif(!f._fbq)f._fbq=n;n.push=n;n.loaded=!0;n.version='2.0';\n\t\tn.queue=[];t=b.createElement(e);t.async=!0;\n\t\tt.src=v;s=b.getElementsByTagName(e)[0];\n\t\ts.parentNode.insertBefore(t,s)}(window, document,'script',\n\t\t'https:\/\/connect.facebook.net\/en_US\/fbevents.js');\n\t\tfbq('consent', consent);\n\t\tfbq('init', '989222871864976');\n\t\tfbq('track', 'PageView');\n\t<\/script><script type=\"module\">\n\t\tvar consent=\"grant\";\n\t\t\/* The above code is parsing the JSON data from the local storage and storing it in a variable. *\/\n\t\t\tconst onetrustStorageConsent = JSON.parse(localStorage.getItem( 'consent_one_trust_bdc' ) );\n\t\t\t\/* Checking to see if the user has consented to the use of cookies.\n\t\t\t* If they have not, it is deleting the cookie.\n\t\t\t* This will comment for now, until further notice.\n\t\t\t*\/\n\t\t\t\/\/if ( onetrustStorageConsent.C0002 === false ) {\n\t\t\t\/\/\tdocument.cookie=\"_fbp=;expires=Thu, 01 Jan 2010 00:00:00 UTC; path=\/; domain=.boston.com\";\n\t\t\t\/\/}\n\t\t\t\/* Checking if the user has given consent for the cookie C0002.\n\t\t\t* If the user has given consent, the variable consent will be set to 'grant'.\n\t\t\t* If the user has not given consent,the variable consent will be set to 'revoke'.\n\t\t\t* Documentation https:\/\/developers.facebook.com\/docs\/meta-pixel\/implementation\/gdpr\n\t\t\t*\/\n\t\t\tif ( ( onetrustStorageConsent !== null ) && (onetrustStorageConsent.C0002 !== true ) ) {\n\t\t\t\tconsent=\"revoke\";\n\t\t\t}\n\t\t\t\t!function(f,b,e,v,n,t,s){if(f.fbq)return;n=f.fbq=function()\n\t\t{n.callMethod? n.callMethod.apply(n,arguments):n.queue.push(arguments)}\n\t\t;if(!f._fbq)f._fbq=n;\n\t\tn.push=n;n.loaded=!0;n.version='2.0';n.queue=[];t=b.createElement(e);t.async=!0;\n\t\tt.src=v;s=b.getElementsByTagName(e)[0];s.parentNode.insertBefore(t,s)}(window,\n\t\tdocument,'script','https:\/\/connect.facebook.net\/en_US\/fbevents.js');\n\t\tfbq('consent', consent);\n\t\tfbq('init', '813236348753005');\n\t\tfbq('track', \"PageView\");\n\t<\/script><br \/>\n<br \/><br \/>\n<br \/><a href=\"https:\/\/www.boston.com\/sports\/new-england-patriots\/2024\/12\/13\/jerod-mayo-bill-belichick-unc-north-carolina-head-coach-patriots\/\">Source link <\/a><\/p>","protected":false},"excerpt":{"rendered":"<p>Patriotas &#8220;Ele \u00e9 um bom treinador. Ele deveria estar treinando.&#8221; Jerod Mayo trabalhou com Bill Belichick como treinador por cinco temporadas, depois de jogar com ele por oito. (Foto de&hellip;<\/p>","protected":false},"author":1,"featured_media":76088,"comment_status":"closed","ping_status":"open","sticky":false,"template":"","format":"standard","meta":{"content-type":"","footnotes":""},"categories":[1],"tags":[],"class_list":["post-76087","post","type-post","status-publish","format-standard","has-post-thumbnail","hentry","category-uncategorized"],"_links":{"self":[{"href":"https:\/\/tvbrazilusa.com\/pt\/wp-json\/wp\/v2\/posts\/76087","targetHints":{"allow":["GET"]}}],"collection":[{"href":"https:\/\/tvbrazilusa.com\/pt\/wp-json\/wp\/v2\/posts"}],"about":[{"href":"https:\/\/tvbrazilusa.com\/pt\/wp-json\/wp\/v2\/types\/post"}],"author":[{"embeddable":true,"href":"https:\/\/tvbrazilusa.com\/pt\/wp-json\/wp\/v2\/users\/1"}],"replies":[{"embeddable":true,"href":"https:\/\/tvbrazilusa.com\/pt\/wp-json\/wp\/v2\/comments?post=76087"}],"version-history":[{"count":1,"href":"https:\/\/tvbrazilusa.com\/pt\/wp-json\/wp\/v2\/posts\/76087\/revisions"}],"predecessor-version":[{"id":76089,"href":"https:\/\/tvbrazilusa.com\/pt\/wp-json\/wp\/v2\/posts\/76087\/revisions\/76089"}],"wp:featuredmedia":[{"embeddable":true,"href":"https:\/\/tvbrazilusa.com\/pt\/wp-json\/wp\/v2\/media\/76088"}],"wp:attachment":[{"href":"https:\/\/tvbrazilusa.com\/pt\/wp-json\/wp\/v2\/media?parent=76087"}],"wp:term":[{"taxonomy":"category","embeddable":true,"href":"https:\/\/tvbrazilusa.com\/pt\/wp-json\/wp\/v2\/categories?post=76087"},{"taxonomy":"post_tag","embeddable":true,"href":"https:\/\/tvbrazilusa.com\/pt\/wp-json\/wp\/v2\/tags?post=76087"}],"curies":[{"name":"wp","href":"https:\/\/api.w.org\/{rel}","templated":true}]}}