{"id":76090,"date":"2024-12-13T21:33:09","date_gmt":"2024-12-13T21:33:09","guid":{"rendered":"https:\/\/tvbrazilusa.com\/2024\/12\/13\/vereador-que-chamou-colega-de-preto-safado-e-liberado-pela-justica\/"},"modified":"2024-12-13T21:33:10","modified_gmt":"2024-12-13T21:33:10","slug":"vereador-que-chamou-colega-de-preto-safado-e-liberado-pela-justica","status":"publish","type":"post","link":"https:\/\/tvbrazilusa.com\/pt\/2024\/12\/13\/vereador-que-chamou-colega-de-preto-safado-e-liberado-pela-justica\/","title":{"rendered":"Vereador que chamou colega de &#8216;preto safado&#8217; \u00e9 liberado pela Justi\u00e7a"},"content":{"rendered":"<p> <script async src=\"https:\/\/pagead2.googlesyndication.com\/pagead\/js\/adsbygoogle.js?client=ca-pub-8864793242727901\"\r\n     crossorigin=\"anonymous\"><\/script><br \/>\n<\/p>\n<div id=\"taboola-read-more\" style=\"display:block; width:100%\">\n<p>O vereador Dr. Jo\u00e3o Naves (PSD), que havia sido preso na \u00faltima ter\u00e7a-feira (10) sob a acusa\u00e7\u00e3o de cometer inj\u00faria racial contra o colega Bruno Marino (Podemos) dentro da C\u00e2mara Municipal de Carapicu\u00edba, teve a pris\u00e3o revogada pela justi\u00e7a nesta sexta-feira (13).\n<\/p>\n<p>O que aconteceu<br \/>Justi\u00e7a considerou que o vereador &#8220;\u00e9 prim\u00e1rio, n\u00e3o possui maus antecedentes, tem resid\u00eancia fixa e trabalho l\u00edcito&#8221;. Al\u00e9m disso, tamb\u00e9m foi citado o fato de que o crime n\u00e3o envolve viol\u00eancia ou grave amea\u00e7a e, em caso de condena\u00e7\u00e3o, &#8220;sequer \u00e9 cab\u00edvel o regime inicial fechado&#8221;.<\/p>\n<p>Medidas cautelares foram impostas ao autuado. Ele dever\u00e1 manter seu endere\u00e7o residencial atualizado nos autos e est\u00e1 proibido de manter contato com a v\u00edtima.\n<\/p>\n<p>Decis\u00e3o segue manifesta\u00e7\u00e3o do Minist\u00e9rio P\u00fablico, que foi favor\u00e1vel \u00e0 soltura. Inqu\u00e9rito policial do caso tramita sob sigilo, informou o Tribunal de Justi\u00e7a de S\u00e3o Paulo.\n<\/p>\n<p>Relembre o caso<br \/>O vereador Jo\u00e3o Naves (PSD) foi preso em flagrante na manh\u00e3 de ter\u00e7a-feira (10). Ele foi acusado de cometer inj\u00faria racial contra o colega Bruno Marino (Podemos) dentro da C\u00e2mara Municipal de Carapicu\u00edba.\n<\/p>\n<p>V\u00eddeo divulgado pela pr\u00f3pria v\u00edtima mostra o momento em que ele \u00e9 detido e levado por uma viatura. Ao fundo, \u00e9 poss\u00edvel ouvir uma mulher gritando &#8220;tem lei para racista, racismo agora \u00e9 crime&#8221;.\n<\/p>\n<p>Bruno Marino, 29, relata ter sido chamado de &#8220;preto safado&#8221; pelo parlamentar. &#8220;Tive um grande problema hoje com o vereador Jo\u00e3o Naves, o qual me ofendeu diversas vezes e, por fim, acabou fazendo inj\u00faria racial contra a minha pessoa. Afirmou por duas vezes que eu era um &#8216;preto safado&#8217; e isso eu n\u00e3o vou admitir&#8221;, relatou em suas redes sociais.\n<\/p>\n<p>Fonte: UOL              <\/p>\n<\/div>\n<p><br \/>\n<br \/><a href=\"https:\/\/diariodobrasilnoticias.com.br\/noticia\/vereador-que-chamou-colega-de-preto-safado-e-liberado-pela-justica-675c896d74b22\">Source link <\/a><\/p>","protected":false},"excerpt":{"rendered":"<p>O vereador Dr. Jo\u00e3o Naves (PSD), que havia sido preso na \u00faltima ter\u00e7a-feira (10) sob a acusa\u00e7\u00e3o de cometer inj\u00faria racial contra o colega Bruno Marino (Podemos) dentro da C\u00e2mara&hellip;<\/p>","protected":false},"author":1,"featured_media":76091,"comment_status":"closed","ping_status":"open","sticky":false,"template":"","format":"standard","meta":{"content-type":"","footnotes":""},"categories":[16],"tags":[123,2448,5313,1267],"class_list":["post-76090","post","type-post","status-publish","format-standard","has-post-thumbnail","hentry","category-noticias","tag-brasil","tag-diario","tag-noticia","tag-noticias"],"_links":{"self":[{"href":"https:\/\/tvbrazilusa.com\/pt\/wp-json\/wp\/v2\/posts\/76090","targetHints":{"allow":["GET"]}}],"collection":[{"href":"https:\/\/tvbrazilusa.com\/pt\/wp-json\/wp\/v2\/posts"}],"about":[{"href":"https:\/\/tvbrazilusa.com\/pt\/wp-json\/wp\/v2\/types\/post"}],"author":[{"embeddable":true,"href":"https:\/\/tvbrazilusa.com\/pt\/wp-json\/wp\/v2\/users\/1"}],"replies":[{"embeddable":true,"href":"https:\/\/tvbrazilusa.com\/pt\/wp-json\/wp\/v2\/comments?post=76090"}],"version-history":[{"count":1,"href":"https:\/\/tvbrazilusa.com\/pt\/wp-json\/wp\/v2\/posts\/76090\/revisions"}],"predecessor-version":[{"id":76092,"href":"https:\/\/tvbrazilusa.com\/pt\/wp-json\/wp\/v2\/posts\/76090\/revisions\/76092"}],"wp:featuredmedia":[{"embeddable":true,"href":"https:\/\/tvbrazilusa.com\/pt\/wp-json\/wp\/v2\/media\/76091"}],"wp:attachment":[{"href":"https:\/\/tvbrazilusa.com\/pt\/wp-json\/wp\/v2\/media?parent=76090"}],"wp:term":[{"taxonomy":"category","embeddable":true,"href":"https:\/\/tvbrazilusa.com\/pt\/wp-json\/wp\/v2\/categories?post=76090"},{"taxonomy":"post_tag","embeddable":true,"href":"https:\/\/tvbrazilusa.com\/pt\/wp-json\/wp\/v2\/tags?post=76090"}],"curies":[{"name":"wp","href":"https:\/\/api.w.org\/{rel}","templated":true}]}}