{"id":76114,"date":"2024-12-13T22:01:24","date_gmt":"2024-12-13T22:01:24","guid":{"rendered":"https:\/\/tvbrazilusa.com\/2024\/12\/13\/pacheco-o-garoto-de-recados-de-lula-ao-senado\/"},"modified":"2024-12-13T22:01:25","modified_gmt":"2024-12-13T22:01:25","slug":"pacheco-o-garoto-de-recados-de-lula-ao-senado","status":"publish","type":"post","link":"https:\/\/tvbrazilusa.com\/pt\/2024\/12\/13\/pacheco-o-garoto-de-recados-de-lula-ao-senado\/","title":{"rendered":"Pacheco, o garoto de recados de Lula ao Senado"},"content":{"rendered":"<p> <script async src=\"https:\/\/pagead2.googlesyndication.com\/pagead\/js\/adsbygoogle.js?client=ca-pub-8864793242727901\"\r\n     crossorigin=\"anonymous\"><\/script><br \/>\n<\/p>\n<div id=\"taboola-read-more\" style=\"display:block; width:100%\">\n<p>Rodrigo Pacheco (PSD-MG), presidente do Senado, adotou tom de interven\u00e7\u00e3o sobre a vota\u00e7\u00e3o do pacote de cortes de gastos. Enquanto Arthur Lira (PP-AL), presidente da C\u00e2mara, critica a falta de apoio e votos para as propostas do Pal\u00e1cio Planalto, Pacheco defende que as medidas sejam votadas at\u00e9 o recesso e apela \u00e0 sensibilidade dos parlamentares, mencionando a sa\u00fade do presidente Lula.\n<\/p>\n<p>De acordo com o chefe maior do Congresso Nacional, o pacote fiscal \u201cimp\u00f5e uma grande responsabilidade de agilidade, de poder tratar temas t\u00e3o relevantes em um curto espa\u00e7o de tempo. \u00d3bvio que estamos mantendo, hoje, um otimismo de que somos capazes de fazer essa aprecia\u00e7\u00e3o a tempo, antes do recesso. Quero crer que esse \u00e9 o sentimento da C\u00e2mara dos Deputados e afirmo que esse \u00e9 o sentimento do Senado\u201d, enfatizou.<\/p>\n<p>Rodrigo Pacheco (PSD-MG), presidente do Senado, adotou tom de interven\u00e7\u00e3o sobre a vota\u00e7\u00e3o do pacote de cortes de gastos. Enquanto Arthur Lira (PP-AL), presidente da C\u00e2mara, critica a falta de apoio e votos para as propostas do Pal\u00e1cio Planalto, Pacheco defende que as medidas sejam votadas at\u00e9 o recesso e apela \u00e0 sensibilidade dos parlamentares, mencionando a sa\u00fade do presidente Lula.\n<\/p>\n<p>De acordo com o chefe maior do Congresso Nacional, o pacote fiscal \u201cimp\u00f5e uma grande responsabilidade de agilidade, de poder tratar temas t\u00e3o relevantes em um curto espa\u00e7o de tempo. \u00d3bvio que estamos mantendo, hoje, um otimismo de que somos capazes de fazer essa aprecia\u00e7\u00e3o a tempo, antes do recesso. Quero crer que esse \u00e9 o sentimento da C\u00e2mara dos Deputados e afirmo que esse \u00e9 o sentimento do Senado\u201d, enfatizou.<br \/><strong>E completou:<\/strong>\n<\/p>\n<p>\u201cEsse acontecimento com o presidente Lula, de ele precisar interromper suas atividades para submeter-se a essa cirurgia, \u00e9 muito importante que a gente recobre nossa responsabilidade, pois s\u00e3o problemas de pa\u00eds, um pa\u00eds que ele lidera como presidente da Rep\u00fablica. Seria importante que todos n\u00f3s nos un\u00edssemos na solu\u00e7\u00e3o dos problemas e pud\u00e9ssemos tranquilizar o presidente\u201d.\n<\/p>\n<p>N\u00e3o tem votos<br \/>Apesar de convocar esfor\u00e7o concentrado para os pr\u00f3ximos dias de vota\u00e7\u00e3o, o presidente da C\u00e2mara, Arthur Lira (PP-AL) afirma que a base governista n\u00e3o tem votos para aprovar as mat\u00e9rias enviada pelo Planalto.\n<\/p>\n<p>\u201cO acerto \u00e9 que n\u00e3o tem votos. [\u2026] S\u00e3o temas \u00e1rduos, dif\u00edceis. Tem parlamentares de esquerda, de partidos como o pr\u00f3prio PT, que t\u00eam dificuldade de votar. O PSOL n\u00e3o votou nem na urg\u00eancia\u201d, disse.\n<\/p>\n<p>Libera\u00e7\u00e3o das emendas<br \/>Como mostramos, a Secretaria de Rela\u00e7\u00f5es Institucionais, minist\u00e9rio de Alexandre Padilha (foto), informou na noite desta quinta-feira, 12, que pagou 1,76 bilh\u00f5es de reais dos 6,8 bilh\u00f5es de reais em emendas que estavam represados em raz\u00e3o de decis\u00f5es do Supremo Tribunal Federal (STF).\n<\/p>\n<p>Com isso, o governo federal espera que o pacote de ajuste fiscal de Fernando Haddad seja destravado na C\u00e2mara.\n<\/p>\n<p>Desse valor, 1,2 bilh\u00f5es de reais s\u00e3o fruto das chamadas emendas de transfer\u00eancia especial \u2013 denominadas de emendas pix. Foram liberados tamb\u00e9m 300 milh\u00f5es de reais a t\u00edtulo de emenda de bancada e 228 milh\u00f5es de reais via emendas individuais. As emendas de comiss\u00e3o ainda n\u00e3o foram pagas.\n<\/p>\n<p>Fonte: O Antagonista              <\/p>\n<\/div>\n<p><br \/>\n<br \/><a href=\"https:\/\/diariodobrasilnoticias.com.br\/noticia\/pacheco-o-garoto-de-recados-de-lula-ao-senado-675c8c3164549\">Source link <\/a><\/p>","protected":false},"excerpt":{"rendered":"<p>Rodrigo Pacheco (PSD-MG), presidente do Senado, adotou tom de interven\u00e7\u00e3o sobre a vota\u00e7\u00e3o do pacote de cortes de gastos. Enquanto Arthur Lira (PP-AL), presidente da C\u00e2mara, critica a falta de&hellip;<\/p>","protected":false},"author":1,"featured_media":76115,"comment_status":"closed","ping_status":"open","sticky":false,"template":"","format":"standard","meta":{"content-type":"","footnotes":""},"categories":[16],"tags":[123,2448,5313,1267],"class_list":["post-76114","post","type-post","status-publish","format-standard","has-post-thumbnail","hentry","category-noticias","tag-brasil","tag-diario","tag-noticia","tag-noticias"],"_links":{"self":[{"href":"https:\/\/tvbrazilusa.com\/pt\/wp-json\/wp\/v2\/posts\/76114","targetHints":{"allow":["GET"]}}],"collection":[{"href":"https:\/\/tvbrazilusa.com\/pt\/wp-json\/wp\/v2\/posts"}],"about":[{"href":"https:\/\/tvbrazilusa.com\/pt\/wp-json\/wp\/v2\/types\/post"}],"author":[{"embeddable":true,"href":"https:\/\/tvbrazilusa.com\/pt\/wp-json\/wp\/v2\/users\/1"}],"replies":[{"embeddable":true,"href":"https:\/\/tvbrazilusa.com\/pt\/wp-json\/wp\/v2\/comments?post=76114"}],"version-history":[{"count":1,"href":"https:\/\/tvbrazilusa.com\/pt\/wp-json\/wp\/v2\/posts\/76114\/revisions"}],"predecessor-version":[{"id":76116,"href":"https:\/\/tvbrazilusa.com\/pt\/wp-json\/wp\/v2\/posts\/76114\/revisions\/76116"}],"wp:featuredmedia":[{"embeddable":true,"href":"https:\/\/tvbrazilusa.com\/pt\/wp-json\/wp\/v2\/media\/76115"}],"wp:attachment":[{"href":"https:\/\/tvbrazilusa.com\/pt\/wp-json\/wp\/v2\/media?parent=76114"}],"wp:term":[{"taxonomy":"category","embeddable":true,"href":"https:\/\/tvbrazilusa.com\/pt\/wp-json\/wp\/v2\/categories?post=76114"},{"taxonomy":"post_tag","embeddable":true,"href":"https:\/\/tvbrazilusa.com\/pt\/wp-json\/wp\/v2\/tags?post=76114"}],"curies":[{"name":"wp","href":"https:\/\/api.w.org\/{rel}","templated":true}]}}