{"id":76122,"date":"2024-12-13T22:12:45","date_gmt":"2024-12-13T22:12:45","guid":{"rendered":"https:\/\/tvbrazilusa.com\/2024\/12\/13\/lula-esteve-sob-risco-de-morte-e-o-socorro-dependeu-de-um-aviso-de-empresario\/"},"modified":"2024-12-13T22:12:46","modified_gmt":"2024-12-13T22:12:46","slug":"lula-esteve-sob-risco-de-morte-e-o-socorro-dependeu-de-um-aviso-de-empresario","status":"publish","type":"post","link":"https:\/\/tvbrazilusa.com\/pt\/2024\/12\/13\/lula-esteve-sob-risco-de-morte-e-o-socorro-dependeu-de-um-aviso-de-empresario\/","title":{"rendered":"Lula esteve sob risco de morte, e o socorro dependeu de um aviso de empres\u00e1rio"},"content":{"rendered":"<p> <script async src=\"https:\/\/pagead2.googlesyndication.com\/pagead\/js\/adsbygoogle.js?client=ca-pub-8864793242727901\"\r\n     crossorigin=\"anonymous\"><\/script><br \/>\n<\/p>\n<div id=\"taboola-read-more\" style=\"display:block; width:100%\">\n<p>O presidente Luiz In\u00e1cio Lula da Silva (PT), 79 anos, correu risco de morte na 2\u00aa feira (9.dez.2024) quando teve fortes dores que o levaram ao hospital, onde um sangramento intracraniano, que atingiu uma \u00e1rea de aproximadamente 3 cm de extens\u00e3o, foi identificado no lado esquerdo da cabe\u00e7a. O hematoma j\u00e1 pressionava o seu c\u00e9rebro e, caso houvesse demorado mais algumas horas para ter uma avalia\u00e7\u00e3o m\u00e9dica, poderia ter chegado a um quadro de coma, que \u00e9 quando o paciente entra em um estado profundo de sono, em que n\u00e3o pode ser acordado.\n<\/p>\n<p>Lula j\u00e1 vinha reclamando de dores ao longo de uma semana antes dos exames realizados na 2\u00aa feira (9.dez). Nesse per\u00edodo, viajou ao Mato Grosso do Sul, ao Uruguai, onde participou da C\u00fapula do Mercosul, e a S\u00e3o Paulo, de 5\u00aa feira (5.dez) a s\u00e1bado (7.dez), quando retornou a Bras\u00edlia. No total, realizou 4 voos.<\/p>\n<p>Na 2\u00aa feira (9.dez), o presidente apresentou tamb\u00e9m sintomas gripais e um pouco de febre. Assessores, ministros e outras pessoas que estiveram com o petista naquele dia identificaram que ele estava diferente do habitual, mais quieto, abatido e indisposto. Ele tamb\u00e9m relatou a algumas pessoas que estava com cefaleia. O presidente da C\u00e2mara, Arthur Lira (PP-AL), que esteve com Lula numa reuni\u00e3o com outros congressistas, notou que o petista ficou em sil\u00eancio a maior parte do tempo.\n<\/p>\n<p>Coube ao empres\u00e1rio Jos\u00e9 Seripieri Filho, que era conhecido com \u201cJ\u00fanior da Qualicorp\u201d, avisar ao m\u00e9dico pessoal de Lula, o cardiologista Roberto Kalil Filho, que o presidente n\u00e3o estava bem. O agora dono da Amil esteve com o petista em uma reuni\u00e3o que n\u00e3o estava marcada na agenda oficial e que n\u00e3o foi registrada at\u00e9 o momento.\n<\/p>\n<p>J\u00fanior \u00e9 amigo de Lula. Em 2022, ele deu carona em seu avi\u00e3o Gulfstream G600 ao petista, ainda quando era presidente eleito, numa viagem para o Egito, onde participou da COP27, a confer\u00eancia do clima da ONU (Organiza\u00e7\u00e3o das Na\u00e7\u00f5es Unidas).\n<\/p>\n<p>Empres\u00e1rio que atua no ramo da corretagem de planos de sa\u00fade, Seripieri ficou conhecido durante muitos anos como \u201cJ\u00fanior da Qualicorp\u201d, empresa da qual n\u00e3o faz mais parte do quadro societ\u00e1rio h\u00e1 v\u00e1rios anos. Em 2020, foi preso por 4 dias em uma opera\u00e7\u00e3o da Lava Jato sob a acusa\u00e7\u00e3o de ter pagado R$ 5 milh\u00f5es n\u00e3o contabilizados a campanha eleitoral de Jos\u00e9 Serra (PSDB-SP) ao Senado em 2014. Na \u00e9poca, Seripieri negou as acusa\u00e7\u00f5es e disse que a pris\u00e3o era \u201cinjustific\u00e1vel\u201d. Serra tamb\u00e9m negou as acusa\u00e7\u00f5es, disse ter sido \u201csurpreendido\u201d com a opera\u00e7\u00e3o e que lamentava a \u201cespetaculariza\u00e7\u00e3o\u201d do caso.\n<\/p>\n<p>Kalil, que estava em S\u00e3o Paulo, pediu \u00e0 m\u00e9dica da Presid\u00eancia da Rep\u00fablica, a infectologista Ana Helena Germoglio, que fosse examinar o presidente em seu gabinete. Ela tamb\u00e9m achou que ele n\u00e3o estava bem e os 2 m\u00e9dicos decidiram que Lula fosse levado ao hospital S\u00edrio-Liban\u00eas, em Bras\u00edlia. Lula chegou ao local por volta das 18h30.\n<\/p>\n<p>O comboio presidencial deixou o Pal\u00e1cio do Planalto pelos fundos e a bandeira-ins\u00edgnia da Presid\u00eancia da Rep\u00fablica continuou hasteada at\u00e9 20h. O s\u00edmbolo indica a presen\u00e7a do presidente em determinado local e sua perman\u00eancia hasteada quando Lula j\u00e1 havia deixado o local \u00e9 um erro. Esse procedimento foi usado para despistar a m\u00eddia, pois os jornalistas ficaram sem saber que o petista havia sa\u00eddo do Pal\u00e1cio.\n<\/p>\n<p>Segundo o Poder360 apurou, inicialmente, a equipe m\u00e9dica considerou que o presidente estaria com covid-19 por causa dos sintomas apresentados. A primeira-dama Janja Lula da Silva havia tido a infec\u00e7\u00e3o pelo coronav\u00edrus cerca de 10 dias antes \u2013informa\u00e7\u00e3o mantida em sigilo at\u00e9 a publica\u00e7\u00e3o deste post. Ainda assim, os m\u00e9dicos aproveitaram para realizar uma tomografia. Lula tem realizado com frequ\u00eancia exames de imagem para monitorar a cabe\u00e7a.\n<\/p>\n<p>Em 19 de outubro, o petista sofreu uma queda em um banheiro no Pal\u00e1cio da Alvorada em que bateu com for\u00e7a a parte de tr\u00e1s do cr\u00e2nio no ch\u00e3o. Na queda, houve um chacoalh\u00e3o do c\u00e9rebro, que formou 2 co\u00e1gulos.\n<\/p>\n<p>O resultado do exame realizado na 2\u00aa feira (9.dez), por\u00e9m, apontou uma hemorragia de cerca de 3 cm, considerada grande, no lado esquerdo da cabe\u00e7a. Nesse momento, Kalil e outros m\u00e9dicos de S\u00e3o Paulo e de Bras\u00edlia discutiram a transfer\u00eancia do presidente para a capital paulista por considerar que haveria estrutura melhor para atender Lula.\n<\/p>\n<p>De acordo com os m\u00e9dicos, o sangramento se deu na regi\u00e3o entre o c\u00e9rebro e a membrana men\u00edngea, que tem uma de suas camadas chamada de dura m\u00e1ter, que \u00e9 mais externa, espessa e forte localizada sob o cr\u00e2nio e a coluna vertebral. Mesmo que n\u00e3o tenha atingido diretamente o c\u00e9rebro, o sangramento j\u00e1 comprimia a regi\u00e3o.\n<\/p>\n<p>Segundo o Poder360 apurou, um aumento da press\u00e3o no c\u00e9rebro poderia agravar o quadro do presidente levando a um coma. No limite, com o sangramento evoluindo, Lula poderia estar morto na manh\u00e3 de 3\u00aa feira se nada tivesse sido feito.\n<\/p>\n<p>A equipe m\u00e9dica, incluindo neurocirurgi\u00f5es, decidiu levar Lula para S\u00e3o Paulo mesmo que a viagem oferecesse riscos. Os profissionais consideraram que a hemorragia estava em uma \u00e1rea em que j\u00e1 havia tido outro sangramento, logo ap\u00f3s o acidente dom\u00e9stico de outubro. Dessa forma, o c\u00e9rebro estava \u201cacostumado\u201d com a press\u00e3o e o presidente poderia suportar a viagem de cerca de 1h30.\n<\/p>\n<p>O presidente viajou no Airbus A319CJ, identificado pela FAB (For\u00e7a A\u00e9rea Brasileira) como VC-1 e conhecido como Aerolula, para a capital paulista por volta das 23h. Lula usou oxig\u00eanio durante todo o trajeto. At\u00e9 a publica\u00e7\u00e3o deste post, o que se sabia era que a viagem havia sido em um avi\u00e3o da FAB, pois o Planalto e as For\u00e7as Armadas se negavam a dizer qual foi exatamente o equipamento utilizado.\n<\/p>\n<p>Viajaram com o presidente no avi\u00e3o a primeira-dama Janja Lula da Silva, a m\u00e9dica Ana Helena Germoglio, o chefe de ajud\u00e2ncia de ordens, Valmir Moraes, e o neurocirurgi\u00e3o do hospital S\u00edrio-Liban\u00eas de Bras\u00edlia, Mauro Suzuki, al\u00e9m de seguran\u00e7as. Durante o voo, os m\u00e9dicos enviaram relat\u00f3rios sobre o estado de sa\u00fade do presidente para a equipe m\u00e9dica de S\u00e3o Paulo.\n<\/p>\n<p>Integrantes do governo e assessores chegaram pouco antes em outro avi\u00e3o, mas n\u00e3o esperaram o presidente para auxili\u00e1-lo, caso houvesse alguma necessidade. Ministros do governo permaneceram em Bras\u00edlia.\n<\/p>\n<p>Os m\u00e9dicos aguardaram Lula na pista do aeroporto de Congonhas. Assim que o avi\u00e3o pousou, \u00e0s 0h24, Kalil entrou na aeronave para receber o presidente, que j\u00e1 estava de p\u00e9, consciente e com a fala correta. Uma ambul\u00e2ncia do hospital S\u00edrio-Liban\u00eas j\u00e1 aguardava na pista.\n<\/p>\n<p>Lula foi transportado deitado diretamente at\u00e9 o centro cir\u00fargico do hospital, que fica a cerca de 11 km do aeroporto. A Pol\u00edcia Federal escoltou a ambul\u00e2ncia.\n<\/p>\n<p>O presidente entrou diretamente para a sala onde seria operado. Foi dispensado at\u00e9 de fazer exames de sangue protocolares feitos antes de cirurgias. Lula foi submetido ainda na madrugada a uma trepana\u00e7\u00e3o craniana, em que 2 pequenos furos foram feitos em seu cr\u00e2nio para drenar a hemorragia. Ele recebeu anestesia geral e precisou ser intubado. O procedimento durou cerca de 3 horas. Assim que acabou, passou por uma tomografia de controle para avalia\u00e7\u00e3o.\n<\/p>\n<p>Apenas Janja acompanhou o presidente no hospital. \u00c9 ela que tem ficado com Lula enquanto ele n\u00e3o pode receber visitas porque est\u00e1 na UTI (Unidade de Terapia Intensiva). O presidente acordou por volta das 5h, quando foi extubado.\n<\/p>\n<p>Na 3\u00aa feira (10.dez), a equipe m\u00e9dica informou que Lula n\u00e3o havia tido nenhuma sequela no c\u00e9rebro e que estava com as fun\u00e7\u00f5es neurol\u00f3gicas preservadas.\n<\/p>\n<p>Lula passou por um novo procedimento na manh\u00e3 desta 5\u00aa feira (12.dez). Foi submetido a um cateterismo por volta das 7h da manh\u00e3, no Hospital S\u00edrio-Liban\u00eas, em S\u00e3o Paulo, para interromper o fluxo de sangue em uma art\u00e9ria que irriga a membrana que reveste o c\u00e9rebro, a meninge.\n<\/p>\n<p>Os m\u00e9dicos reiteraram que Lula est\u00e1 com as fun\u00e7\u00f5es neurol\u00f3gicas preservadas e se recupera bem. O presidente ainda est\u00e1 na UTI. Depois, dever\u00e1 ir para um quarto do hospital, onde continuar\u00e1 internado nos pr\u00f3ximos dias. Se tudo correr bem, poder\u00e1 ter alta no in\u00edcio da pr\u00f3xima semana e retornar para Bras\u00edlia.\n<\/p>\n<p>Fonte: Poder 360              <\/p>\n<\/div>\n<p><br \/>\n<br \/><a href=\"https:\/\/diariodobrasilnoticias.com.br\/noticia\/lula-esteve-sob-risco-de-morte-e-o-socorro-dependeu-de-um-aviso-de-empresario-675c8acc316fc\">Source link <\/a><\/p>","protected":false},"excerpt":{"rendered":"<p>O presidente Luiz In\u00e1cio Lula da Silva (PT), 79 anos, correu risco de morte na 2\u00aa feira (9.dez.2024) quando teve fortes dores que o levaram ao hospital, onde um sangramento&hellip;<\/p>","protected":false},"author":1,"featured_media":76123,"comment_status":"closed","ping_status":"open","sticky":false,"template":"","format":"standard","meta":{"content-type":"","footnotes":""},"categories":[16],"tags":[123,2448,5313,1267],"class_list":["post-76122","post","type-post","status-publish","format-standard","has-post-thumbnail","hentry","category-noticias","tag-brasil","tag-diario","tag-noticia","tag-noticias"],"_links":{"self":[{"href":"https:\/\/tvbrazilusa.com\/pt\/wp-json\/wp\/v2\/posts\/76122","targetHints":{"allow":["GET"]}}],"collection":[{"href":"https:\/\/tvbrazilusa.com\/pt\/wp-json\/wp\/v2\/posts"}],"about":[{"href":"https:\/\/tvbrazilusa.com\/pt\/wp-json\/wp\/v2\/types\/post"}],"author":[{"embeddable":true,"href":"https:\/\/tvbrazilusa.com\/pt\/wp-json\/wp\/v2\/users\/1"}],"replies":[{"embeddable":true,"href":"https:\/\/tvbrazilusa.com\/pt\/wp-json\/wp\/v2\/comments?post=76122"}],"version-history":[{"count":1,"href":"https:\/\/tvbrazilusa.com\/pt\/wp-json\/wp\/v2\/posts\/76122\/revisions"}],"predecessor-version":[{"id":76124,"href":"https:\/\/tvbrazilusa.com\/pt\/wp-json\/wp\/v2\/posts\/76122\/revisions\/76124"}],"wp:featuredmedia":[{"embeddable":true,"href":"https:\/\/tvbrazilusa.com\/pt\/wp-json\/wp\/v2\/media\/76123"}],"wp:attachment":[{"href":"https:\/\/tvbrazilusa.com\/pt\/wp-json\/wp\/v2\/media?parent=76122"}],"wp:term":[{"taxonomy":"category","embeddable":true,"href":"https:\/\/tvbrazilusa.com\/pt\/wp-json\/wp\/v2\/categories?post=76122"},{"taxonomy":"post_tag","embeddable":true,"href":"https:\/\/tvbrazilusa.com\/pt\/wp-json\/wp\/v2\/tags?post=76122"}],"curies":[{"name":"wp","href":"https:\/\/api.w.org\/{rel}","templated":true}]}}