{"id":7614,"date":"2024-07-21T04:00:00","date_gmt":"2024-07-21T04:00:00","guid":{"rendered":"https:\/\/tvbrazilusa.com\/2024\/07\/21\/calendario-henry-schools-olhando-para-o-ano-academico-de-2025\/"},"modified":"2024-07-24T15:39:12","modified_gmt":"2024-07-24T15:39:12","slug":"calendario-henry-schools-olhando-para-o-ano-academico-de-2025","status":"publish","type":"post","link":"https:\/\/tvbrazilusa.com\/pt\/2024\/07\/21\/calendario-henry-schools-olhando-para-o-ano-academico-de-2025\/","title":{"rendered":"CALEND\u00c1RIO: Henry Schools Olhando para o Ano Acad\u00eamico de 2025"},"content":{"rendered":"<p> <script async src=\"https:\/\/pagead2.googlesyndication.com\/pagead\/js\/adsbygoogle.js?client=ca-pub-8864793242727901\"\r\n     crossorigin=\"anonymous\"><\/script><br \/>\n<br \/>Enquanto o Sistema Escolar do Condado de Henry se prepara para o primeiro dia de aula em 1\u00ba de agosto, o Conselho de Educa\u00e7\u00e3o aprovou recentemente o calend\u00e1rio para o ano letivo de 2025-26.<br \/>\n<br \/><br \/>\n<br \/><a href=\"https:\/\/www.henryherald.com\/news\/calendar-henry-schools-looking-ahead-to-2025-academic-year\/article_e03368c8-460b-11ef-be7f-33cd3ab133d3.html\">Source link <\/a><\/p>","protected":false},"excerpt":{"rendered":"<p>Enquanto o Sistema Escolar do Condado de Henry se prepara para o primeiro dia de aula em 1\u00ba de agosto, o Conselho de Educa\u00e7\u00e3o aprovou recentemente o calend\u00e1rio para o&hellip;<\/p>","protected":false},"author":1,"featured_media":7615,"comment_status":"closed","ping_status":"open","sticky":false,"template":"","format":"standard","meta":{"content-type":"","footnotes":""},"categories":[1],"tags":[],"class_list":["post-7614","post","type-post","status-publish","format-standard","has-post-thumbnail","hentry","category-uncategorized"],"_links":{"self":[{"href":"https:\/\/tvbrazilusa.com\/pt\/wp-json\/wp\/v2\/posts\/7614","targetHints":{"allow":["GET"]}}],"collection":[{"href":"https:\/\/tvbrazilusa.com\/pt\/wp-json\/wp\/v2\/posts"}],"about":[{"href":"https:\/\/tvbrazilusa.com\/pt\/wp-json\/wp\/v2\/types\/post"}],"author":[{"embeddable":true,"href":"https:\/\/tvbrazilusa.com\/pt\/wp-json\/wp\/v2\/users\/1"}],"replies":[{"embeddable":true,"href":"https:\/\/tvbrazilusa.com\/pt\/wp-json\/wp\/v2\/comments?post=7614"}],"version-history":[{"count":1,"href":"https:\/\/tvbrazilusa.com\/pt\/wp-json\/wp\/v2\/posts\/7614\/revisions"}],"predecessor-version":[{"id":7616,"href":"https:\/\/tvbrazilusa.com\/pt\/wp-json\/wp\/v2\/posts\/7614\/revisions\/7616"}],"wp:featuredmedia":[{"embeddable":true,"href":"https:\/\/tvbrazilusa.com\/pt\/wp-json\/wp\/v2\/media\/7615"}],"wp:attachment":[{"href":"https:\/\/tvbrazilusa.com\/pt\/wp-json\/wp\/v2\/media?parent=7614"}],"wp:term":[{"taxonomy":"category","embeddable":true,"href":"https:\/\/tvbrazilusa.com\/pt\/wp-json\/wp\/v2\/categories?post=7614"},{"taxonomy":"post_tag","embeddable":true,"href":"https:\/\/tvbrazilusa.com\/pt\/wp-json\/wp\/v2\/tags?post=7614"}],"curies":[{"name":"wp","href":"https:\/\/api.w.org\/{rel}","templated":true}]}}