{"id":76140,"date":"2024-12-13T22:35:52","date_gmt":"2024-12-13T22:35:52","guid":{"rendered":"https:\/\/tvbrazilusa.com\/2024\/12\/13\/convites-para-posse-de-trump-comecam-a-ser-enviados-milei-e-presidente-da-china-estao-entre-nomes\/"},"modified":"2024-12-13T22:35:53","modified_gmt":"2024-12-13T22:35:53","slug":"convites-para-posse-de-trump-comecam-a-ser-enviados-milei-e-presidente-da-china-estao-entre-nomes","status":"publish","type":"post","link":"https:\/\/tvbrazilusa.com\/pt\/2024\/12\/13\/convites-para-posse-de-trump-comecam-a-ser-enviados-milei-e-presidente-da-china-estao-entre-nomes\/","title":{"rendered":"Convites para posse de Trump come\u00e7am a ser enviados, Milei e presidente da China est\u00e3o entre nomes"},"content":{"rendered":"<p> <script async src=\"https:\/\/pagead2.googlesyndication.com\/pagead\/js\/adsbygoogle.js?client=ca-pub-8864793242727901\"\r\n     crossorigin=\"anonymous\"><\/script><br \/>\n<\/p>\n<div id=\"taboola-read-more\" style=\"display:block; width:100%\">\n<p>O presidente eleito dos Estados Unidos, Donald Trump, j\u00e1 come\u00e7ou a distribuir convites para sua cerim\u00f4nia de posse, marcada para 20 de janeiro de 2025, a alguns l\u00edderes mundiais. A lista mistura chefes de Estado que n\u00e3o mantiveram boas rela\u00e7\u00f5es com o pa\u00eds no passado recente, como o presidente da China, Xi Jinping, com aliados ferrenhos do republicano, a exemplo de Javier Milei, da Argentina.\n<\/p>\n<p>Durante uma apari\u00e7\u00e3o na Bolsa de Valores de Nova York, na quinta-feira, 12, Trump afirmou que estava \u201cpensando em convidar certas pessoas para a inaugura\u00e7\u00e3o\u201d, sem citar nenhum nome espec\u00edfico.<\/p>\n<p>\u201cE algumas pessoas disseram: \u2018Uau, isso \u00e9 um pouco arriscado, n\u00e3o \u00e9?\u2019\u201d, acrescentou ele. \u201cE eu disse: \u2018Talvez seja. Vamos ver. Vamos ver o que acontece.\u2019 Mas n\u00f3s gostamos de riscos.\u201d\n<\/p>\n<p>A nova secret\u00e1ria de imprensa da Casa Branca, Karoline Leavitt, por sua vez, afirmou na quinta-feira \u00e0 emissora americana Fox News que Trump j\u00e1 havia convidado Xi Jinping e outros l\u00edderes mundiais para participar de sua posse.\n<\/p>\n<p>A presen\u00e7a de Xi, no entanto, \u201cainda n\u00e3o foi determinada\u201d e fontes familiarizadas com o assunto, que conversaram com a emissora americana CNN, acreditam que o l\u00edder chin\u00eas n\u00e3o deve comparecer ao evento. A bandeira branca diplom\u00e1tica ocorre ap\u00f3s uma s\u00e9rie de amea\u00e7as de Trump de imposi\u00e7\u00e3o de um tarifa\u00e7o sobre produtos chineses assim que assumir o comando da Casa Branca.\n<\/p>\n<p>De acordo com a equipe de transi\u00e7\u00e3o do republicano, al\u00e9m de Xi, a lista de chefes de Estado j\u00e1 convocados inclui o ultraliberal Javier Milei, que j\u00e1 visitou o presidente eleito dos EUA na Fl\u00f3rida, a primeira-ministra de extrema direita da It\u00e1lia, Giorgia Meloni, e o presidente de El Salvador, Nayib Bukele, cujo pol\u00eamico expurgo de gangues criminosas atraiu den\u00fancias de viola\u00e7\u00f5es de direitos humanos \u2014 todos aliados pr\u00f3ximos a Trump.\n<\/p>\n<p>Movimento inesperado<br \/>N\u00e3o \u00e9 comum que presidentes de outros pa\u00edses participem da posse no Capit\u00f3lio, sede do poder legislativo dos Estados Unidos. Na inaugura\u00e7\u00e3o do atual mandat\u00e1rio, Joe Biden, por exemplo, estiveram presentes apenas ex-presidentes americanos, como Bill Clinton, George W. Bush e Barack Obama. Derrotado, Trump n\u00e3o compareceu ao evento, ao contr\u00e1rio do seu ent\u00e3o vice, Mike Pence.\n<\/p>\n<p>\u201cEsse \u00e9 um exemplo do presidente Trump criando um di\u00e1logo aberto com l\u00edderes de pa\u00edses que n\u00e3o s\u00e3o apenas aliados, mas nossos advers\u00e1rios e tamb\u00e9m nossos concorrentes\u201d, disse \u00e0 Fox News a porta-voz de Trump, Leavitt. \u201cVimos isso em seu primeiro mandato. Ele recebeu muitas cr\u00edticas por isso, mas levou \u00e0 paz a todo o mundo. Ele est\u00e1 disposto a conversar com qualquer um e sempre colocar\u00e1 os interesses da Am\u00e9rica em primeiro lugar.\u201d\n<\/p>\n<p>Uma das bandeiras da campanha republicana, que ressoou com os eleitores do partido, foi que o primeiro mandato de Trump n\u00e3o observou a profus\u00e3o de conflitos que eclodiram ao longo dos \u00faltimos quatro anos de governo Biden. Apoiadores acreditam que a comunidade internacional nutria \u201cmedo\u201d diante de um presidente americano supostamente mais forte.\n<\/p>\n<p>Os convites para participar da posse presidencial t\u00eam sido feitos, por enquanto, de maneira informal \u2014 atrav\u00e9s de telefonemas a respeito de outros assuntos ou canais secretos, e n\u00e3o diretamente entre Trump e outros l\u00edderes.\n<\/p>\n<p>Sobre a China, o atual porta-voz de seguran\u00e7a nacional da Casa Branca, John Kirby, afirmou que esse \u00e9 \u201csem d\u00favidas\u201d o relacionamento bilateral com maiores consequ\u00eancias e repercuss\u00f5es que os Estados Unidos t\u00eam no mundo. \u201c\u00c9 um relacionamento repleto de perigo e responsabilidade\u201d, completou.\n<\/p>\n<p>Fonte: Veja              <\/p>\n<\/div>\n<p><br \/>\n<br \/><a href=\"https:\/\/diariodobrasilnoticias.com.br\/noticia\/convites-para-posse-de-trump-comecam-a-ser-enviados-milei-e-presidente-da-china-estao-entre-nomes-675c9b149984a\">Source link <\/a><\/p>","protected":false},"excerpt":{"rendered":"<p>O presidente eleito dos Estados Unidos, Donald Trump, j\u00e1 come\u00e7ou a distribuir convites para sua cerim\u00f4nia de posse, marcada para 20 de janeiro de 2025, a alguns l\u00edderes mundiais. A&hellip;<\/p>","protected":false},"author":1,"featured_media":76141,"comment_status":"closed","ping_status":"open","sticky":false,"template":"","format":"standard","meta":{"content-type":"","footnotes":""},"categories":[16],"tags":[123,2448,5313,1267],"class_list":["post-76140","post","type-post","status-publish","format-standard","has-post-thumbnail","hentry","category-noticias","tag-brasil","tag-diario","tag-noticia","tag-noticias"],"_links":{"self":[{"href":"https:\/\/tvbrazilusa.com\/pt\/wp-json\/wp\/v2\/posts\/76140","targetHints":{"allow":["GET"]}}],"collection":[{"href":"https:\/\/tvbrazilusa.com\/pt\/wp-json\/wp\/v2\/posts"}],"about":[{"href":"https:\/\/tvbrazilusa.com\/pt\/wp-json\/wp\/v2\/types\/post"}],"author":[{"embeddable":true,"href":"https:\/\/tvbrazilusa.com\/pt\/wp-json\/wp\/v2\/users\/1"}],"replies":[{"embeddable":true,"href":"https:\/\/tvbrazilusa.com\/pt\/wp-json\/wp\/v2\/comments?post=76140"}],"version-history":[{"count":1,"href":"https:\/\/tvbrazilusa.com\/pt\/wp-json\/wp\/v2\/posts\/76140\/revisions"}],"predecessor-version":[{"id":76142,"href":"https:\/\/tvbrazilusa.com\/pt\/wp-json\/wp\/v2\/posts\/76140\/revisions\/76142"}],"wp:featuredmedia":[{"embeddable":true,"href":"https:\/\/tvbrazilusa.com\/pt\/wp-json\/wp\/v2\/media\/76141"}],"wp:attachment":[{"href":"https:\/\/tvbrazilusa.com\/pt\/wp-json\/wp\/v2\/media?parent=76140"}],"wp:term":[{"taxonomy":"category","embeddable":true,"href":"https:\/\/tvbrazilusa.com\/pt\/wp-json\/wp\/v2\/categories?post=76140"},{"taxonomy":"post_tag","embeddable":true,"href":"https:\/\/tvbrazilusa.com\/pt\/wp-json\/wp\/v2\/tags?post=76140"}],"curies":[{"name":"wp","href":"https:\/\/api.w.org\/{rel}","templated":true}]}}