{"id":76155,"date":"2024-12-13T22:50:31","date_gmt":"2024-12-13T22:50:31","guid":{"rendered":"https:\/\/tvbrazilusa.com\/2024\/12\/13\/trump-quer-mudar-o-relogio-para-horario-de-verao-wsvn-7news-noticias-de-miami-clima-esportes-fort-lauderdale\/"},"modified":"2024-12-13T22:56:01","modified_gmt":"2024-12-13T22:56:01","slug":"trump-quer-mudar-o-relogio-para-horario-de-verao-wsvn-7news-noticias-de-miami-clima-esportes-fort-lauderdale","status":"publish","type":"post","link":"https:\/\/tvbrazilusa.com\/pt\/2024\/12\/13\/trump-quer-mudar-o-relogio-para-horario-de-verao-wsvn-7news-noticias-de-miami-clima-esportes-fort-lauderdale\/","title":{"rendered":"Trump quer mudar o rel\u00f3gio para hor\u00e1rio de ver\u00e3o &#8211; WSVN 7News | Not\u00edcias de Miami, clima, esportes | Fort Lauderdale"},"content":{"rendered":"<p> <script async src=\"https:\/\/pagead2.googlesyndication.com\/pagead\/js\/adsbygoogle.js?client=ca-pub-8864793242727901\"\r\n     crossorigin=\"anonymous\"><\/script><br \/>\n<\/p>\n<div itemprop=\"articleBody\">\n<p>NOVA IORQUE (AP) \u2013 O presidente eleito Donald Trump quer apagar as luzes no hor\u00e1rio de ver\u00e3o.<\/p>\n<p>Em uma postagem em seu site de m\u00eddia social na sexta-feira, Trump disse que seu partido tentaria acabar com a pr\u00e1tica quando ele retornasse ao cargo.<\/p>\n<p>\u201cO Partido Republicano envidar\u00e1 todos os seus esfor\u00e7os para eliminar o hor\u00e1rio de ver\u00e3o, que tem um eleitorado pequeno mas forte, mas n\u00e3o deveria! O hor\u00e1rio de ver\u00e3o \u00e9 inconveniente e muito caro para a nossa na\u00e7\u00e3o\u201d, escreveu ele.<\/p>\n<p>Adiar os rel\u00f3gios uma hora na primavera e atras\u00e1-los uma hora no outono tem como objetivo maximizar a luz do dia durante os meses de ver\u00e3o, mas h\u00e1 muito tempo \u00e9 objeto de exame minucioso. O hor\u00e1rio de ver\u00e3o foi adotado pela primeira vez como medida de guerra em 1942.<\/p>\n<p>Os legisladores propuseram ocasionalmente a elimina\u00e7\u00e3o total da mudan\u00e7a de hor\u00e1rio. A tentativa recente mais proeminente, um projeto de lei bipartid\u00e1rio agora paralisado chamado Lei de Prote\u00e7\u00e3o ao Sol, prop\u00f4s tornar o hor\u00e1rio de ver\u00e3o permanente.<\/p>\n<p>A medida foi patrocinada pelo senador da Fl\u00f3rida Marco Rubio, a quem Trump contratou para chefiar o Departamento de Estado.<\/p>\n<p>\u201cMudar o rel\u00f3gio duas vezes por ano est\u00e1 desatualizado e desnecess\u00e1rio\u201d, disse o senador republicano Rick Scott, da Fl\u00f3rida, enquanto o Senado votava a favor da medida.<\/p>\n<p>Especialistas em sa\u00fade disseram que os legisladores est\u00e3o atrasados \u200b\u200be que o hor\u00e1rio padr\u00e3o deveria se tornar permanente.<\/p>\n<p>Alguns grupos de sa\u00fade, incluindo a Associa\u00e7\u00e3o M\u00e9dica Americana e a Academia Americana de Medicina do Sono, disseram que \u00e9 hora de acabar com os interruptores de hor\u00e1rio e que seguir o hor\u00e1rio padr\u00e3o se alinha melhor com o sol \u2013 e com a biologia humana.<\/p>\n<p>A maioria dos pa\u00edses n\u00e3o segue o hor\u00e1rio de ver\u00e3o. Para aqueles que o fazem, a data em que os rel\u00f3gios s\u00e3o alterados varia, criando uma complicada tape\u00e7aria de mudan\u00e7as nas diferen\u00e7as de fuso hor\u00e1rio.<\/p>\n<p>O Arizona e o Hava\u00ed n\u00e3o mudam seus rel\u00f3gios.<\/p>\n<p><em>Direitos autorais 2024 da Associated Press. Todos os direitos reservados. Este material n\u00e3o pode ser publicado, transmitido, reescrito ou redistribu\u00eddo.<\/em><\/p>\n<div class=\"wp-block-newsletter\">\n\t<strong class=\"wp-block-newsletter__title\">Cadastre-se em nosso boletim informativo para receber as \u00faltimas not\u00edcias diretamente em sua caixa de entrada<\/strong><\/p>\n<\/div><\/div>\n<p><br \/>\n<br \/><a href=\"https:\/\/wsvn.com\/news\/us-world\/trump-wants-to-turn-the-clock-on-daylight-saving-time\/\">Source link <\/a><\/p>","protected":false},"excerpt":{"rendered":"<p>NOVA IORQUE (AP) \u2013 O presidente eleito Donald Trump quer apagar as luzes no hor\u00e1rio de ver\u00e3o. Em uma postagem em seu site de m\u00eddia social na sexta-feira, Trump disse&hellip;<\/p>","protected":false},"author":1,"featured_media":76156,"comment_status":"closed","ping_status":"open","sticky":false,"template":"","format":"standard","meta":{"content-type":"","footnotes":""},"categories":[1],"tags":[],"class_list":["post-76155","post","type-post","status-publish","format-standard","has-post-thumbnail","hentry","category-uncategorized"],"_links":{"self":[{"href":"https:\/\/tvbrazilusa.com\/pt\/wp-json\/wp\/v2\/posts\/76155","targetHints":{"allow":["GET"]}}],"collection":[{"href":"https:\/\/tvbrazilusa.com\/pt\/wp-json\/wp\/v2\/posts"}],"about":[{"href":"https:\/\/tvbrazilusa.com\/pt\/wp-json\/wp\/v2\/types\/post"}],"author":[{"embeddable":true,"href":"https:\/\/tvbrazilusa.com\/pt\/wp-json\/wp\/v2\/users\/1"}],"replies":[{"embeddable":true,"href":"https:\/\/tvbrazilusa.com\/pt\/wp-json\/wp\/v2\/comments?post=76155"}],"version-history":[{"count":1,"href":"https:\/\/tvbrazilusa.com\/pt\/wp-json\/wp\/v2\/posts\/76155\/revisions"}],"predecessor-version":[{"id":76157,"href":"https:\/\/tvbrazilusa.com\/pt\/wp-json\/wp\/v2\/posts\/76155\/revisions\/76157"}],"wp:featuredmedia":[{"embeddable":true,"href":"https:\/\/tvbrazilusa.com\/pt\/wp-json\/wp\/v2\/media\/76156"}],"wp:attachment":[{"href":"https:\/\/tvbrazilusa.com\/pt\/wp-json\/wp\/v2\/media?parent=76155"}],"wp:term":[{"taxonomy":"category","embeddable":true,"href":"https:\/\/tvbrazilusa.com\/pt\/wp-json\/wp\/v2\/categories?post=76155"},{"taxonomy":"post_tag","embeddable":true,"href":"https:\/\/tvbrazilusa.com\/pt\/wp-json\/wp\/v2\/tags?post=76155"}],"curies":[{"name":"wp","href":"https:\/\/api.w.org\/{rel}","templated":true}]}}