{"id":7617,"date":"2024-07-24T15:35:32","date_gmt":"2024-07-24T15:35:32","guid":{"rendered":"https:\/\/tvbrazilusa.com\/2024\/07\/24\/preso-do-8-1-com-bipolaridade-sofre-surto-apos-ameacas-paulo-figueiredo\/"},"modified":"2024-07-24T15:40:23","modified_gmt":"2024-07-24T15:40:23","slug":"preso-do-8-1-com-bipolaridade-sofre-surto-apos-ameacas-paulo-figueiredo","status":"publish","type":"post","link":"https:\/\/tvbrazilusa.com\/pt\/2024\/07\/24\/preso-do-8-1-com-bipolaridade-sofre-surto-apos-ameacas-paulo-figueiredo\/","title":{"rendered":"Preso do 8\/1 com bipolaridade sofre surto ap\u00f3s amea\u00e7as &#8211; Paulo Figueiredo"},"content":{"rendered":"<p> <script async src=\"https:\/\/pagead2.googlesyndication.com\/pagead\/js\/adsbygoogle.js?client=ca-pub-8864793242727901\"\r\n     crossorigin=\"anonymous\"><\/script><br \/>\n<\/p>\n<div id=\"wtr-content\" data-bg=\"#FFFFFF\" data-fg=\"#006d91\" data-width=\"25\" data-mute=\"1\" data-fgopacity=\"1.00\" data-mutedopacity=\"0.5\" data-placement=\"bottom\" data-placement-offset=\"0\" data-content-offset=\"262\" data-placement-touch=\"bottom\" data-placement-offset-touch=\"0\" data-transparent=\"\" data-shadow=\"0\" data-touch=\"1\" data-non-touch=\"1\" data-comments=\"0\" data-commentsbg=\"transparent\" data-location=\"page\" data-mutedfg=\"#006d91\" data-endfg=\"#006d91\" data-rtl=\"\">\n<h3 class=\"wp-block-heading\">Um laudo emitido pela Junta M\u00e9dica indica que o mineiro Jos\u00e9 Cezar Duarte seja tratado \u201cpr\u00f3ximo \u00e0 sua resid\u00eancia\u201d, com \u201capoio familiar\u201d<\/h3>\n<p>\u201cFalaram que iam peg\u00e1-lo no p\u00e1tio da cadeia e que ele ia morrer!\u201d, revela a advogada Valquiria Mendes Xavier, ao denunciar amea\u00e7as sofridas pelo noivo Jos\u00e9 Cezar Duarte dentro da Penitenci\u00e1ria de Contagem, em Minas Gerais. O homem de 34 anos sofre de transtorno afetivo bipolar e teria entrado em surto psic\u00f3tico ap\u00f3s ser amea\u00e7ado.<\/p>\n<p>Segundo a defesa, um pedido de revoga\u00e7\u00e3o da pris\u00e3o foi protocolado no in\u00edcio deste m\u00eas, e a Procuradoria-Geral da Rep\u00fablica (PGR) solicitou avalia\u00e7\u00e3o pela Junta M\u00e9dica da penitenci\u00e1ria para analisar o quadro cl\u00ednico do r\u00e9u. O laudo solicitado foi encaminhado nessa segunda-feira (22) e aponta que o homem deve ser tratado \u201cpr\u00f3ximo \u00e0 sua resid\u00eancia\u201d, com \u201capoio familiar\u201d.<\/p>\n<p>De acordo com Valquiria, esse laudo evidencia que a situa\u00e7\u00e3o de sa\u00fade de Jos\u00e9 \u00e9 \u201cextremamente delicada\u201d e que o homem n\u00e3o tem condi\u00e7\u00f5es de permanecer na pris\u00e3o. Por isso, \u201cassim que o ministro Alexandre de Moraes abrir prazo para acusa\u00e7\u00e3o e defesa se manifestarem, entraremos novamente com pedido para revoga\u00e7\u00e3o da pris\u00e3o\u201d, informa.<\/p>\n<p>Enquanto aguarda, Jos\u00e9 segue em uma cela na enfermaria da Penitenci\u00e1ria Nelson Hungria por ter sofrido o surto psic\u00f3tico no dia seguinte \u00e0 pris\u00e3o. Ele foi levado \u00e0 cadeia durante a\u00a0opera\u00e7\u00e3o de 6 de junho, que encarcerou mais de 200 r\u00e9us do 8 de janeiro por suposto risco de fuga.<\/p>\n<p>\u201cS\u00f3 que o Jos\u00e9 estava em casa e tem uma filha de 11 anos [foto abaixo] que depende dele, ent\u00e3o n\u00e3o tinha inten\u00e7\u00e3o nenhuma de fugir\u201d, afirma a noiva, explicando que o mineiro ainda se recuperava de outro surto grave sofrido no in\u00edcio do ano. \u201cEle estava tomando medica\u00e7\u00e3o, recebendo acompanhamento e melhorando. Inclusive, \u00edamos marcar a data do nosso casamento no cart\u00f3rio na semana em que foi preso\u201d, lamenta Valquiria.<\/p>\n<p>Segundo ela, Duarte seguia todas as medidas cautelares, e ficou surpreso com a \u201cvisita\u201d dos policiais federais, que o encaminharam \u00e0 penitenci\u00e1ria. \u201cL\u00e1 ficou inicialmente em uma ala provis\u00f3ria, uma esp\u00e9cie de triagem, onde tinham outros presos nas celas da frente e ao lado que come\u00e7aram a amea\u00e7\u00e1-lo\u201d, relata a mulher, informando que visitou Jos\u00e9 Cezar no dia seguinte \u00e0 pris\u00e3o e percebeu seu estado de sa\u00fade.<\/p>\n<p>\u201cOs surtos que ele tem s\u00e3o desencadeados por estresse, e eu vi que que ele estava totalmente desorientado e fora da realidade, ent\u00e3o, na hora, chamei os guardas para que o levassem para tratamento urgente com medica\u00e7\u00e3o de crise\u201d, recorda, pontuando que viu o homem ser conduzido \u00e0 enfermaria, mas sem receber atendimento \u201cEra sexta-feira \u00e0 tarde, e a equipe j\u00e1 tinha ido embora porque n\u00e3o t\u00eam plant\u00e3o no fim de semana\u201d.<\/p>\n<p>Ainda segundo a mulher, os policiais penais tentaram dar o medicamento, mas Duarte estava \u201cfora de si\u201d e n\u00e3o aceitou. \u201cAcabou passando o fim de semana sem seus rem\u00e9dios e, como estava totalmente delirante, se recusou a comer, beber ou realizar higiene pessoal\u201d, lamenta Valquiria.<\/p>\n<p>A Gazeta do Povo entrou em contato com a Secretaria de Estado de Justi\u00e7a e Seguran\u00e7a P\u00fablica para tratar do caso, e foi informadaque detalhes \u201csobre estado de sa\u00fade de presos n\u00e3o s\u00e3o repassados em fun\u00e7\u00e3o da Lei Geral de Prote\u00e7\u00e3o de Dados\u201d.<\/p>\n<p>O que a pasta informou, no entanto, \u00e9 que Jos\u00e9 Cezar est\u00e1 em cela individual, na enfermaria e que \u201cessa situa\u00e7\u00e3o se deve ao fato de ele j\u00e1 chegar \u00e0 penitenci\u00e1ria, em 6 de junho, apresentando quadro de confus\u00e3o mental, pois j\u00e1 fazia acompanhamento psiqui\u00e1trico anterior \u00e0 pris\u00e3o\u201d.<\/p>\n<p>A secretaria ressaltou ainda \u201cque o preso se recusou a tomar os medicamentos nos dias seguintes \u00e0 pris\u00e3o, culminando para que no dia 9 de junho fosse encaminhado para uma unidade de sa\u00fade da rede p\u00fablica, onde foi medicado e retornou para a penitenci\u00e1ria\u201d.<\/p>\n<p>A reportagem tamb\u00e9m perguntou a respeito das amea\u00e7as que o preso teria sofrido, e a dire\u00e7\u00e3o da penitenci\u00e1ria afirmou que \u201capurar\u00e1 administrativamente\u201d.<\/p>\n<h2 class=\"wp-block-heading\">Defesa alerta que os surtos podem causar dem\u00eancia permanente<\/h2>\n<p>No pedido de revoga\u00e7\u00e3o de pris\u00e3o apresentado pela defesa ao gabinete do ministro Alexandre de Moraes, a advogada Bruna Cavalcante afirma que o r\u00e9u toma rem\u00e9dio controlado desde 2020 e que j\u00e1 precisou ficar internado devido a epis\u00f3dios de surto.<\/p>\n<p>Inclusive, \u201cem uma das consultas, j\u00e1 no ano de 2024, o m\u00e9dico alertou para o perigo de crises psic\u00f3ticas reiteradas e n\u00e3o tratadas, pois podem queimar neur\u00f4nios de forma permanente, sendo capaz de provocar dem\u00eancia\u201d, explicou a advogada no documento.<\/p>\n<p>Por isso, ela pontua que a pris\u00e3o domiciliar do acusado \u00e9 uma \u201cquest\u00e3o humanit\u00e1ria\u201d, j\u00e1 que ele precisa de acompanhamento m\u00e9dico peri\u00f3dico. Inclusive, cita que o acusado foi preso no dia 8 de janeiro de 2023 e solto cerca de 10 dias depois, \u201cjustamente pelo seu quadro grave de sa\u00fade mental\u201d.<\/p>\n<p>Agora, no entanto, o homem segue na pris\u00e3o h\u00e1 mais de 45 dias, apesar de Moraes j\u00e1 ter concedido liberdade em casos semelhantes, como de uma\u00a0presa do 8 de janeiro com quadro de epilepsia.<\/p>\n<h2 class=\"wp-block-heading\"><strong>Quem \u00e9 Jos\u00e9 Cezar Duarte Carlos?<\/strong><strong\/><\/h2>\n<p>Natural de Vi\u00e7osa, em Minas Gerais, Jos\u00e9 Cezar \u00e9 formado em Educa\u00e7\u00e3o F\u00edsica. Ele trabalhava como personal trainer e tamb\u00e9m como motoboy. Seu \u00fanico irm\u00e3o, J\u00falio C\u00e9sar Duarte, de 37 anos, afirma que Jos\u00e9 \u201c\u00e9 uma pessoa maravilhosa, calma, amorosa e o melhor irm\u00e3o que Deus poderia me presentear\u201d.<\/p>\n<p>Ele cita ainda que Jos\u00e9 \u00e9 muito trabalhador e que sempre realizou suas atividades normalmente, \u201ccom acompanhamento m\u00e9dico e medica\u00e7\u00e3o em dia\u201d. No entanto, \u201cest\u00e1 sendo privado de sua liberdade, injustamente\u201d.<\/p>\n<p>Segundo ele, o homem esteve nas manifesta\u00e7\u00f5es do 8 de janeiro de forma pac\u00edfica, e n\u00e3o h\u00e1 nenhum ind\u00edcio de participa\u00e7\u00e3o nas depreda\u00e7\u00f5es. \u201cEle est\u00e1 sendo acusado de crimes que n\u00e3o teve participa\u00e7\u00e3o\u201d, lamenta o pedagogo, citando que o irm\u00e3o foi condenado a 17 anos de pris\u00e3o \u201csimplesmente por estar dentro do Pal\u00e1cio do Planalto\u201d.<\/p>\n<p>\u201cE, infelizmente, meu irm\u00e3o toma rem\u00e9dios controlados, e estar preso, ainda mais sofrendo amea\u00e7as, pode piorar o estado mental dele\u201d, alerta, com esperan\u00e7a de que a justi\u00e7a ser\u00e1 feita. \u201cDeus vai aben\u00e7oar, e meu irm\u00e3o ser\u00e1 solto para ter a presen\u00e7a efetiva da fam\u00edlia e da filha dele tamb\u00e9m\u201d, finaliza.<\/p>\n<p><strong><a href=\"https:\/\/www.gazetadopovo.com.br\/vida-e-cidadania\/preso-8-1-com-bipolaridade-surto-apos-ameacas-prisao-domiciliar\/\">Source link<\/a><\/strong><\/p>\n<\/div>\n<p><br \/>\n<br \/><a href=\"https:\/\/paulofigueiredoshow.com\/preso-do-8-1-com-bipolaridade-sofre-surto-apos-ameacas\/\">Source link <\/a><\/p>","protected":false},"excerpt":{"rendered":"<p>Um laudo emitido pela Junta M\u00e9dica indica que o mineiro Jos\u00e9 Cezar Duarte seja tratado \u201cpr\u00f3ximo \u00e0 sua resid\u00eancia\u201d, com \u201capoio familiar\u201d \u201cFalaram que iam peg\u00e1-lo no p\u00e1tio da cadeia&hellip;<\/p>","protected":false},"author":1,"featured_media":7618,"comment_status":"closed","ping_status":"open","sticky":false,"template":"","format":"standard","meta":{"content-type":"","footnotes":""},"categories":[16],"tags":[1469,1470,1471,1472,1473,1474,425,327,1475,1476,1007],"class_list":["post-7617","post","type-post","status-publish","format-standard","has-post-thumbnail","hentry","category-noticias","tag-8-1","tag-ameca","tag-apoio-familiar","tag-bipolar","tag-jose-cezar-duarte","tag-manifestante","tag-moraes","tag-politico","tag-preso","tag-residencia","tag-surto"],"_links":{"self":[{"href":"https:\/\/tvbrazilusa.com\/pt\/wp-json\/wp\/v2\/posts\/7617","targetHints":{"allow":["GET"]}}],"collection":[{"href":"https:\/\/tvbrazilusa.com\/pt\/wp-json\/wp\/v2\/posts"}],"about":[{"href":"https:\/\/tvbrazilusa.com\/pt\/wp-json\/wp\/v2\/types\/post"}],"author":[{"embeddable":true,"href":"https:\/\/tvbrazilusa.com\/pt\/wp-json\/wp\/v2\/users\/1"}],"replies":[{"embeddable":true,"href":"https:\/\/tvbrazilusa.com\/pt\/wp-json\/wp\/v2\/comments?post=7617"}],"version-history":[{"count":1,"href":"https:\/\/tvbrazilusa.com\/pt\/wp-json\/wp\/v2\/posts\/7617\/revisions"}],"predecessor-version":[{"id":7619,"href":"https:\/\/tvbrazilusa.com\/pt\/wp-json\/wp\/v2\/posts\/7617\/revisions\/7619"}],"wp:featuredmedia":[{"embeddable":true,"href":"https:\/\/tvbrazilusa.com\/pt\/wp-json\/wp\/v2\/media\/7618"}],"wp:attachment":[{"href":"https:\/\/tvbrazilusa.com\/pt\/wp-json\/wp\/v2\/media?parent=7617"}],"wp:term":[{"taxonomy":"category","embeddable":true,"href":"https:\/\/tvbrazilusa.com\/pt\/wp-json\/wp\/v2\/categories?post=7617"},{"taxonomy":"post_tag","embeddable":true,"href":"https:\/\/tvbrazilusa.com\/pt\/wp-json\/wp\/v2\/tags?post=7617"}],"curies":[{"name":"wp","href":"https:\/\/api.w.org\/{rel}","templated":true}]}}