{"id":76185,"date":"2024-12-13T23:55:22","date_gmt":"2024-12-13T23:55:22","guid":{"rendered":"https:\/\/tvbrazilusa.com\/2024\/12\/13\/polonia-mobiliza-todas-as-forcas-diante-de-novo-ataque-em-grande-escala-da-russia-a-ucrania\/"},"modified":"2024-12-13T23:55:23","modified_gmt":"2024-12-13T23:55:23","slug":"polonia-mobiliza-todas-as-forcas-diante-de-novo-ataque-em-grande-escala-da-russia-a-ucrania","status":"publish","type":"post","link":"https:\/\/tvbrazilusa.com\/pt\/2024\/12\/13\/polonia-mobiliza-todas-as-forcas-diante-de-novo-ataque-em-grande-escala-da-russia-a-ucrania\/","title":{"rendered":"Pol\u00f4nia mobiliza &#8216;todas as for\u00e7as&#8217; diante de novo ataque em grande escala da R\u00fassia \u00e0 Ucr\u00e2nia"},"content":{"rendered":"<p> <script async src=\"https:\/\/pagead2.googlesyndication.com\/pagead\/js\/adsbygoogle.js?client=ca-pub-8864793242727901\"\r\n     crossorigin=\"anonymous\"><\/script><br \/>\n<\/p>\n<div id=\"taboola-read-more\" style=\"display:block; width:100%\">\n<p>O Comando Operacional das For\u00e7as Armadas da Pol\u00f4nia (COD) anunciou nesta sexta-feira (13), por meio da plataforma X, que &#8220;todas as for\u00e7as e meios dispon\u00edveis&#8221; foram ativados e miss\u00f5es de patrulha a\u00e9rea foram intensificadas, ap\u00f3s os \u00faltimos ataques a\u00e9reos da R\u00fassia contra a Ucr\u00e2nia.\n<\/p>\n<p>&#8220;Opera\u00e7\u00f5es de vigil\u00e2ncia foram iniciadas em nosso espa\u00e7o a\u00e9reo&#8221;, incluindo a mobiliza\u00e7\u00e3o de &#8220;v\u00e1rias patrulhas de ca\u00e7as&#8221; e sistemas de defesa a\u00e9rea terrestre e esta\u00e7\u00f5es de radar, que est\u00e3o &#8220;em um estado de prontid\u00e3o m\u00e1xima&#8221; desde a manh\u00e3 desta sexta-feira, segundo confirmaram autoridades polonesas em uma declara\u00e7\u00e3o oficial.<\/p>\n<p>O alerta se deve ao fato de que &#8220;a R\u00fassia lan\u00e7ou um novo ataque contra a Ucr\u00e2nia, desta vez com m\u00edsseis de cruzeiro, m\u00edsseis bal\u00edsticos e ve\u00edculos a\u00e9reos n\u00e3o tripulados contra alvos localizados no oeste do pa\u00eds&#8221;.\n<\/p>\n<p>Em diversas ocasi\u00f5es anteriores, quando ocorreram ataques russos contra o oeste da Ucr\u00e2nia, alguns proj\u00e9teis penetraram no espa\u00e7o a\u00e9reo polon\u00eas e, em um incidente em novembro de 2022, causaram duas mortes.\n<\/p>\n<p>A Otan mant\u00e9m uma presen\u00e7a constante no espa\u00e7o a\u00e9reo polon\u00eas, com &#8220;cerca de 30 aeronaves aliadas em miss\u00f5es de combate e vigil\u00e2ncia que est\u00e3o em voo a todo momento&#8221;, de acordo com o site da Alian\u00e7a Atl\u00e2ntica.\n<\/p>\n<p>Al\u00e9m das for\u00e7as a\u00e9reas dos EUA e do Reino Unido, a Pol\u00f4nia tamb\u00e9m tem tropas da Cro\u00e1cia e da Rom\u00eania posicionadas em seu territ\u00f3rio.\n<\/p>\n<p>Embora o n\u00famero varie, os aliados ocidentais mant\u00eam cerca de 20 aeronaves de vigil\u00e2ncia e combate estacionadas em bases polonesas, incluindo ca\u00e7as Eurofighter e F-35 Lightning II.\n<\/p>\n<p>Fonte: Gazeta do Povo              <\/p>\n<\/div>\n<p><br \/>\n<br \/><a href=\"https:\/\/diariodobrasilnoticias.com.br\/noticia\/polonia-mobiliza-todas-as-forcas-diante-de-novo-ataque-em-grande-escala-da-russia-a-ucrania-675ca521acde4\">Source link <\/a><\/p>","protected":false},"excerpt":{"rendered":"<p>O Comando Operacional das For\u00e7as Armadas da Pol\u00f4nia (COD) anunciou nesta sexta-feira (13), por meio da plataforma X, que &#8220;todas as for\u00e7as e meios dispon\u00edveis&#8221; foram ativados e miss\u00f5es de&hellip;<\/p>","protected":false},"author":1,"featured_media":76186,"comment_status":"closed","ping_status":"open","sticky":false,"template":"","format":"standard","meta":{"content-type":"","footnotes":""},"categories":[16],"tags":[123,2448,5313,1267],"class_list":["post-76185","post","type-post","status-publish","format-standard","has-post-thumbnail","hentry","category-noticias","tag-brasil","tag-diario","tag-noticia","tag-noticias"],"_links":{"self":[{"href":"https:\/\/tvbrazilusa.com\/pt\/wp-json\/wp\/v2\/posts\/76185","targetHints":{"allow":["GET"]}}],"collection":[{"href":"https:\/\/tvbrazilusa.com\/pt\/wp-json\/wp\/v2\/posts"}],"about":[{"href":"https:\/\/tvbrazilusa.com\/pt\/wp-json\/wp\/v2\/types\/post"}],"author":[{"embeddable":true,"href":"https:\/\/tvbrazilusa.com\/pt\/wp-json\/wp\/v2\/users\/1"}],"replies":[{"embeddable":true,"href":"https:\/\/tvbrazilusa.com\/pt\/wp-json\/wp\/v2\/comments?post=76185"}],"version-history":[{"count":1,"href":"https:\/\/tvbrazilusa.com\/pt\/wp-json\/wp\/v2\/posts\/76185\/revisions"}],"predecessor-version":[{"id":76187,"href":"https:\/\/tvbrazilusa.com\/pt\/wp-json\/wp\/v2\/posts\/76185\/revisions\/76187"}],"wp:featuredmedia":[{"embeddable":true,"href":"https:\/\/tvbrazilusa.com\/pt\/wp-json\/wp\/v2\/media\/76186"}],"wp:attachment":[{"href":"https:\/\/tvbrazilusa.com\/pt\/wp-json\/wp\/v2\/media?parent=76185"}],"wp:term":[{"taxonomy":"category","embeddable":true,"href":"https:\/\/tvbrazilusa.com\/pt\/wp-json\/wp\/v2\/categories?post=76185"},{"taxonomy":"post_tag","embeddable":true,"href":"https:\/\/tvbrazilusa.com\/pt\/wp-json\/wp\/v2\/tags?post=76185"}],"curies":[{"name":"wp","href":"https:\/\/api.w.org\/{rel}","templated":true}]}}