{"id":76188,"date":"2024-12-14T00:07:55","date_gmt":"2024-12-14T00:07:55","guid":{"rendered":"https:\/\/tvbrazilusa.com\/2024\/12\/14\/stf-decide-manter-apreensao-do-passaporte-de-marcos-do-val\/"},"modified":"2024-12-14T00:07:56","modified_gmt":"2024-12-14T00:07:56","slug":"stf-decide-manter-apreensao-do-passaporte-de-marcos-do-val","status":"publish","type":"post","link":"https:\/\/tvbrazilusa.com\/pt\/2024\/12\/14\/stf-decide-manter-apreensao-do-passaporte-de-marcos-do-val\/","title":{"rendered":"STF decide manter apreens\u00e3o do passaporte de Marcos do Val"},"content":{"rendered":"<p> <script async src=\"https:\/\/pagead2.googlesyndication.com\/pagead\/js\/adsbygoogle.js?client=ca-pub-8864793242727901\"\r\n     crossorigin=\"anonymous\"><\/script><br \/>\n<\/p>\n<div id=\"taboola-read-more\" style=\"display:block; width:100%\">\n<p>A Primeira Turma do Supremo Tribunal Federal (STF) rejeitou, por unanimidade, um recurso do senador Marcos do Val (Podemos-ES) contra a decis\u00e3o que determinou a apreens\u00e3o do seu passaporte. Tamb\u00e9m foi mantido o bloqueio de suas redes sociais.\n<\/p>\n<p>O passaporte de Do Val foi apreendido em agosto, por determina\u00e7\u00e3o do ministro Alexandre de Moraes, pela suspeita de que ele faria parte de um grupo que estaria realizando uma campanha de intimida\u00e7\u00e3o contra policiais federais.<\/p>\n<p>O parlamentar recorreu da decis\u00e3o, alegando que a decis\u00e3o &#8220;impede o exerc\u00edcio da pr\u00f3pria fun\u00e7\u00e3o de Senador da Rep\u00fablica, em especial em eventos, comiss\u00f5es e organismos internacionais&#8221;. J\u00e1 em rela\u00e7\u00e3o \u00e0 suspens\u00e3o dos seus perfis, Do Val tamb\u00e9m alegou que &#8220;interfere no desempenho&#8221; de sua atividade.\n<\/p>\n<p>Ao analisar o recurso, Alexandre de Moraes afirmou que Marcos do Val &#8220;tem reiterado as condutas que exigiram a imposi\u00e7\u00e3o da medida restritiva&#8221;, e por isso o passaporte n\u00e3o deve ser devolvido.\n<\/p>\n<p>O ministro ainda afirmou que a medida foi tomada &#8220;diante das a\u00e7\u00f5es do recorrente ao se utilizar das redes sociais para criar, divulgar e disseminar informa\u00e7\u00f5es falsas ou aptas a lesar as institui\u00e7\u00f5es, em especial a Pol\u00edcia Federal&#8221;.\n<\/p>\n<p>Moraes foi acompanhado pelos ministros Cristiano Zanin, Fl\u00e1vio Dino, C\u00e1rmen L\u00facia e Luiz Fux. O julgamento est\u00e1 ocorrendo no plen\u00e1rio virtual, com previs\u00e3o de terminar nesta sexta-feira, mas todos os ministros j\u00e1 votaram.\n<\/p>\n<p>Fonte: O Globo              <\/p>\n<\/div>\n<p><br \/>\n<br \/><a href=\"https:\/\/diariodobrasilnoticias.com.br\/noticia\/stf-decide-manter-apreensao-do-passaporte-de-marcos-do-val-675ca6611171f\">Source link <\/a><\/p>","protected":false},"excerpt":{"rendered":"<p>A Primeira Turma do Supremo Tribunal Federal (STF) rejeitou, por unanimidade, um recurso do senador Marcos do Val (Podemos-ES) contra a decis\u00e3o que determinou a apreens\u00e3o do seu passaporte. Tamb\u00e9m&hellip;<\/p>","protected":false},"author":1,"featured_media":76189,"comment_status":"closed","ping_status":"open","sticky":false,"template":"","format":"standard","meta":{"content-type":"","footnotes":""},"categories":[16],"tags":[123,2448,5313,1267],"class_list":["post-76188","post","type-post","status-publish","format-standard","has-post-thumbnail","hentry","category-noticias","tag-brasil","tag-diario","tag-noticia","tag-noticias"],"_links":{"self":[{"href":"https:\/\/tvbrazilusa.com\/pt\/wp-json\/wp\/v2\/posts\/76188","targetHints":{"allow":["GET"]}}],"collection":[{"href":"https:\/\/tvbrazilusa.com\/pt\/wp-json\/wp\/v2\/posts"}],"about":[{"href":"https:\/\/tvbrazilusa.com\/pt\/wp-json\/wp\/v2\/types\/post"}],"author":[{"embeddable":true,"href":"https:\/\/tvbrazilusa.com\/pt\/wp-json\/wp\/v2\/users\/1"}],"replies":[{"embeddable":true,"href":"https:\/\/tvbrazilusa.com\/pt\/wp-json\/wp\/v2\/comments?post=76188"}],"version-history":[{"count":1,"href":"https:\/\/tvbrazilusa.com\/pt\/wp-json\/wp\/v2\/posts\/76188\/revisions"}],"predecessor-version":[{"id":76190,"href":"https:\/\/tvbrazilusa.com\/pt\/wp-json\/wp\/v2\/posts\/76188\/revisions\/76190"}],"wp:featuredmedia":[{"embeddable":true,"href":"https:\/\/tvbrazilusa.com\/pt\/wp-json\/wp\/v2\/media\/76189"}],"wp:attachment":[{"href":"https:\/\/tvbrazilusa.com\/pt\/wp-json\/wp\/v2\/media?parent=76188"}],"wp:term":[{"taxonomy":"category","embeddable":true,"href":"https:\/\/tvbrazilusa.com\/pt\/wp-json\/wp\/v2\/categories?post=76188"},{"taxonomy":"post_tag","embeddable":true,"href":"https:\/\/tvbrazilusa.com\/pt\/wp-json\/wp\/v2\/tags?post=76188"}],"curies":[{"name":"wp","href":"https:\/\/api.w.org\/{rel}","templated":true}]}}