{"id":76224,"date":"2024-12-14T01:35:51","date_gmt":"2024-12-14T01:35:51","guid":{"rendered":"https:\/\/tvbrazilusa.com\/2024\/12\/14\/preco-do-cafe-vai-aumentar-ate-40-em-janeiro\/"},"modified":"2024-12-14T01:35:52","modified_gmt":"2024-12-14T01:35:52","slug":"preco-do-cafe-vai-aumentar-ate-40-em-janeiro","status":"publish","type":"post","link":"https:\/\/tvbrazilusa.com\/pt\/2024\/12\/14\/preco-do-cafe-vai-aumentar-ate-40-em-janeiro\/","title":{"rendered":"Pre\u00e7o do caf\u00e9 vai aumentar at\u00e9 40% em janeiro"},"content":{"rendered":"<p> <script async src=\"https:\/\/pagead2.googlesyndication.com\/pagead\/js\/adsbygoogle.js?client=ca-pub-8864793242727901\"\r\n     crossorigin=\"anonymous\"><\/script><br \/>\n<\/p>\n<div id=\"taboola-read-more\" style=\"display:block; width:100%\">\n<p>O pre\u00e7o do caf\u00e9 vai aumentar at\u00e9 40% em janeiro em raz\u00e3o de uma decis\u00e3o tomada pelas principais marcas do produto no Brasil. A informa\u00e7\u00e3o foi apurada pelo jornal Folha de S. Paulo, a partir de comunicados internos aos quais teve acesso com exclusividade. O argumento para promover o reajuste \u00e9 a disparada na cota\u00e7\u00e3o do gr\u00e3o no mercado global.\n<\/p>\n<p>O grupo 3cora\u00e7\u00f5es, l\u00edder do setor, comunicou seus revendedores sobre um reajuste de 20% para caf\u00e9 torrado e mo\u00eddo e em gr\u00e3os a partir de dezembro, al\u00e9m de um novo repasse de 21% em 1\u00ba de janeiro de 2025.<\/p>\n<p>Em comunicado enviado aos seus clientes, a empresa cita a alta hist\u00f3rica dos pre\u00e7os do caf\u00e9 nas \u00faltimas semanas, ocasionada \u201cpor um conjunto de fatores clim\u00e1ticos, que se intensificaram nos \u00faltimos meses\u201d.\n<\/p>\n<p>O documento ainda informa sobre aumentos para outros tipos de produto, a saber: em dezembro, 10% para sol\u00faveis; em janeiro, 11% para sol\u00faveis, 11% para c\u00e1psulas e 11% para cappuccinos.\n<\/p>\n<p>A JDE (Jacobs Douwe Egberts), vice-l\u00edder do setor, decidiu reajustar os pre\u00e7os, em m\u00e9dia, em 30% a partir de 1\u00ba janeiro. A empresa, que \u00e9 dona de marcas como Pil\u00e3o, L\u2019Or e Marat\u00e1, tamb\u00e9m cita as altas da mat\u00e9ria-prima como justificativa para o aumento.\n<\/p>\n<p>No comunicado confidencial enviado aos seus revendedores, a JDE diz que os percentuais de cada tipo de produto, marca e regi\u00e3o ser\u00e3o informados at\u00e9 janeiro. A empresa diz ainda que pode haver \u201cnovas atualiza\u00e7\u00f5es de pre\u00e7o a partir de fevereiro\u201d.\n<\/p>\n<p>Alta no pre\u00e7o do caf\u00e9 era esperada<br \/>A disparada dos pre\u00e7os, apesar de impressionante, n\u00e3o \u00e9 inesperada. Ao menos desde outubro, como publicado pelo Caf\u00e9 na Prensa, j\u00e1 havia fortes sinais de que os pre\u00e7os continuariam em alta por causa dos problemas relatados nas lavouras.\n<\/p>\n<p>No in\u00edcio de novembro, o CEO do grupo 3cora\u00e7\u00f5es, Pedro Lima, disse em entrevista \u00e0 Folha que o pre\u00e7o sofreria reajuste, a fim de \u201cequilibrar a situa\u00e7\u00e3o de mercado\u201d.\n<\/p>\n<p>\u201cN\u00f3s ainda estamos repassando devagar porque o consumidor n\u00e3o aguenta, e [porque nem] os concorrentes nem o trade deixam\u201d, disse Lima na ocasi\u00e3o.\n<\/p>\n<p>Fonte: Mais Goias              <\/p>\n<\/div>\n<p><br \/>\n<br \/><a href=\"https:\/\/diariodobrasilnoticias.com.br\/noticia\/preco-do-cafe-vai-aumentar-ate-40-em-janeiro-675cbe8135cdc\">Source link <\/a><\/p>","protected":false},"excerpt":{"rendered":"<p>O pre\u00e7o do caf\u00e9 vai aumentar at\u00e9 40% em janeiro em raz\u00e3o de uma decis\u00e3o tomada pelas principais marcas do produto no Brasil. A informa\u00e7\u00e3o foi apurada pelo jornal Folha&hellip;<\/p>","protected":false},"author":1,"featured_media":76225,"comment_status":"closed","ping_status":"open","sticky":false,"template":"","format":"standard","meta":{"content-type":"","footnotes":""},"categories":[16],"tags":[123,2448,5313,1267],"class_list":["post-76224","post","type-post","status-publish","format-standard","has-post-thumbnail","hentry","category-noticias","tag-brasil","tag-diario","tag-noticia","tag-noticias"],"_links":{"self":[{"href":"https:\/\/tvbrazilusa.com\/pt\/wp-json\/wp\/v2\/posts\/76224","targetHints":{"allow":["GET"]}}],"collection":[{"href":"https:\/\/tvbrazilusa.com\/pt\/wp-json\/wp\/v2\/posts"}],"about":[{"href":"https:\/\/tvbrazilusa.com\/pt\/wp-json\/wp\/v2\/types\/post"}],"author":[{"embeddable":true,"href":"https:\/\/tvbrazilusa.com\/pt\/wp-json\/wp\/v2\/users\/1"}],"replies":[{"embeddable":true,"href":"https:\/\/tvbrazilusa.com\/pt\/wp-json\/wp\/v2\/comments?post=76224"}],"version-history":[{"count":1,"href":"https:\/\/tvbrazilusa.com\/pt\/wp-json\/wp\/v2\/posts\/76224\/revisions"}],"predecessor-version":[{"id":76226,"href":"https:\/\/tvbrazilusa.com\/pt\/wp-json\/wp\/v2\/posts\/76224\/revisions\/76226"}],"wp:featuredmedia":[{"embeddable":true,"href":"https:\/\/tvbrazilusa.com\/pt\/wp-json\/wp\/v2\/media\/76225"}],"wp:attachment":[{"href":"https:\/\/tvbrazilusa.com\/pt\/wp-json\/wp\/v2\/media?parent=76224"}],"wp:term":[{"taxonomy":"category","embeddable":true,"href":"https:\/\/tvbrazilusa.com\/pt\/wp-json\/wp\/v2\/categories?post=76224"},{"taxonomy":"post_tag","embeddable":true,"href":"https:\/\/tvbrazilusa.com\/pt\/wp-json\/wp\/v2\/tags?post=76224"}],"curies":[{"name":"wp","href":"https:\/\/api.w.org\/{rel}","templated":true}]}}