{"id":76227,"date":"2024-12-14T01:37:10","date_gmt":"2024-12-14T01:37:10","guid":{"rendered":"https:\/\/tvbrazilusa.com\/2024\/12\/14\/sou-um-sobrevivente-do-cancer-randy-moss-revela-batalha-contra-o-cancer-agradece-aos-fas-pela-manifestacao-de-apoio\/"},"modified":"2024-12-14T01:41:21","modified_gmt":"2024-12-14T01:41:21","slug":"sou-um-sobrevivente-do-cancer-randy-moss-revela-batalha-contra-o-cancer-agradece-aos-fas-pela-manifestacao-de-apoio","status":"publish","type":"post","link":"https:\/\/tvbrazilusa.com\/pt\/2024\/12\/14\/sou-um-sobrevivente-do-cancer-randy-moss-revela-batalha-contra-o-cancer-agradece-aos-fas-pela-manifestacao-de-apoio\/","title":{"rendered":"&#8216;Sou um sobrevivente do c\u00e2ncer&#8217;: Randy Moss revela batalha contra o c\u00e2ncer, agradece aos f\u00e3s pela manifesta\u00e7\u00e3o de apoio"},"content":{"rendered":"<p> <script async src=\"https:\/\/pagead2.googlesyndication.com\/pagead\/js\/adsbygoogle.js?client=ca-pub-8864793242727901\"\r\n     crossorigin=\"anonymous\"><\/script><br \/>\n<\/p>\n<div id=\"\">\n<header class=\"m-article-header m-article-header--standard\">\n\t\t\t\t\t\t\t\t\t\t\t\t<span id=\"article-header-primary-term\"><br \/>\n\t\t\t\t\t\t\t\t<a class=\"a-term a-term--primary\" href=\"https:\/\/www.boston.com\/tag\/new-england-patriots\/\"><\/p>\n<p>\t\t\t\t\t\t\t\tPatriotas\t\t\t\t\t\t\t\t<\/a><br \/>\n\t\t\t\t\t\t\t<\/span><\/p>\n<h2 class=\"m-article-header__sub-headline\">Moss saiu do hospital ap\u00f3s passar por uma cirurgia, mas ainda precisa de mais tratamento.<\/h2>\n<figure class=\"a-photo m-article-header__photo\"><figcaption class=\"a-photo__caption\">\n<p>\tRandy Moss anunciou sua batalha contra o c\u00e2ncer em uma transmiss\u00e3o ao vivo na sexta-feira. <em> (Foto AP\/Andy Clayton-King)<\/em>\t<\/figcaption><\/figure>\n<\/header>\n<p>Uma semana depois <a href=\"https:\/\/www.boston.com\/sports\/new-england-patriots\/2024\/12\/06\/randy-moss-espn-leave-of-absence-health\/\" target=\"_blank\" rel=\"noreferrer noopener\">anunciando uma licen\u00e7a<\/a> da ESPN devido a um problema de sa\u00fade, Randy Moss revelou nas redes sociais que est\u00e1 lutando e vencendo o c\u00e2ncer.<\/p>\n<p>Moss acessou o Instagram ao vivo para anunciar o diagn\u00f3stico, dizendo a seus f\u00e3s: \u201cSou um sobrevivente do c\u00e2ncer\u201d e agradecendo aos \u2018Guerreiros de Ora\u00e7\u00e3o\u2019 por seu apoio. Ele ficou internado por seis dias e usou uma bengala em sua transmiss\u00e3o ao vivo.<\/p>\n<p>O grande analista da NFL que virou ESPN observou que o c\u00e2ncer foi encontrado no ducto biliar entre o p\u00e2ncreas e o f\u00edgado. Ele foi submetido a um procedimento de Whipple, que durou cerca de seis horas, para remover a massa cancerosa.<\/p>\n<p>\u201cTodas as ora\u00e7\u00f5es, todos os votos de boa sorte, eu realmente senti isso, minha fam\u00edlia sentiu isso\u201d, disse Moss. \u201cAssim que eu estiver saud\u00e1vel para voltar com os caras, estarei no set. \u2026 Espero poder estar com voc\u00eas em breve.\u201d<\/p>\n<figure class=\"wp-block-embed is-type-rich is-provider-twitter wp-block-embed-twitter\"\/>\n<p>Embora Moss esteja fora do hospital agora, ele ainda precisa se submeter a tratamentos de radia\u00e7\u00e3o e quimioterapia.<\/p>\n<p>Os f\u00e3s ficaram preocupados com a sa\u00fade de Moss no in\u00edcio de novembro, quando parecia haver descolora\u00e7\u00e3o em seus olhos durante a transmiss\u00e3o pr\u00e9-jogo da ESPN. Na semana seguinte, Moss compareceu ao show, mas comentou aos f\u00e3s que estava \u201cpassando por algo\u201d, que exigia que ele usasse \u00f3culos escuros na transmiss\u00e3o.<\/p>\n<p>Moss vestiu um moletom com \u201cTeam Moss\u201d escrito e adicionou \u201cLET&#8217;S MOSS CANCER\u201d em sua conta X, junto com um <a href=\"https:\/\/randymoss.com\/\" target=\"_blank\" rel=\"noreferrer noopener\">link para o site dele <\/a>apresentando produtos de conscientiza\u00e7\u00e3o sobre o c\u00e2ncer com a leitura \u201cWe got Moss\u201d, uma brincadeira com seus segmentos virais \u201cYou got Moss&#8217;d\u201d na programa\u00e7\u00e3o da ESPN. Moss tamb\u00e9m incluiu um link de doa\u00e7\u00e3o para ajudar na luta contra o c\u00e2ncer. <\/p>\n<figure class=\"wp-block-embed is-type-rich is-provider-twitter wp-block-embed-twitter\"\/>\n<p>Moss jogou quatro temporadas com os Patriots como parte de sua carreira no Hall da Fama. Ele quebrou o recorde de maior n\u00famero de touchdowns em uma \u00fanica temporada, registrando 23 em sua primeira temporada com o New England. <\/p>\n<p>Moss se aposentou em 2012 ap\u00f3s uma carreira de 14 anos e foi indicado pela primeira vez ao Hall da Fama em 2018. Ele ainda continua sendo uma refer\u00eancia nos domingos da NFL, come\u00e7ando sua carreira de radiodifus\u00e3o logo ap\u00f3s pendurar as chuteiras.<\/p>\n<div class=\"m-block m-generic-cta\t m-generic-cta--post-content\t m-generic-cta--dark\t m-generic-cta--homepage\t m-generic-cta--email-signup\t\t m-generic-cta-block-style--default \tt-amp__generic-cta\"><\/p>\n<div class=\"m-generic-cta__wrap\">\n<div class=\"m-generic-cta__content\">\n<h3 class=\"m-generic-cta__title\">Inscreva-se para receber atualiza\u00e7\u00f5es do Patriots\ud83c\udfc8<\/h3>\n<p class=\"m-generic-cta__subtitle\">Receba as \u00faltimas not\u00edcias e an\u00e1lises em sua caixa de entrada durante a temporada de futebol.<\/p>\n<\/p><\/div>\n<\/p><\/div>\n<\/div><\/div>\n<p><script>\n\t\tvar consent=\"grant\";\n\t\t\/* The above code is parsing the JSON data from the local storage and storing it in a variable. *\/\n\t\t\t\t\tconst onetrustStorageConsent = JSON.parse(localStorage.getItem( 'consent_one_trust_bdc' ) );\n\t\t\tif ( ( onetrustStorageConsent !== null ) ) {\n\t\t\t\t\/* Checking to see if the user has consented to the use of cookies.\n\t\t\t\t* If they have not, it is deleting the cookie.\n\t\t\t\t* This will comment for now, until further notice.\n\t\t\t\t*\/\n\t\t\t\t\/\/if ( onetrustStorageConsent.C0002 === false ) {\n\t\t\t\t\/\/\tdocument.cookie=\"_fbp=;expires=Thu, 01 Jan 2010 00:00:00 UTC; path=\/; domain=.boston.com\";\n\t\t\t\t\/\/}\n\t\t\t\t\/* Checking if the user has given consent for the cookie C0002.\n\t\t\t\t* If the user has given consent, the variable consent will be set to 'grant'.\n\t\t\t\t* If the user has not given consent,the variable consent will be set to 'revoke'.\n\t\t\t\t* Documentation https:\/\/developers.facebook.com\/docs\/meta-pixel\/implementation\/gdpr\n\t\t\t\t*\/\n\t\t\t\tif ( onetrustStorageConsent.C0002 !== true ) {\n\t\t\t\t\tconsent=\"revoke\";\n\t\t\t\t}\n\t\t\t}\n\t\t\t\t!function(f,b,e,v,n,t,s)\n\t\t{if(f.fbq)return;n=f.fbq=function(){n.callMethod?\n\t\tn.callMethod.apply(n,arguments):n.queue.push(arguments)};\n\t\tif(!f._fbq)f._fbq=n;n.push=n;n.loaded=!0;n.version='2.0';\n\t\tn.queue=[];t=b.createElement(e);t.async=!0;\n\t\tt.src=v;s=b.getElementsByTagName(e)[0];\n\t\ts.parentNode.insertBefore(t,s)}(window, document,'script',\n\t\t'https:\/\/connect.facebook.net\/en_US\/fbevents.js');\n\t\tfbq('consent', consent);\n\t\tfbq('init', '989222871864976');\n\t\tfbq('track', 'PageView');\n\t<\/script><script type=\"module\">\n\t\tvar consent=\"grant\";\n\t\t\/* The above code is parsing the JSON data from the local storage and storing it in a variable. *\/\n\t\t\tconst onetrustStorageConsent = JSON.parse(localStorage.getItem( 'consent_one_trust_bdc' ) );\n\t\t\t\/* Checking to see if the user has consented to the use of cookies.\n\t\t\t* If they have not, it is deleting the cookie.\n\t\t\t* This will comment for now, until further notice.\n\t\t\t*\/\n\t\t\t\/\/if ( onetrustStorageConsent.C0002 === false ) {\n\t\t\t\/\/\tdocument.cookie=\"_fbp=;expires=Thu, 01 Jan 2010 00:00:00 UTC; path=\/; domain=.boston.com\";\n\t\t\t\/\/}\n\t\t\t\/* Checking if the user has given consent for the cookie C0002.\n\t\t\t* If the user has given consent, the variable consent will be set to 'grant'.\n\t\t\t* If the user has not given consent,the variable consent will be set to 'revoke'.\n\t\t\t* Documentation https:\/\/developers.facebook.com\/docs\/meta-pixel\/implementation\/gdpr\n\t\t\t*\/\n\t\t\tif ( ( onetrustStorageConsent !== null ) && (onetrustStorageConsent.C0002 !== true ) ) {\n\t\t\t\tconsent=\"revoke\";\n\t\t\t}\n\t\t\t\t!function(f,b,e,v,n,t,s){if(f.fbq)return;n=f.fbq=function()\n\t\t{n.callMethod? n.callMethod.apply(n,arguments):n.queue.push(arguments)}\n\t\t;if(!f._fbq)f._fbq=n;\n\t\tn.push=n;n.loaded=!0;n.version='2.0';n.queue=[];t=b.createElement(e);t.async=!0;\n\t\tt.src=v;s=b.getElementsByTagName(e)[0];s.parentNode.insertBefore(t,s)}(window,\n\t\tdocument,'script','https:\/\/connect.facebook.net\/en_US\/fbevents.js');\n\t\tfbq('consent', consent);\n\t\tfbq('init', '813236348753005');\n\t\tfbq('track', \"PageView\");\n\t<\/script><br \/>\n<br \/><br \/>\n<br \/><a href=\"https:\/\/www.boston.com\/sports\/new-england-patriots\/2024\/12\/13\/nfl-patriots-randy-moss-cancer-diagnosis-news-espn-absence\/\">Source link <\/a><\/p>","protected":false},"excerpt":{"rendered":"<p>Patriotas Moss saiu do hospital ap\u00f3s passar por uma cirurgia, mas ainda precisa de mais tratamento. Randy Moss anunciou sua batalha contra o c\u00e2ncer em uma transmiss\u00e3o ao vivo na&hellip;<\/p>","protected":false},"author":1,"featured_media":76228,"comment_status":"closed","ping_status":"open","sticky":false,"template":"","format":"standard","meta":{"content-type":"","footnotes":""},"categories":[1],"tags":[],"class_list":["post-76227","post","type-post","status-publish","format-standard","has-post-thumbnail","hentry","category-uncategorized"],"_links":{"self":[{"href":"https:\/\/tvbrazilusa.com\/pt\/wp-json\/wp\/v2\/posts\/76227","targetHints":{"allow":["GET"]}}],"collection":[{"href":"https:\/\/tvbrazilusa.com\/pt\/wp-json\/wp\/v2\/posts"}],"about":[{"href":"https:\/\/tvbrazilusa.com\/pt\/wp-json\/wp\/v2\/types\/post"}],"author":[{"embeddable":true,"href":"https:\/\/tvbrazilusa.com\/pt\/wp-json\/wp\/v2\/users\/1"}],"replies":[{"embeddable":true,"href":"https:\/\/tvbrazilusa.com\/pt\/wp-json\/wp\/v2\/comments?post=76227"}],"version-history":[{"count":1,"href":"https:\/\/tvbrazilusa.com\/pt\/wp-json\/wp\/v2\/posts\/76227\/revisions"}],"predecessor-version":[{"id":76229,"href":"https:\/\/tvbrazilusa.com\/pt\/wp-json\/wp\/v2\/posts\/76227\/revisions\/76229"}],"wp:featuredmedia":[{"embeddable":true,"href":"https:\/\/tvbrazilusa.com\/pt\/wp-json\/wp\/v2\/media\/76228"}],"wp:attachment":[{"href":"https:\/\/tvbrazilusa.com\/pt\/wp-json\/wp\/v2\/media?parent=76227"}],"wp:term":[{"taxonomy":"category","embeddable":true,"href":"https:\/\/tvbrazilusa.com\/pt\/wp-json\/wp\/v2\/categories?post=76227"},{"taxonomy":"post_tag","embeddable":true,"href":"https:\/\/tvbrazilusa.com\/pt\/wp-json\/wp\/v2\/tags?post=76227"}],"curies":[{"name":"wp","href":"https:\/\/api.w.org\/{rel}","templated":true}]}}