{"id":76230,"date":"2024-12-14T01:47:44","date_gmt":"2024-12-14T01:47:44","guid":{"rendered":"https:\/\/tvbrazilusa.com\/2024\/12\/14\/relator-no-tre-sp-vota-pela-cassacao-de-zambelli-por-desinformacao-eleitoral-em-2022\/"},"modified":"2024-12-14T01:47:45","modified_gmt":"2024-12-14T01:47:45","slug":"relator-no-tre-sp-vota-pela-cassacao-de-zambelli-por-desinformacao-eleitoral-em-2022","status":"publish","type":"post","link":"https:\/\/tvbrazilusa.com\/pt\/2024\/12\/14\/relator-no-tre-sp-vota-pela-cassacao-de-zambelli-por-desinformacao-eleitoral-em-2022\/","title":{"rendered":"Relator no TRE-SP vota pela cassa\u00e7\u00e3o de Zambelli por desinforma\u00e7\u00e3o eleitoral em 2022"},"content":{"rendered":"<p> <script async src=\"https:\/\/pagead2.googlesyndication.com\/pagead\/js\/adsbygoogle.js?client=ca-pub-8864793242727901\"\r\n     crossorigin=\"anonymous\"><\/script><br \/>\n<\/p>\n<div id=\"taboola-read-more\" style=\"display:block; width:100%\">\n<p>O corregedor-regional eleitoral de S\u00e3o Paulo e relator de a\u00e7\u00e3o contra a deputada federal Carla Zambelli (PL-SP) no TRE-SP (Tribunal Regional Eleitoral de S\u00e3o Paulo) votou nesta sexta-feira (13) pela cassa\u00e7\u00e3o dela.\n<\/p>\n<p>O corregedor regional Encinas Manfr\u00e9 ainda n\u00e3o finalizou seu voto e a fundamenta\u00e7\u00e3o, mas j\u00e1 adiantou no in\u00edcio da leitura que \u00e9 favor\u00e1vel \u00e0 condena\u00e7\u00e3o da parlamentar no caso. Os demais ju\u00edzes ainda t\u00eam que votar.<\/p>\n<p>Referente \u00e0s elei\u00e7\u00f5es de 2022, a a\u00e7\u00e3o de investiga\u00e7\u00e3o judicial eleitoral foi movida pela deputada federal S\u00e2mia Bomfim (PSOL-SP).\n<\/p>\n<p>Independente do resultado no TRE, cabe recurso ao TSE, e os eventuais efeitos da decis\u00e3o s\u00f3 passam a ser v\u00e1lidos ap\u00f3s o esgotamento dos recursos. Se condenada ao final, a deputada perde o mandato e fica ineleg\u00edvel por oito anos, contados desde o pleito de 2022.\n<\/p>\n<p>Em parecer apresentado em setembro deste ano, o procurador regional eleitoral de S\u00e3o Paulo, Paulo Taubemblatt, defendeu a proced\u00eancia da a\u00e7\u00e3o. Ele argumenta que os ataques \u00e0s urnas t\u00eam por finalidade &#8220;desmerecer e retirar a credibilidade do conjunto de institui\u00e7\u00f5es respons\u00e1veis pela condu\u00e7\u00e3o e organiza\u00e7\u00e3o do processo eleitoral&#8221;.\n<\/p>\n<p>&#8220;A consequ\u00eancia de tais a\u00e7\u00f5es \u00e9 o n\u00e3o apaziguamento das rela\u00e7\u00f5es sociais ap\u00f3s o resultado eleitoral proclamado e a perpetua\u00e7\u00e3o de um clima de animosidade que, concretamente, atingiu o \u00e1pice no dia 8 de janeiro de 2023.&#8221;\n<\/p>\n<p>A defesa de Zambelli diz no processo que n\u00e3o houve ato il\u00edcito na conduta da parlamentar e tamb\u00e9m que suas postagens est\u00e3o amparadas na liberdade de express\u00e3o. Tamb\u00e9m defendeu a in\u00e9pcia da a\u00e7\u00e3o apresentada, alegando falta de coer\u00eancia l\u00f3gica. Tamb\u00e9m voltou a argumentar conex\u00e3o do processo com outra a\u00e7\u00e3o que tramita no TSE.\n<\/p>\n<p>Argumenta ainda que v\u00e1rias das postagens feitas em per\u00edodo pr\u00e9-eleitoral seriam apenas compartilhamentos de conte\u00fados de outros ve\u00edculos e que tampouco eram il\u00edcitos ou inver\u00eddicos os conte\u00fados divulgados durante a campanha.\n<\/p>\n<p>&#8220;O discurso realizado n\u00e3o cont\u00e9m conte\u00fado apto a malferir a lisura das elei\u00e7\u00f5es de 2022, muito menos a idoneidade do procedimento adotado por \u00f3rg\u00e3o p\u00fablico, mas t\u00e3o somente questionar, de forma l\u00edmpida, o porqu\u00ea de as urnas estarem em local alheio ao TRE-SP&#8221;, disse sobre epis\u00f3dio ocorrido durante a campanha eleitoral daquele ano.\n<\/p>\n<p>Fonte: Folha de S.Paulo              <\/p>\n<\/div>\n<p><br \/>\n<br \/><a href=\"https:\/\/diariodobrasilnoticias.com.br\/noticia\/relator-no-tre-sp-vota-pela-cassacao-de-zambelli-por-desinformacao-eleitoral-em-2022-675cbd1591d40\">Source link <\/a><\/p>","protected":false},"excerpt":{"rendered":"<p>O corregedor-regional eleitoral de S\u00e3o Paulo e relator de a\u00e7\u00e3o contra a deputada federal Carla Zambelli (PL-SP) no TRE-SP (Tribunal Regional Eleitoral de S\u00e3o Paulo) votou nesta sexta-feira (13) pela&hellip;<\/p>","protected":false},"author":1,"featured_media":76231,"comment_status":"closed","ping_status":"open","sticky":false,"template":"","format":"standard","meta":{"content-type":"","footnotes":""},"categories":[16],"tags":[123,2448,5313,1267],"class_list":["post-76230","post","type-post","status-publish","format-standard","has-post-thumbnail","hentry","category-noticias","tag-brasil","tag-diario","tag-noticia","tag-noticias"],"_links":{"self":[{"href":"https:\/\/tvbrazilusa.com\/pt\/wp-json\/wp\/v2\/posts\/76230","targetHints":{"allow":["GET"]}}],"collection":[{"href":"https:\/\/tvbrazilusa.com\/pt\/wp-json\/wp\/v2\/posts"}],"about":[{"href":"https:\/\/tvbrazilusa.com\/pt\/wp-json\/wp\/v2\/types\/post"}],"author":[{"embeddable":true,"href":"https:\/\/tvbrazilusa.com\/pt\/wp-json\/wp\/v2\/users\/1"}],"replies":[{"embeddable":true,"href":"https:\/\/tvbrazilusa.com\/pt\/wp-json\/wp\/v2\/comments?post=76230"}],"version-history":[{"count":1,"href":"https:\/\/tvbrazilusa.com\/pt\/wp-json\/wp\/v2\/posts\/76230\/revisions"}],"predecessor-version":[{"id":76232,"href":"https:\/\/tvbrazilusa.com\/pt\/wp-json\/wp\/v2\/posts\/76230\/revisions\/76232"}],"wp:featuredmedia":[{"embeddable":true,"href":"https:\/\/tvbrazilusa.com\/pt\/wp-json\/wp\/v2\/media\/76231"}],"wp:attachment":[{"href":"https:\/\/tvbrazilusa.com\/pt\/wp-json\/wp\/v2\/media?parent=76230"}],"wp:term":[{"taxonomy":"category","embeddable":true,"href":"https:\/\/tvbrazilusa.com\/pt\/wp-json\/wp\/v2\/categories?post=76230"},{"taxonomy":"post_tag","embeddable":true,"href":"https:\/\/tvbrazilusa.com\/pt\/wp-json\/wp\/v2\/tags?post=76230"}],"curies":[{"name":"wp","href":"https:\/\/api.w.org\/{rel}","templated":true}]}}