{"id":76239,"date":"2024-12-14T02:03:37","date_gmt":"2024-12-14T02:03:37","guid":{"rendered":"https:\/\/tvbrazilusa.com\/2024\/12\/14\/funcionaria-do-rei-charles-e-detida-apos-festa-no-palacio-de-buckingham\/"},"modified":"2024-12-14T02:03:38","modified_gmt":"2024-12-14T02:03:38","slug":"funcionaria-do-rei-charles-e-detida-apos-festa-no-palacio-de-buckingham","status":"publish","type":"post","link":"https:\/\/tvbrazilusa.com\/pt\/2024\/12\/14\/funcionaria-do-rei-charles-e-detida-apos-festa-no-palacio-de-buckingham\/","title":{"rendered":"Funcion\u00e1ria do rei Charles \u00e9 detida ap\u00f3s festa no Pal\u00e1cio de Buckingham"},"content":{"rendered":"<p> <script async src=\"https:\/\/pagead2.googlesyndication.com\/pagead\/js\/adsbygoogle.js?client=ca-pub-8864793242727901\"\r\n     crossorigin=\"anonymous\"><\/script><br \/>\n<\/p>\n<div id=\"taboola-read-more\" style=\"display:block; width:100%\">\n<p>N\u00e3o bastassem os problemas com os parentes, o rei Charles tamb\u00e9m precisa lidar com os \u201cboletins de ocorr\u00eancia\u201d \u2014 BOs \u2014 dos funcion\u00e1rios. Na \u00faltima ter\u00e7a-feira (10\/12), o Pal\u00e1cio de Buckingham ofereceu uma festa de Natal para os colaboradores, entretanto, momentos depois da confraterniza\u00e7\u00e3o uma situa\u00e7\u00e3o saiu fora de controle.\n<\/p>\n<p>De acordo com o jornal brit\u00e2nico BBC, uma funcion\u00e1ria do edif\u00edcio-sede da monarquia foi presa em um bar em Londres. O epis\u00f3dio, que virou caso de pol\u00edcia, ocorreu ap\u00f3s uma comemora\u00e7\u00e3o no Pal\u00e1cio de Buckingham. A mulher de 24 anos foi detida sob suspeita de agress\u00e3o comum, danos criminais, embriaguez e desordem.<\/p>\n<p>\u201cA pol\u00edcia teria sido chamada a um bar em Victoria, que fica perto do pal\u00e1cio, \u00e0s 21h21, de ter\u00e7a-feira, ap\u00f3s relatos de que uma cliente havia quebrado copos e tentado agredir um funcion\u00e1rio [do estabelecimento]. Ela foi detida e liberada na noite seguinte ap\u00f3s receber uma notifica\u00e7\u00e3o de multa por desordem\u201d, noticiou a BBC.\n<\/p>\n<p><strong>Em um artigo, o portal The Sun revelou que a festa no Pal\u00e1cio de Buckingham aconteceu at\u00e9 \u00e0s 16h: \u201cA equipe real aproveitou para beber, e o evento transcorreu sem incidentes\u201d. Ao t\u00e9rmino da recep\u00e7\u00e3o na sede da monarquia, um grupo de 50 pessoas chegou no All Bar One, onde havia uma festa pr\u00e9-agendada.<\/strong>\n<\/p>\n<p>Declara\u00e7\u00e3o<br \/>Em entrevista \u00e0 BBC, um porta-voz da monarquia comentou o caso: \u201cEstamos cientes de um incidente fora do local de trabalho envolvendo v\u00e1rios funcion\u00e1rios da Casa Real que haviam comparecido a uma recep\u00e7\u00e3o no in\u00edcio da noite no Pal\u00e1cio\u201d.\n<\/p>\n<p>\u201cEmbora tenha sido uma reuni\u00e3o social informal, n\u00e3o uma festa oficial de Natal do Pal\u00e1cio [de Buckingham], os fatos ser\u00e3o totalmente investigados, com um processo disciplinar rigoroso seguido em rela\u00e7\u00e3o a cada funcion\u00e1rio e as medidas apropriadas tomadas\u201d, emendou o representante. O jornal brit\u00e2nico tentou contato com a Pol\u00edcia Metropolitana, mas n\u00e3o obteve respostas.\n<\/p>\n<p>Fonte: Veja              <\/p>\n<\/div>\n<p><br \/>\n<br \/><a href=\"https:\/\/diariodobrasilnoticias.com.br\/noticia\/funcionaria-do-rei-charles-e-detida-apos-festa-no-palacio-de-buckingham-675cbef595172\">Source link <\/a><\/p>","protected":false},"excerpt":{"rendered":"<p>N\u00e3o bastassem os problemas com os parentes, o rei Charles tamb\u00e9m precisa lidar com os \u201cboletins de ocorr\u00eancia\u201d \u2014 BOs \u2014 dos funcion\u00e1rios. Na \u00faltima ter\u00e7a-feira (10\/12), o Pal\u00e1cio de&hellip;<\/p>","protected":false},"author":1,"featured_media":76240,"comment_status":"closed","ping_status":"open","sticky":false,"template":"","format":"standard","meta":{"content-type":"","footnotes":""},"categories":[16],"tags":[123,2448,5313,1267],"class_list":["post-76239","post","type-post","status-publish","format-standard","has-post-thumbnail","hentry","category-noticias","tag-brasil","tag-diario","tag-noticia","tag-noticias"],"_links":{"self":[{"href":"https:\/\/tvbrazilusa.com\/pt\/wp-json\/wp\/v2\/posts\/76239","targetHints":{"allow":["GET"]}}],"collection":[{"href":"https:\/\/tvbrazilusa.com\/pt\/wp-json\/wp\/v2\/posts"}],"about":[{"href":"https:\/\/tvbrazilusa.com\/pt\/wp-json\/wp\/v2\/types\/post"}],"author":[{"embeddable":true,"href":"https:\/\/tvbrazilusa.com\/pt\/wp-json\/wp\/v2\/users\/1"}],"replies":[{"embeddable":true,"href":"https:\/\/tvbrazilusa.com\/pt\/wp-json\/wp\/v2\/comments?post=76239"}],"version-history":[{"count":1,"href":"https:\/\/tvbrazilusa.com\/pt\/wp-json\/wp\/v2\/posts\/76239\/revisions"}],"predecessor-version":[{"id":76241,"href":"https:\/\/tvbrazilusa.com\/pt\/wp-json\/wp\/v2\/posts\/76239\/revisions\/76241"}],"wp:featuredmedia":[{"embeddable":true,"href":"https:\/\/tvbrazilusa.com\/pt\/wp-json\/wp\/v2\/media\/76240"}],"wp:attachment":[{"href":"https:\/\/tvbrazilusa.com\/pt\/wp-json\/wp\/v2\/media?parent=76239"}],"wp:term":[{"taxonomy":"category","embeddable":true,"href":"https:\/\/tvbrazilusa.com\/pt\/wp-json\/wp\/v2\/categories?post=76239"},{"taxonomy":"post_tag","embeddable":true,"href":"https:\/\/tvbrazilusa.com\/pt\/wp-json\/wp\/v2\/tags?post=76239"}],"curies":[{"name":"wp","href":"https:\/\/api.w.org\/{rel}","templated":true}]}}