{"id":76248,"date":"2024-12-14T02:28:24","date_gmt":"2024-12-14T02:28:24","guid":{"rendered":"https:\/\/tvbrazilusa.com\/2024\/12\/14\/mendonca-vota-para-remover-moraes-da-relatoria-do-processo-contra-bolsonaro-tem-interesse\/"},"modified":"2024-12-14T02:28:25","modified_gmt":"2024-12-14T02:28:25","slug":"mendonca-vota-para-remover-moraes-da-relatoria-do-processo-contra-bolsonaro-tem-interesse","status":"publish","type":"post","link":"https:\/\/tvbrazilusa.com\/pt\/2024\/12\/14\/mendonca-vota-para-remover-moraes-da-relatoria-do-processo-contra-bolsonaro-tem-interesse\/","title":{"rendered":"Mendon\u00e7a vota para remover Moraes da relatoria do processo contra Bolsonaro: &#8216;tem interesse&#8217;"},"content":{"rendered":"<p> <script async src=\"https:\/\/pagead2.googlesyndication.com\/pagead\/js\/adsbygoogle.js?client=ca-pub-8864793242727901\"\r\n     crossorigin=\"anonymous\"><\/script><br \/>\n<\/p>\n<div id=\"taboola-read-more\" style=\"display:block; width:100%\">\n<p>Por 9 votos a 1, o Supremo Tribunal Federal (STF) decidiu manter o ministro Alexandre de Moraes na relatoria de um inqu\u00e9rito que investiga o ex-presidente Jair Bolsonaro. A maioria dos ministros rejeitou um recurso da defesa de Bolsonaro.\n<\/p>\n<p>O ministro Andr\u00e9 Mendon\u00e7a foi o \u00fanico a votar a favor do recurso do ex-presidente.<\/p>\n<p>O inqu\u00e9rito a que a defesa se refere \u00e9 sobre a organiza\u00e7\u00e3o de um golpe de Estado para evitar a posse do presidente Luiz In\u00e1cio Lula da Silva e manter Bolsonaro no poder, em 2022.\n<\/p>\n<p>A defesa de Bolsonaro entrou com um recurso pedindo a sa\u00edda de Moraes dos casos envolvendo o ex-presidente. Os advogados alegaram que, na vis\u00e3o deles, Moraes \u00e9 &#8220;parte ou diretamente interessado&#8221; nas investiga\u00e7\u00f5es.\n<\/p>\n<p>Mendon\u00e7a concordou com a defesa. Segundo o ministro, como as investiga\u00e7\u00f5es sobre golpe de Estado apontam que o esquema planejou at\u00e9 mesmo a morte de Moraes, que na \u00e9poca era presidente do Tribunal Superior Eleitoral (TSE), o ministro tem, sim, interesse pessoal no caso.\n<\/p>\n<p>&#8220;Nessa conjuntura, ao constatar que o eminente ministro arguido [Moraes] sofreria, direta e imediatamente, consequ\u00eancias graves e tang\u00edveis, como pris\u00e3o \u2013 ou at\u00e9 mesmo morte \u2013, se os relatados intentos dos investigados fossem levados a cabo, parece-me presente a condi\u00e7\u00e3o de &#8216;diretamente interessado&#8217;, tal como exigido pelo art. 252, IV, do C\u00f3digo de Processo Penal&#8221;, escreveu Mendon\u00e7a em seu voto.\n<\/p>\n<p>Com o placar de 9 a 1, todos os ministros que analisar o recurso de Bolsonaro j\u00e1 votaram.\n<\/p>\n<p>Alexandre de Moraes, que completaria o plen\u00e1rio de 11 ministros, se declarou impedido de votar, por ser uma quest\u00e3o que o envolve pessoalmente, j\u00e1 que a relatoria dele \u00e9 questionada pela defesa.\n<\/p>\n<p>Prevaleceu o entendimento relator do recurso, Luis Roberto Barroso. Para Barroso, a defesa de Bolsonaro n\u00e3o conseguiu apontar um motivo previsto em lei para desqualificar (impugnar) a relatoria de Moraes.\n<\/p>\n<p>Fonte: G1              <\/p>\n<\/div>\n<p><br \/>\n<br \/><a href=\"https:\/\/diariodobrasilnoticias.com.br\/noticia\/mendonca-vota-para-remover-moraes-da-relatoria-do-processo-contra-bolsonaro-tem-interesse-675cbff97fdc4\">Source link <\/a><\/p>","protected":false},"excerpt":{"rendered":"<p>Por 9 votos a 1, o Supremo Tribunal Federal (STF) decidiu manter o ministro Alexandre de Moraes na relatoria de um inqu\u00e9rito que investiga o ex-presidente Jair Bolsonaro. A maioria&hellip;<\/p>","protected":false},"author":1,"featured_media":76249,"comment_status":"closed","ping_status":"open","sticky":false,"template":"","format":"standard","meta":{"content-type":"","footnotes":""},"categories":[16],"tags":[123,2448,5313,1267],"class_list":["post-76248","post","type-post","status-publish","format-standard","has-post-thumbnail","hentry","category-noticias","tag-brasil","tag-diario","tag-noticia","tag-noticias"],"_links":{"self":[{"href":"https:\/\/tvbrazilusa.com\/pt\/wp-json\/wp\/v2\/posts\/76248","targetHints":{"allow":["GET"]}}],"collection":[{"href":"https:\/\/tvbrazilusa.com\/pt\/wp-json\/wp\/v2\/posts"}],"about":[{"href":"https:\/\/tvbrazilusa.com\/pt\/wp-json\/wp\/v2\/types\/post"}],"author":[{"embeddable":true,"href":"https:\/\/tvbrazilusa.com\/pt\/wp-json\/wp\/v2\/users\/1"}],"replies":[{"embeddable":true,"href":"https:\/\/tvbrazilusa.com\/pt\/wp-json\/wp\/v2\/comments?post=76248"}],"version-history":[{"count":1,"href":"https:\/\/tvbrazilusa.com\/pt\/wp-json\/wp\/v2\/posts\/76248\/revisions"}],"predecessor-version":[{"id":76250,"href":"https:\/\/tvbrazilusa.com\/pt\/wp-json\/wp\/v2\/posts\/76248\/revisions\/76250"}],"wp:featuredmedia":[{"embeddable":true,"href":"https:\/\/tvbrazilusa.com\/pt\/wp-json\/wp\/v2\/media\/76249"}],"wp:attachment":[{"href":"https:\/\/tvbrazilusa.com\/pt\/wp-json\/wp\/v2\/media?parent=76248"}],"wp:term":[{"taxonomy":"category","embeddable":true,"href":"https:\/\/tvbrazilusa.com\/pt\/wp-json\/wp\/v2\/categories?post=76248"},{"taxonomy":"post_tag","embeddable":true,"href":"https:\/\/tvbrazilusa.com\/pt\/wp-json\/wp\/v2\/tags?post=76248"}],"curies":[{"name":"wp","href":"https:\/\/api.w.org\/{rel}","templated":true}]}}