{"id":76256,"date":"2024-12-14T02:24:10","date_gmt":"2024-12-14T02:24:10","guid":{"rendered":"https:\/\/tvbrazilusa.com\/2024\/12\/14\/trump-recebe-o-ceo-da-apple-em-mar-a-lago-enquanto-grandes-lideres-de-tecnologia-continuam-a-se-aproximar-do-presidente-eleito-wsvn-7news-noticias-de-miami-clima-esportes-fort-lauderdale\/"},"modified":"2024-12-14T02:44:12","modified_gmt":"2024-12-14T02:44:12","slug":"trump-recebe-o-ceo-da-apple-em-mar-a-lago-enquanto-grandes-lideres-de-tecnologia-continuam-a-se-aproximar-do-presidente-eleito-wsvn-7news-noticias-de-miami-clima-esportes-fort-lauderdale","status":"publish","type":"post","link":"https:\/\/tvbrazilusa.com\/pt\/2024\/12\/14\/trump-recebe-o-ceo-da-apple-em-mar-a-lago-enquanto-grandes-lideres-de-tecnologia-continuam-a-se-aproximar-do-presidente-eleito-wsvn-7news-noticias-de-miami-clima-esportes-fort-lauderdale\/","title":{"rendered":"Trump recebe o CEO da Apple em Mar-a-Lago enquanto grandes l\u00edderes de tecnologia continuam a se aproximar do presidente eleito &#8211; WSVN 7News | Not\u00edcias de Miami, clima, esportes | Fort Lauderdale"},"content":{"rendered":"<p> <script async src=\"https:\/\/pagead2.googlesyndication.com\/pagead\/js\/adsbygoogle.js?client=ca-pub-8864793242727901\"\r\n     crossorigin=\"anonymous\"><\/script><br \/>\n<\/p>\n<div itemprop=\"articleBody\">\n<p>WEST PALM BEACH, Fl\u00f3rida (AP) \u2013 Donald Trump recebeu o CEO da Apple, Tim Cook, para um jantar na noite de sexta-feira no resort do presidente eleito em Mar-a-Lago, de acordo com uma pessoa familiarizada com o assunto que n\u00e3o estava autorizada a comentar publicamente.<\/p>\n<p>Cook \u00e9 o mais recente de uma s\u00e9rie de grandes l\u00edderes tecnol\u00f3gicos \u2013 incluindo Sam Altman da OpenAI, Mark Zuckerberg da Meta e Jeff Bezos da Amazon \u2013 que procuraram melhorar a sua posi\u00e7\u00e3o junto do novo presidente ap\u00f3s rela\u00e7\u00f5es agitadas com Trump durante o seu primeiro mandato.<\/p>\n<p>Trump disse que conversou com Cook sobre as longas batalhas fiscais da empresa com a Uni\u00e3o Europeia.<\/p>\n<p>A reuni\u00e3o ocorre menos de dois meses depois de Trump ter dito que conversou com Cook por telefone, e logo depois que a Apple perdeu seu \u00faltimo recurso em uma disputa com a UE sobre 13 bilh\u00f5es de euros (14,34 bilh\u00f5es de d\u00f3lares) em impostos atrasados \u200b\u200bpara a Irlanda.<\/p>\n<p>\u201cEle disse que a Uni\u00e3o Europeia acabou de nos multar em 15 mil milh\u00f5es de d\u00f3lares\u201d, recordou Trump sobre a sua conversa com Cook, numa entrevista em outubro ao podcaster Patrick Bet-David. \u201cAl\u00e9m disso, foram multados pela Uni\u00e3o Europeia em mais 2 mil milh\u00f5es de d\u00f3lares.\u201d<\/p>\n<p>A decis\u00e3o do tribunal superior da UE foi o final de uma disputa centrada nos acordos que Dublin oferecia para atrair empresas multinacionais com impostos m\u00ednimos em todo o bloco de 27 pa\u00edses. A Comiss\u00e3o Europeia decidiu em 2016 que a Irlanda concedeu \u00e0 Apple aux\u00edlio ilegal que a Irlanda era obrigada a recuperar.<\/p>\n<p>A equipe de transi\u00e7\u00e3o de Trump e a Apple n\u00e3o responderam imediatamente a um pedido de coment\u00e1rio sobre seu jantar com Cook.<\/p>\n<p>O CEO da OpenAI, Altman, est\u00e1 planejando fazer uma doa\u00e7\u00e3o pessoal de US$ 1 milh\u00e3o para o fundo de posse de Trump, confirmou a empresa na sexta-feira. Amazon e Meta, controladora do Facebook e do Instagram, confirmaram esta semana que doaram US$ 1 milh\u00e3o cada uma para o fundo inaugural de Trump.<\/p>\n<p>Durante seu primeiro mandato, Trump criticou a Amazon e criticou a cobertura pol\u00edtica do The Washington Post, de propriedade de Bezos. Enquanto isso, Bezos criticou parte da ret\u00f3rica anterior de Trump. Em 2019, a Amazon tamb\u00e9m argumentou num processo judicial que o preconceito de Trump contra a empresa prejudicava as suas hip\u00f3teses de ganhar um contrato de 10 mil milh\u00f5es de d\u00f3lares com o Pent\u00e1gono.<\/p>\n<p>Mais recentemente, Bezos adotou um tom mais conciliat\u00f3rio. Na semana passada, ele disse no DealBook Summit do The New York Times, em Nova York, que estava \u201cotimista\u201d em rela\u00e7\u00e3o ao segundo mandato de Trump, ao mesmo tempo que endossava os planos do presidente eleito de cortar regulamenta\u00e7\u00f5es.<\/p>\n<p>A doa\u00e7\u00e3o da Meta veio poucas semanas depois que o CEO da Meta, Zuckerberg, se encontrou com Trump em particular em Mar-a-Lago.<\/p>\n<p>Durante a campanha de 2024, Zuckerberg n\u00e3o apoiou um candidato \u00e0 presid\u00eancia, mas expressou uma postura mais positiva em rela\u00e7\u00e3o a Trump. No in\u00edcio deste ano, ele elogiou a resposta de Trump \u00e0 sua primeira tentativa de assassinato.<\/p>\n<p><em>Direitos autorais 2024 da Associated Press. Todos os direitos reservados. Este material n\u00e3o pode ser publicado, transmitido, reescrito ou redistribu\u00eddo.<\/em><\/p>\n<div class=\"wp-block-newsletter\">\n\t<strong class=\"wp-block-newsletter__title\">Cadastre-se em nosso boletim informativo para receber as \u00faltimas not\u00edcias diretamente em sua caixa de entrada<\/strong><\/p>\n<\/div><\/div>\n<p><br \/>\n<br \/><a href=\"https:\/\/wsvn.com\/news\/politics\/trump-hosts-apple-ceo-at-mar-a-lago-as-big-tech-leaders-continue-outreach-to-president-elect\/\">Source link <\/a><\/p>","protected":false},"excerpt":{"rendered":"<p>WEST PALM BEACH, Fl\u00f3rida (AP) \u2013 Donald Trump recebeu o CEO da Apple, Tim Cook, para um jantar na noite de sexta-feira no resort do presidente eleito em Mar-a-Lago, de&hellip;<\/p>","protected":false},"author":1,"featured_media":76257,"comment_status":"closed","ping_status":"open","sticky":false,"template":"","format":"standard","meta":{"content-type":"","footnotes":""},"categories":[1],"tags":[],"class_list":["post-76256","post","type-post","status-publish","format-standard","has-post-thumbnail","hentry","category-uncategorized"],"_links":{"self":[{"href":"https:\/\/tvbrazilusa.com\/pt\/wp-json\/wp\/v2\/posts\/76256","targetHints":{"allow":["GET"]}}],"collection":[{"href":"https:\/\/tvbrazilusa.com\/pt\/wp-json\/wp\/v2\/posts"}],"about":[{"href":"https:\/\/tvbrazilusa.com\/pt\/wp-json\/wp\/v2\/types\/post"}],"author":[{"embeddable":true,"href":"https:\/\/tvbrazilusa.com\/pt\/wp-json\/wp\/v2\/users\/1"}],"replies":[{"embeddable":true,"href":"https:\/\/tvbrazilusa.com\/pt\/wp-json\/wp\/v2\/comments?post=76256"}],"version-history":[{"count":1,"href":"https:\/\/tvbrazilusa.com\/pt\/wp-json\/wp\/v2\/posts\/76256\/revisions"}],"predecessor-version":[{"id":76258,"href":"https:\/\/tvbrazilusa.com\/pt\/wp-json\/wp\/v2\/posts\/76256\/revisions\/76258"}],"wp:featuredmedia":[{"embeddable":true,"href":"https:\/\/tvbrazilusa.com\/pt\/wp-json\/wp\/v2\/media\/76257"}],"wp:attachment":[{"href":"https:\/\/tvbrazilusa.com\/pt\/wp-json\/wp\/v2\/media?parent=76256"}],"wp:term":[{"taxonomy":"category","embeddable":true,"href":"https:\/\/tvbrazilusa.com\/pt\/wp-json\/wp\/v2\/categories?post=76256"},{"taxonomy":"post_tag","embeddable":true,"href":"https:\/\/tvbrazilusa.com\/pt\/wp-json\/wp\/v2\/tags?post=76256"}],"curies":[{"name":"wp","href":"https:\/\/api.w.org\/{rel}","templated":true}]}}