{"id":76268,"date":"2024-12-14T02:37:05","date_gmt":"2024-12-14T02:37:05","guid":{"rendered":"https:\/\/tvbrazilusa.com\/2024\/12\/14\/veja-cabeca-de-lula-com-curativos-pos-cirurgia-no-cranio-tv-florida-usa-a-sua-tv-brasileira-nos-estados-unidos\/"},"modified":"2024-12-14T03:03:41","modified_gmt":"2024-12-14T03:03:41","slug":"veja-cabeca-de-lula-com-curativos-pos-cirurgia-no-cranio-tv-florida-usa-a-sua-tv-brasileira-nos-estados-unidos","status":"publish","type":"post","link":"https:\/\/tvbrazilusa.com\/pt\/2024\/12\/14\/veja-cabeca-de-lula-com-curativos-pos-cirurgia-no-cranio-tv-florida-usa-a-sua-tv-brasileira-nos-estados-unidos\/","title":{"rendered":"Veja cabe\u00e7a de Lula com curativos p\u00f3s-cirurgia no cr\u00e2nio \u2013 TV Florida USA \u2013 A sua TV Brasileira nos Estados Unidos"},"content":{"rendered":"<p> <script async src=\"https:\/\/pagead2.googlesyndication.com\/pagead\/js\/adsbygoogle.js?client=ca-pub-8864793242727901\"\r\n     crossorigin=\"anonymous\"><\/script><br \/>\n<\/p>\n<div id=\"taboola-read-more\" style=\"display:block; width:100%\">\n<p><em>PR\/Ricardo Stuckert<\/em><\/p>\n<p>O presidente Luiz In\u00e1cio Lula da Silva (PT) publicou nesta 6\u00aa feira (13.dez.2024) um v\u00eddeo em suas redes sociais caminhando pelo corredor do Hospital S\u00edrio-Liban\u00eas, em S\u00e3o Paulo. O petista est\u00e1 internado desde a madrugada de 3\u00aa feira (10.dez). Nas imagens, \u00e9 poss\u00edvel notar os curativos na cabe\u00e7a do presidente.\n<\/p>\n<\/p>\n<p><em>PR\/Ricardo Stuckert<\/em>\n<\/p>\n<p>\u00c9 a 1\u00aa apari\u00e7\u00e3o p\u00fablica do chefe do Executivo desde que ele passou por uma cirurgia de trepana\u00e7\u00e3o craniana na madrugada de 3\u00aa feira (10.dez). No v\u00eddeo, Lula aparece sorrindo e conversando com o neurocirurgi\u00e3o Marcos Stavale, respons\u00e1vel pelo procedimento.\n<\/p>\n<p>O Hospital S\u00edrio-Liban\u00eas disse na manh\u00e3 desta 6\u00aa feira (13.dez) que Lula deixou a UTI e agora est\u00e1 sob cuidados semi-intensivos. Segundo o boletim m\u00e9dico, o presidente segue \u201cl\u00facido e orientado, alimentou-se normalmente e realizou caminhada pelos corredores\u201d.\n<\/p>\n<p>Nas imagens abaixo, \u00e9 poss\u00edvel ver que Lula est\u00e1 com 2 curativos.\n<\/p>\n<p><img decoding=\"async\" src=\"https:\/\/static.poder360.com.br\/2024\/12\/lula-cabeca-curativo-prismada.jpg\" alt=\"\" width=\"100%\"\/>\n<\/p>\n<p><em>Reprodu\u00e7\u00e3o\/X @LulaOficial<\/em>\n<\/p>\n<p>Fonte: Poder 360              <\/p>\n<\/div>\n<p><br \/>\n<br \/><a href=\"https:\/\/tvfloridausa.com\/2024\/12\/14\/fotos-veja-cabeca-de-lula-com-curativos-pos-cirurgia-no-cranio\/\">Source link <\/a><\/p>","protected":false},"excerpt":{"rendered":"<p>PR\/Ricardo Stuckert O presidente Luiz In\u00e1cio Lula da Silva (PT) publicou nesta 6\u00aa feira (13.dez.2024) um v\u00eddeo em suas redes sociais caminhando pelo corredor do Hospital S\u00edrio-Liban\u00eas, em S\u00e3o Paulo.&hellip;<\/p>","protected":false},"author":1,"featured_media":76269,"comment_status":"closed","ping_status":"open","sticky":false,"template":"","format":"standard","meta":{"content-type":"","footnotes":""},"categories":[22],"tags":[],"class_list":["post-76268","post","type-post","status-publish","format-standard","has-post-thumbnail","hentry","category-tv-florida-usa"],"_links":{"self":[{"href":"https:\/\/tvbrazilusa.com\/pt\/wp-json\/wp\/v2\/posts\/76268","targetHints":{"allow":["GET"]}}],"collection":[{"href":"https:\/\/tvbrazilusa.com\/pt\/wp-json\/wp\/v2\/posts"}],"about":[{"href":"https:\/\/tvbrazilusa.com\/pt\/wp-json\/wp\/v2\/types\/post"}],"author":[{"embeddable":true,"href":"https:\/\/tvbrazilusa.com\/pt\/wp-json\/wp\/v2\/users\/1"}],"replies":[{"embeddable":true,"href":"https:\/\/tvbrazilusa.com\/pt\/wp-json\/wp\/v2\/comments?post=76268"}],"version-history":[{"count":1,"href":"https:\/\/tvbrazilusa.com\/pt\/wp-json\/wp\/v2\/posts\/76268\/revisions"}],"predecessor-version":[{"id":76270,"href":"https:\/\/tvbrazilusa.com\/pt\/wp-json\/wp\/v2\/posts\/76268\/revisions\/76270"}],"wp:featuredmedia":[{"embeddable":true,"href":"https:\/\/tvbrazilusa.com\/pt\/wp-json\/wp\/v2\/media\/76269"}],"wp:attachment":[{"href":"https:\/\/tvbrazilusa.com\/pt\/wp-json\/wp\/v2\/media?parent=76268"}],"wp:term":[{"taxonomy":"category","embeddable":true,"href":"https:\/\/tvbrazilusa.com\/pt\/wp-json\/wp\/v2\/categories?post=76268"},{"taxonomy":"post_tag","embeddable":true,"href":"https:\/\/tvbrazilusa.com\/pt\/wp-json\/wp\/v2\/tags?post=76268"}],"curies":[{"name":"wp","href":"https:\/\/api.w.org\/{rel}","templated":true}]}}