{"id":76311,"date":"2024-12-14T06:44:53","date_gmt":"2024-12-14T06:44:53","guid":{"rendered":"https:\/\/tvbrazilusa.com\/2024\/12\/14\/%f0%9f%8c%b1-idoso-de-fort-myers-luta-contra-a-ameaca-de-falta-de-moradia\/"},"modified":"2024-12-14T06:55:01","modified_gmt":"2024-12-14T06:55:01","slug":"%f0%9f%8c%b1-idoso-de-fort-myers-luta-contra-a-ameaca-de-falta-de-moradia","status":"publish","type":"post","link":"https:\/\/tvbrazilusa.com\/pt\/2024\/12\/14\/%f0%9f%8c%b1-idoso-de-fort-myers-luta-contra-a-ameaca-de-falta-de-moradia\/","title":{"rendered":"\ud83c\udf31 Idoso de Fort Myers luta contra a amea\u00e7a de falta de moradia"},"content":{"rendered":"<p> <script async src=\"https:\/\/pagead2.googlesyndication.com\/pagead\/js\/adsbygoogle.js?client=ca-pub-8864793242727901\"\r\n     crossorigin=\"anonymous\"><\/script><br \/>\n<\/p>\n<div>\n<p>\u2615\ufe0f\ufe0f Ei, ei, Fort Myers! Sua fonte completa de not\u00edcias locais est\u00e1 aqui. Continue lendo para todas as atualiza\u00e7\u00f5es. <strong>No boletim informativo de hoje:<\/strong><\/p>\n<\/div>\n<div>\n<ul>\n<li>Idoso de Fort Myers luta contra a iminente falta de moradia<\/li>\n<li>Pistas da ponte Caloosahatchee abrem mais cedo<\/li>\n<li>Busca em andamento por mulher desaparecida em Fort Myers<\/li>\n<\/ul>\n<p>Tamb\u00e9m no calend\u00e1rio de hoje: <strong>A ultrassonografia mam\u00e1ria est\u00e1 chegando direto para voc\u00ea!<\/strong> e 10 outros eventos.<\/p>\n<p><em>Enigma de hoje:<\/em> Como voc\u00ea chama um urso sem dentes? \ud83e\udd14 Continue lendo para descobrir.<\/p>\n<\/div>\n<div>\n<hr\/>\n<p> <a href=\"https:\/\/patch.com\/florida\/fort-myers\/weather\"><strong>Previs\u00e3o do tempo:<\/strong><\/a> <\/p>\n<ul>\n<li class=\"sans\"><strong>S\u00e1bado:<\/strong> Muito sol; arejado, agrad\u00e1vel, com m\u00e1xima de 79 e m\u00ednima de 64 graus. <\/li>\n<li class=\"sans\"><strong>Domingo:<\/strong> Algumas chuvas matinais, temperatura: alta: 82, baixa: 63. <\/li>\n<li class=\"sans\"><strong>Segunda-feira:<\/strong> Ventoso pela manh\u00e3; sol, com m\u00e1xima de 82 e m\u00ednima de 64 graus. <\/li>\n<\/ul>\n<hr\/>\n<h4>\ud83d\udcf0 <strong>Not\u00edcias que estamos lendo<\/strong><\/h4>\n<p><b>1. Homem de Fort Myers enfrentando falta de moradia antes das f\u00e9rias<\/b> (<a href=\"https:\/\/winknews.com\/2024\/12\/12\/fort-myers-man-facing-homelessness-before-the-holidays\" target=\"_blank\" rel=\"nofollow\">winknews. com<\/a>) \u2013 Thilo Burkart, um homem de 75 anos de Fort Myers, enfrenta a falta de moradia apesar de trabalhar 90 horas semanais fazendo entregas para Doordash. Com o prazo de aluguel se aproximando, ele espera ajuda de abrigos locais como a Casa de S\u00e3o Mateus. <br \/><a href=\"https:\/\/fort-myers-fl.patch.am\/rate-item?d=u&#038;h=eyJsb2MiOiI3NjkyIiwic291cmNlIjoid2lua25ld3MuY29tIiwidGl0bGUiOiJGb3J0IE15ZXJzIG1hbiBmYWNpbmcgaG9tZWxlc3NuZXNzIGJlZm9yZSB0aGUgaG9saWRheXMiLCJ1cmwiOiJodHRwczpcL1wvd2lua25ld3MuY29tXC8yMDI0XC8xMlwvMTJcL2ZvcnQtbXllcnMtbWFuLWZhY2luZy1ob21lbGVzc25lc3MtYmVmb3JlLXRoZS1ob2xpZGF5cyIsImFydGlkIjoiN2ViYzVjOGZmNjQzNjQ4YjBmNDQ5NmIyODg1OTMzODIifQ==\" target=\"_blank\" rel=\"nofollow\"><\/a>   <a href=\"https:\/\/fort-myers-fl.patch.am\/rate-item?d=d&#038;h=eyJsb2MiOiI3NjkyIiwic291cmNlIjoid2lua25ld3MuY29tIiwidGl0bGUiOiJGb3J0IE15ZXJzIG1hbiBmYWNpbmcgaG9tZWxlc3NuZXNzIGJlZm9yZSB0aGUgaG9saWRheXMiLCJ1cmwiOiJodHRwczpcL1wvd2lua25ld3MuY29tXC8yMDI0XC8xMlwvMTJcL2ZvcnQtbXllcnMtbWFuLWZhY2luZy1ob21lbGVzc25lc3MtYmVmb3JlLXRoZS1ob2xpZGF5cyIsImFydGlkIjoiN2ViYzVjOGZmNjQzNjQ4YjBmNDQ5NmIyODg1OTMzODIifQ==\" target=\"_blank\" rel=\"nofollow\"><img decoding=\"async\" class=\"thumbs\" width=\"16\" height=\"16\" src=\"https:\/\/patch.com\/img\/cdn\/assets\/layout\/thumb_down_16x16.png\" data-sizes=\"(min-width: 780px) 726px, 100vw\" srcset=\"https:\/\/patch.com\/img\/cdn\/assets\/layout\/thumb_down_16x16.png?width=640 640w, https:\/\/patch.com\/img\/cdn\/assets\/layout\/thumb_down_16x16.png?width=726 726w\"\/><\/a><\/p>\n<\/div>\n<div>\n<p><b>2. FDOT abrir\u00e1 todas as pistas da ponte Caloosahatchee um ano antes do cronograma de constru\u00e7\u00e3o<\/b> (<a href=\"https:\/\/winknews.com\/2024\/12\/13\/fdot-to-open-all-lanes-of-caloosahatchee-bridge-year-ahead-of-construction-schedule\" target=\"_blank\" rel=\"nofollow\">winknews. com<\/a>) \u2013 O FDOT est\u00e1 abrindo todas as pistas da ponte Caloosahatchee antes do previsto, melhorando a conectividade entre o centro de Fort Myers e North Fort Myers. Enquanto as faixas da ponte est\u00e3o abertas, continuam os trabalhos nos recursos de seguran\u00e7a de pedestres e ciclistas. <br \/><a href=\"https:\/\/fort-myers-fl.patch.am\/rate-item?d=u&#038;h=eyJsb2MiOiI3NjkyIiwic291cmNlIjoid2lua25ld3MuY29tIiwidGl0bGUiOiJGRE9UIHRvIG9wZW4gYWxsIGxhbmVzIG9mIENhbG9vc2FoYXRjaGVlIEJyaWRnZSB5ZWFyIGFoZWFkIG9mIGNvbnN0cnVjdGlvbiBzY2hlZHVsZSIsInVybCI6Imh0dHBzOlwvXC93aW5rbmV3cy5jb21cLzIwMjRcLzEyXC8xM1wvZmRvdC10by1vcGVuLWFsbC1sYW5lcy1vZi1jYWxvb3NhaGF0Y2hlZS1icmlkZ2UteWVhci1haGVhZC1vZi1jb25zdHJ1Y3Rpb24tc2NoZWR1bGUiLCJhcnRpZCI6IjcxZjUwZDNmMTVkMjBlMGQ0NTg5NjdjZGJhODRjNzllIn0=\" target=\"_blank\" rel=\"nofollow\"><img decoding=\"async\" class=\"thumbs\" width=\"16\" height=\"16\" src=\"https:\/\/patch.com\/img\/cdn\/assets\/layout\/thumb_up_16x16.png\" data-rel=\"penci-gallery-image-content\"  data-sizes=\"(min-width: 780px) 726px, 100vw\" srcset=\"https:\/\/patch.com\/img\/cdn\/assets\/layout\/thumb_up_16x16.png?width=640 640w, https:\/\/patch.com\/img\/cdn\/assets\/layout\/thumb_up_16x16.png?width=726 726w\"\/><\/a>   <a href=\"https:\/\/fort-myers-fl.patch.am\/rate-item?d=d&#038;h=eyJsb2MiOiI3NjkyIiwic291cmNlIjoid2lua25ld3MuY29tIiwidGl0bGUiOiJGRE9UIHRvIG9wZW4gYWxsIGxhbmVzIG9mIENhbG9vc2FoYXRjaGVlIEJyaWRnZSB5ZWFyIGFoZWFkIG9mIGNvbnN0cnVjdGlvbiBzY2hlZHVsZSIsInVybCI6Imh0dHBzOlwvXC93aW5rbmV3cy5jb21cLzIwMjRcLzEyXC8xM1wvZmRvdC10by1vcGVuLWFsbC1sYW5lcy1vZi1jYWxvb3NhaGF0Y2hlZS1icmlkZ2UteWVhci1haGVhZC1vZi1jb25zdHJ1Y3Rpb24tc2NoZWR1bGUiLCJhcnRpZCI6IjcxZjUwZDNmMTVkMjBlMGQ0NTg5NjdjZGJhODRjNzllIn0=\" target=\"_blank\" rel=\"nofollow\"><img decoding=\"async\" class=\"thumbs\" width=\"16\" height=\"16\" src=\"https:\/\/patch.com\/img\/cdn\/assets\/layout\/thumb_down_16x16.png\" data-sizes=\"(min-width: 780px) 726px, 100vw\" srcset=\"https:\/\/patch.com\/img\/cdn\/assets\/layout\/thumb_down_16x16.png?width=640 640w, https:\/\/patch.com\/img\/cdn\/assets\/layout\/thumb_down_16x16.png?width=726 726w\"\/><\/a><\/p>\n<p><b>3. A pol\u00edcia continua a busca pela mulher de Fort Myers 4 anos ap\u00f3s o desaparecimento<\/b> (<a href=\"https:\/\/www.nbc-2.com\/article\/fort-myers-woman-disappearance-police-search\/63182546\" target=\"_blank\" rel=\"nofollow\">nbc-2.com<\/a>) \u2014 Quatro anos depois do desaparecimento de Maria Espinal de sua casa em Fort Myers, a pol\u00edcia local continua sua busca, pedindo qualquer informa\u00e7\u00e3o \u00e0 comunidade. Apesar dos esfor\u00e7os exaustivos, a mulher de 66 anos continua desaparecida e o seu caso ainda est\u00e1 aberto. <br \/><a href=\"https:\/\/fort-myers-fl.patch.am\/rate-item?d=u&#038;h=eyJsb2MiOiI3NjkyIiwic291cmNlIjoibmJjLTIuY29tIiwidGl0bGUiOiJQb2xpY2UgY29udGludWUgc2VhcmNoIGZvciBGb3J0IE15ZXJzIHdvbWFuIDQgeWVhcnMgYWZ0ZXIgZGlzYXBwZWFyYW5jZSIsInVybCI6Imh0dHBzOlwvXC93d3cubmJjLTIuY29tXC9hcnRpY2xlXC9mb3J0LW15ZXJzLXdvbWFuLWRpc2FwcGVhcmFuY2UtcG9saWNlLXNlYXJjaFwvNjMxODI1NDYiLCJhcnRpZCI6IjRhNDExMjkyZjk3NDYzOWY0NDMyNWQ1NTMwOTdiZjc5In0=\" target=\"_blank\" rel=\"nofollow\"><img decoding=\"async\" class=\"thumbs\" width=\"16\" height=\"16\" src=\"https:\/\/patch.com\/img\/cdn\/assets\/layout\/thumb_up_16x16.png\" data-rel=\"penci-gallery-image-content\"  data-sizes=\"(min-width: 780px) 726px, 100vw\" srcset=\"https:\/\/patch.com\/img\/cdn\/assets\/layout\/thumb_up_16x16.png?width=640 640w, https:\/\/patch.com\/img\/cdn\/assets\/layout\/thumb_up_16x16.png?width=726 726w\"\/><\/a>   <a href=\"https:\/\/fort-myers-fl.patch.am\/rate-item?d=d&#038;h=eyJsb2MiOiI3NjkyIiwic291cmNlIjoibmJjLTIuY29tIiwidGl0bGUiOiJQb2xpY2UgY29udGludWUgc2VhcmNoIGZvciBGb3J0IE15ZXJzIHdvbWFuIDQgeWVhcnMgYWZ0ZXIgZGlzYXBwZWFyYW5jZSIsInVybCI6Imh0dHBzOlwvXC93d3cubmJjLTIuY29tXC9hcnRpY2xlXC9mb3J0LW15ZXJzLXdvbWFuLWRpc2FwcGVhcmFuY2UtcG9saWNlLXNlYXJjaFwvNjMxODI1NDYiLCJhcnRpZCI6IjRhNDExMjkyZjk3NDYzOWY0NDMyNWQ1NTMwOTdiZjc5In0=\" target=\"_blank\" rel=\"nofollow\"><img decoding=\"async\" class=\"thumbs\" width=\"16\" height=\"16\" src=\"https:\/\/patch.com\/img\/cdn\/assets\/layout\/thumb_down_16x16.png\" data-sizes=\"(min-width: 780px) 726px, 100vw\" srcset=\"https:\/\/patch.com\/img\/cdn\/assets\/layout\/thumb_down_16x16.png?width=640 640w, https:\/\/patch.com\/img\/cdn\/assets\/layout\/thumb_down_16x16.png?width=726 726w\"\/><\/a><\/p>\n<\/div>\n<div>\n<p><b>4. Milh\u00f5es em fundos federais chegando ao Condado de Lee para ajuda em desastres<\/b> (<a href=\"https:\/\/news.wgcu.org\/government-politics\/2024-12-13\/millions-in-federal-funds-coming-to-lee-county-for-disaster-help\" target=\"_blank\" rel=\"nofollow\">wgcu.org<\/a>) \u2013 O condado de Lee dever\u00e1 receber mais de US$ 19 milh\u00f5es da EPA para refor\u00e7ar a prepara\u00e7\u00e3o para desastres, com o Colaborat\u00f3rio no centro de Fort Myers servindo como um dos quatro centros de suprimentos e servi\u00e7os. Este financiamento visa apoiar comunidades desfavorecidas e melhorar a infraestrutura local. <br \/><a href=\"https:\/\/fort-myers-fl.patch.am\/rate-item?d=u&#038;h=eyJsb2MiOiI3NjkyIiwic291cmNlIjoid2djdS5vcmciLCJ0aXRsZSI6Ik1pbGxpb25zIGluIGZlZGVyYWwgZnVuZHMgY29taW5nIHRvIExlZSBDb3VudHkgZm9yIGRpc2FzdGVyIGhlbHAiLCJ1cmwiOiJodHRwczpcL1wvbmV3cy53Z2N1Lm9yZ1wvZ292ZXJubWVudC1wb2xpdGljc1wvMjAyNC0xMi0xM1wvbWlsbGlvbnMtaW4tZmVkZXJhbC1mdW5kcy1jb21pbmctdG8tbGVlLWNvdW50eS1mb3ItZGlzYXN0ZXItaGVscCIsImFydGlkIjoiMzdmMzRmMTc0YjFjODc4NDcyMDc2MzljNDQyYmVlMTkifQ==\" target=\"_blank\" rel=\"nofollow\"><img decoding=\"async\" class=\"thumbs\" width=\"16\" height=\"16\" src=\"https:\/\/patch.com\/img\/cdn\/assets\/layout\/thumb_up_16x16.png\" data-rel=\"penci-gallery-image-content\"  data-sizes=\"(min-width: 780px) 726px, 100vw\" srcset=\"https:\/\/patch.com\/img\/cdn\/assets\/layout\/thumb_up_16x16.png?width=640 640w, https:\/\/patch.com\/img\/cdn\/assets\/layout\/thumb_up_16x16.png?width=726 726w\"\/><\/a>   <a href=\"https:\/\/fort-myers-fl.patch.am\/rate-item?d=d&#038;h=eyJsb2MiOiI3NjkyIiwic291cmNlIjoid2djdS5vcmciLCJ0aXRsZSI6Ik1pbGxpb25zIGluIGZlZGVyYWwgZnVuZHMgY29taW5nIHRvIExlZSBDb3VudHkgZm9yIGRpc2FzdGVyIGhlbHAiLCJ1cmwiOiJodHRwczpcL1wvbmV3cy53Z2N1Lm9yZ1wvZ292ZXJubWVudC1wb2xpdGljc1wvMjAyNC0xMi0xM1wvbWlsbGlvbnMtaW4tZmVkZXJhbC1mdW5kcy1jb21pbmctdG8tbGVlLWNvdW50eS1mb3ItZGlzYXN0ZXItaGVscCIsImFydGlkIjoiMzdmMzRmMTc0YjFjODc4NDcyMDc2MzljNDQyYmVlMTkifQ==\" target=\"_blank\" rel=\"nofollow\"><img decoding=\"async\" class=\"thumbs\" width=\"16\" height=\"16\" src=\"https:\/\/patch.com\/img\/cdn\/assets\/layout\/thumb_down_16x16.png\" data-sizes=\"(min-width: 780px) 726px, 100vw\" srcset=\"https:\/\/patch.com\/img\/cdn\/assets\/layout\/thumb_down_16x16.png?width=640 640w, https:\/\/patch.com\/img\/cdn\/assets\/layout\/thumb_down_16x16.png?width=726 726w\"\/><\/a><\/p>\n<p><b>5. CVRA d\u00e1 as boas-vindas \u00e0 United Airlines de volta com corte de fita<\/b> (<a href=\"https:\/\/www.weau.com\/2024\/12\/13\/cvra-welcomes-united-airlines-back-with-ribbon-cutting\" target=\"_blank\" rel=\"nofollow\">weau.com<\/a>) \u2013 Os viajantes do Aeroporto Regional de Chippewa Valley poder\u00e3o em breve desfrutar de voos diretos para Fort Myers, cortesia da Sun Country Airlines. Este novo servi\u00e7o, a partir de 31 de janeiro, visa aprimorar as op\u00e7\u00f5es de viagem e testar a demanda pelo destino ensolarado. <br \/><a href=\"https:\/\/fort-myers-fl.patch.am\/rate-item?d=u&#038;h=eyJsb2MiOiI3NjkyIiwic291cmNlIjoid2VhdS5jb20iLCJ0aXRsZSI6IkNWUkEgd2VsY29tZXMgVW5pdGVkIEFpcmxpbmVzIGJhY2sgd2l0aCByaWJib24gY3V0dGluZyIsInVybCI6Imh0dHBzOlwvXC93d3cud2VhdS5jb21cLzIwMjRcLzEyXC8xM1wvY3ZyYS13ZWxjb21lcy11bml0ZWQtYWlybGluZXMtYmFjay13aXRoLXJpYmJvbi1jdXR0aW5nIiwiYXJ0aWQiOiI5MGI2MDk1ZGI0NGY1NzExYWE5ODgwMzIzZmYyNDZmOSJ9\" target=\"_blank\" rel=\"nofollow\"><img decoding=\"async\" class=\"thumbs\" width=\"16\" height=\"16\" src=\"https:\/\/patch.com\/img\/cdn\/assets\/layout\/thumb_up_16x16.png\" data-rel=\"penci-gallery-image-content\"  data-sizes=\"(min-width: 780px) 726px, 100vw\" srcset=\"https:\/\/patch.com\/img\/cdn\/assets\/layout\/thumb_up_16x16.png?width=640 640w, https:\/\/patch.com\/img\/cdn\/assets\/layout\/thumb_up_16x16.png?width=726 726w\"\/><\/a>   <a href=\"https:\/\/fort-myers-fl.patch.am\/rate-item?d=d&#038;h=eyJsb2MiOiI3NjkyIiwic291cmNlIjoid2VhdS5jb20iLCJ0aXRsZSI6IkNWUkEgd2VsY29tZXMgVW5pdGVkIEFpcmxpbmVzIGJhY2sgd2l0aCByaWJib24gY3V0dGluZyIsInVybCI6Imh0dHBzOlwvXC93d3cud2VhdS5jb21cLzIwMjRcLzEyXC8xM1wvY3ZyYS13ZWxjb21lcy11bml0ZWQtYWlybGluZXMtYmFjay13aXRoLXJpYmJvbi1jdXR0aW5nIiwiYXJ0aWQiOiI5MGI2MDk1ZGI0NGY1NzExYWE5ODgwMzIzZmYyNDZmOSJ9\" target=\"_blank\" rel=\"nofollow\"><img decoding=\"async\" class=\"thumbs\" width=\"16\" height=\"16\" src=\"https:\/\/patch.com\/img\/cdn\/assets\/layout\/thumb_down_16x16.png\" data-sizes=\"(min-width: 780px) 726px, 100vw\" srcset=\"https:\/\/patch.com\/img\/cdn\/assets\/layout\/thumb_down_16x16.png?width=640 640w, https:\/\/patch.com\/img\/cdn\/assets\/layout\/thumb_down_16x16.png?width=726 726w\"\/><\/a><\/p>\n<\/div>\n<div>\n<hr\/>\n<figure class=\"pixel-wrapper\"> <img decoding=\"async\" width=\"1\" height=\"1\" border=\"0\" class=\"t-pixel\" src=\"https:\/\/pixel.patch.com\/blank.gif?json=eJwljVkKwyAURbcS3ncETUxsupVSgtFnKzgENZRQuvdq%2B3c5d7q9wRb0azl3hCso6TBomdYGoYccj6SagV5aV4GLShYbQ0XZ%2Bt1hp6txdgFf2WEpmGpol0U9V6vhyhgbph4SPmrnRwZBlx5Ck6CYXIQ0hvB5o4Qrg2QbtCBinplh%2BoJ8VHXuyJj%2B3ZHShU%2B8PqToY8E2wuBz%2FwKjeT56\" data-sizes=\"\" srcset=\"\"\/> <\/figure>\n<h4>\ud83d\uddd3 <strong>Pr\u00f3ximos eventos em Fort Myers<\/strong><br \/><\/h4>\n<p><a href=\"https:\/\/patch.com\/florida\/fort-myers\/compose\/event\">  Adicione seu evento ao nosso calend\u00e1rio e newsletter! <\/a><\/p>\n<h4><span><span>\u2605<\/span> Eventos em destaque <span><span>\u2605<\/span><\/span><\/span><\/h4>\n<hr\/>\n<h5>Outros eventos locais<\/h5>\n<p> <em>Perdemos alguma coisa em nosso calend\u00e1rio? <a href=\"https:\/\/patch.com\/florida\/fort-myers\/compose\/event\">Adicione um evento aqui<\/a>! <\/em> <\/p>\n<hr\/>\n<p><em>Quer um link para sua empresa neste boletim informativo? <a href=\"https:\/\/patch.com\/florida\/fort-myers\/compose\/bizpost\">Clique aqui<\/a>.<\/em><\/p>\n<hr\/>\n<h4>\ud83d\uddd3 <strong>Eventos pr\u00f3ximos<\/strong><\/h4>\n<ul>\n<h5> <span class=\"text-green-8\"><b>S\u00e1bado, 14 de dezembro<\/b><\/span> <\/h5>\n<li><span> <b>Pintura acr\u00edlica com Pat Smelkoff: Poins\u00e9tia<\/b> (Whisky Creek) <br \/>S\u00e1bado, 14 de dezembro, 10h<br \/>Alliance for the Arts, 10091 McGregor Blvd., Fort Myers, FL, 33919, Estados Unidos <\/span><\/li>\n<li><span> <a href=\"https:\/\/www.yoursun.com\/arcadia\/local-events\/?_evDiscoveryPath=\/event\/106061977n-joe-fernandez-solo-acoustic\" target=\"_blank\" rel=\"nofollow\"><b>Joe Fern\u00e1ndez<\/b><\/a>  (Tice) <br \/>S\u00e1bado, 14 de dezembro, 11h<br \/>Hooked Island Grill-Fort Myers <\/span><\/li>\n<li><span> <a href=\"https:\/\/www.fmbrew.com\/events\/2024-12-14\/\" target=\"_blank\" rel=\"nofollow\"><b>Papai Noel est\u00e1 vindo para FMBrew!<\/b><\/a>  (Tice) <br \/>S\u00e1bado, 14 de dezembro, 12h<br \/>Empresa de cervejaria Fort Myers <\/span><\/li>\n<li><span> <a href=\"https:\/\/www.prekindle.com\/event\/71212-breakfast-with-santa-fort-myers\" target=\"_blank\" rel=\"nofollow\"><b>Caf\u00e9 da manh\u00e3 com Papai Noel<\/b><\/a>  (Mans\u00e3o do Pinheiro) <br \/>S\u00e1bado, 14 de dezembro, 12h<br \/>Fort Myers de Dave e Buster <\/span><\/li>\n<\/ul>\n<p> <em>Perdemos alguma coisa em nosso calend\u00e1rio? <a href=\"https:\/\/patch.com\/florida\/fort-myers\/compose\/event\">Adicione voc\u00ea mesmo um evento<\/a>! <\/em> <\/p>\n<hr\/>\n<p>\ud83d\udd28 <strong>Precisa de ajuda com um projeto em casa?<\/strong> Patch fez parceria com Thumbtack para tornar a contrata\u00e7\u00e3o de um profissional local confi\u00e1vel r\u00e1pida e f\u00e1cil. <a href=\"https:\/\/patch.com\/florida\/fort-myers\/businesses\" target=\"_blank\">Clique aqui para come\u00e7ar.<\/a><\/p>\n<\/div>\n<div>\n<hr\/>\n<h4>\ud83d\udcac <strong>Conversa<\/strong><\/h4>\n<p>O que seus vizinhos est\u00e3o falando nas redes sociais<\/p>\n<ul>\n<li><b>Ol\u00e1 e BOAS FESTAS vizinhos \ud83e\udd17 Apenas um lembrete, vamos todos trabalhar juntos para tentar manter as ruas\/estacionamentos limpos \ud83d\ude42 Meu cachorrinho infelizmente encontrou v\u00e1rias embalagens de chocolate durante nossas caminhadas pelo Lennox e como todos sabemos<\/b> <br \/>chocolate \u00e9 proibido para filhotes. Obrigado a todos e aproveitem o feriado!!! (<a href=\"https:\/\/nextdoor.com\/p\/m5BD7mZ5DFbS\/?from_partner=patch&#038;share_id=m5BD7mZ5DFbS&#038;utm_medium=public_api&#038;utm_source=patch&#038;utm_content=m5BD7mZ5DFbS&#038;next_url=\/p\/m5BD7mZ5DFbS&#038;utm_medium=email&#038;utm_campaign=pilot\" target=\"_blank\" rel=\"nofollow\">Ao lado<\/a> Verde Boliche) <\/li>\n<li><b>O vizinho encontrou esse menino bonzinho.<\/b> <br \/>Tentando encontrar seus donos. Vou lev\u00e1-lo ao abrigo para ver se ele tem chip. Encontrado em S. Fountainhead. Ligue para 239-989-2289 (<a href=\"https:\/\/nextdoor.com\/p\/Jry6FyRH9GxP\/?from_partner=patch&#038;share_id=Jry6FyRH9GxP&#038;utm_medium=public_api&#038;utm_source=patch&#038;utm_content=Jry6FyRH9GxP&#038;next_url=\/p\/Jry6FyRH9GxP&#038;utm_medium=email&#038;utm_campaign=pilot\" target=\"_blank\" rel=\"nofollow\">Ao lado<\/a> Propriedades do Lago Cypress) <\/li>\n<\/ul>\n<ul>\n<li>  Que dia memor\u00e1vel para nossos alunos em @CypressLakeHigh, como o congressista do sudoeste da Fl\u00f3rida, Byron Donalds, acabou de falar com eles. Aulas governamentais&#8230; (X: <a href=\"https:\/\/twitter.com\/LeeSchools\/status\/1867675868606484495?ref_src=twsrc%5Egoogle%7Ctwcamp%5Eserp%7Ctwgr%5Etweet\" target=\"_blank\" rel=\"nofollow\">@LeeSchools<\/a>) <\/li>\n<li>  \u00c9 \u00f3timo ver a secret\u00e1ria Nandam do @MyFDOT_SWFL em Fort Myers esta semana no almo\u00e7o da Sociedade de Investimento Imobili\u00e1rio e ouvir as \u00faltimas atualiza\u00e7\u00f5es sobre&#8230; (X: <a href=\"https:\/\/twitter.com\/jenna_persons\/status\/1867579830470078862?ref_src=twsrc%5Egoogle%7Ctwcamp%5Eserp%7Ctwgr%5Etweet\" target=\"_blank\" rel=\"nofollow\">@jenna_persons<\/a>) <\/li>\n<\/ul>\n<ul>\n<li>  American Greetings publicou uma vaga de emprego para <strong>**Rec\u00e9m-inaugurado &#8211; Comerciante de meio per\u00edodo &#8211; Fort Myers, FL<\/strong> em Fort Myers, Fl\u00f3rida. Inscreva-se em <a href=\"https:\/\/www.linkedin.com\/jobs\/view\/newly-opened-part-time-merchandiser-fort-myers-fl-at-american-greetings-4097609365?utm_campaign=google_jobs_apply&#038;utm_source=google_jobs_apply&#038;utm_medium=organic\" target=\"_blank\" rel=\"nofollow\">LinkedIn<\/a>. <\/li>\n<li>  TravelNurseSource publicou uma vaga de emprego para <strong>OR &#8211; Travel RN &#8211; Fort Myers, FL &#8211; &#8211; 26517463 &#8211; Excelentes benef\u00edcios 2024-12-13<\/strong> em Fort Myers, Fl\u00f3rida. Inscreva-se em <a href=\"https:\/\/www.linkedin.com\/jobs\/view\/or-travel-rn-fort-myers-fl-26517463-excellent-benefits-2024-12-13-at-travelnursesource-4099507768?utm_campaign=google_jobs_apply&#038;utm_source=google_jobs_apply&#038;utm_medium=organic\" target=\"_blank\" rel=\"nofollow\">LinkedIn<\/a>. <\/li>\n<\/ul>\n<hr\/>\n<p> <b>Ok Fort Myers!<\/b> Ent\u00e3o agora voc\u00ea est\u00e1 por dentro do que est\u00e1 acontecendo hoje. Obrigado pela leitura e at\u00e9 a pr\u00f3xima vez na sua caixa de entrada! <\/p>\n<p> <b>&#8211; A equipe do Patch AM<\/b> <\/p>\n<p> <em>PS A resposta para o enigma de hoje:<\/em> Um ursinho de goma. <\/p>\n<hr\/>\n<h4>\ud83d\udc49 <strong>Ajude a tornar o Patch AM melhor<\/strong><\/h4>\n<hr\/>\n<p> <a href=\"https:\/\/nextdoor.com\/sharekit\/?source=Fort%20Myers%20Patch%20AM&#038;body=Catch+up+on+what+you+need+to+know+from+the+Fort+Myers+Patch+AM+daily+update%3A+https%3A%2F%2Fpatch.com%2Fflorida%2Ffort-myers&#038;utm_source=patch&#038;utm_medium=email&#038;utm_campaign=pilot\" target=\"_blank\" class=\"text-weight-bold text-green-8 sans\">Compartilhar no NextDoor<\/a>     <a href=\"https:\/\/www.facebook.com\/share.php?u=https:\/\/patch.com\/florida\/fort-myers&#038;title=Catch+up+on+what+you+need+to+know+from+the+Fort+Myers+Patch+AM+daily+update%3A+https%3A%2F%2Fpatch.com%2Fflorida%2Ffort-myers\" target=\"_blank\" class=\"text-weight-bold text-light-blue-10 sans\">Compartilhar no Facebook<\/a><\/p>\n<\/div>\n<p><script async src=\"\/\/platform.twitter.com\/widgets.js\" charset=\"utf-8\"><\/script><br \/>\n<br \/><br \/>\n<br \/><a href=\"http:\/\/patch.com\/florida\/fort-myers\/fort-myers-senior-struggles-looming-homelessness-nodx-20241214?utm_source=article-mostrecent&#038;utm_medium=rss&#038;utm_term=community%20corner&#038;utm_campaign=recirc&#038;utm_content=aol\">Source link <\/a><\/p>","protected":false},"excerpt":{"rendered":"<p>\u2615\ufe0f\ufe0f Ei, ei, Fort Myers! Sua fonte completa de not\u00edcias locais est\u00e1 aqui. Continue lendo para todas as atualiza\u00e7\u00f5es. No boletim informativo de hoje: Idoso de Fort Myers luta contra&hellip;<\/p>","protected":false},"author":1,"featured_media":71100,"comment_status":"closed","ping_status":"open","sticky":false,"template":"","format":"standard","meta":{"content-type":"","footnotes":""},"categories":[1],"tags":[],"class_list":["post-76311","post","type-post","status-publish","format-standard","has-post-thumbnail","hentry","category-uncategorized"],"_links":{"self":[{"href":"https:\/\/tvbrazilusa.com\/pt\/wp-json\/wp\/v2\/posts\/76311","targetHints":{"allow":["GET"]}}],"collection":[{"href":"https:\/\/tvbrazilusa.com\/pt\/wp-json\/wp\/v2\/posts"}],"about":[{"href":"https:\/\/tvbrazilusa.com\/pt\/wp-json\/wp\/v2\/types\/post"}],"author":[{"embeddable":true,"href":"https:\/\/tvbrazilusa.com\/pt\/wp-json\/wp\/v2\/users\/1"}],"replies":[{"embeddable":true,"href":"https:\/\/tvbrazilusa.com\/pt\/wp-json\/wp\/v2\/comments?post=76311"}],"version-history":[{"count":1,"href":"https:\/\/tvbrazilusa.com\/pt\/wp-json\/wp\/v2\/posts\/76311\/revisions"}],"predecessor-version":[{"id":76312,"href":"https:\/\/tvbrazilusa.com\/pt\/wp-json\/wp\/v2\/posts\/76311\/revisions\/76312"}],"wp:featuredmedia":[{"embeddable":true,"href":"https:\/\/tvbrazilusa.com\/pt\/wp-json\/wp\/v2\/media\/71100"}],"wp:attachment":[{"href":"https:\/\/tvbrazilusa.com\/pt\/wp-json\/wp\/v2\/media?parent=76311"}],"wp:term":[{"taxonomy":"category","embeddable":true,"href":"https:\/\/tvbrazilusa.com\/pt\/wp-json\/wp\/v2\/categories?post=76311"},{"taxonomy":"post_tag","embeddable":true,"href":"https:\/\/tvbrazilusa.com\/pt\/wp-json\/wp\/v2\/tags?post=76311"}],"curies":[{"name":"wp","href":"https:\/\/api.w.org\/{rel}","templated":true}]}}