{"id":76346,"date":"2024-12-14T14:12:00","date_gmt":"2024-12-14T14:12:00","guid":{"rendered":"https:\/\/tvbrazilusa.com\/2024\/12\/14\/o-que-o-futuro-reserva-para-bill-belichick-e-tom-brady-na-midia-do-futebol-aqui-esta-uma-perspectiva\/"},"modified":"2024-12-14T14:19:34","modified_gmt":"2024-12-14T14:19:34","slug":"o-que-o-futuro-reserva-para-bill-belichick-e-tom-brady-na-midia-do-futebol-aqui-esta-uma-perspectiva","status":"publish","type":"post","link":"https:\/\/tvbrazilusa.com\/pt\/2024\/12\/14\/o-que-o-futuro-reserva-para-bill-belichick-e-tom-brady-na-midia-do-futebol-aqui-esta-uma-perspectiva\/","title":{"rendered":"O que o futuro reserva para Bill Belichick e Tom Brady na m\u00eddia do futebol? Aqui est\u00e1 uma perspectiva."},"content":{"rendered":"<p> <script async src=\"https:\/\/pagead2.googlesyndication.com\/pagead\/js\/adsbygoogle.js?client=ca-pub-8864793242727901\"\r\n     crossorigin=\"anonymous\"><\/script><br \/>\n<\/p>\n<div id=\"\">\n<header class=\"m-article-header m-article-header--standard\">\n\t\t\t\t\t\t\t\t\t\t\t\t<span id=\"article-header-primary-term\"><br \/>\n\t\t\t\t\t\t\t\t<a class=\"a-term a-term--primary\" href=\"https:\/\/www.boston.com\/tag\/media\/\"><\/p>\n<p>\t\t\t\t\t\t\t\tM\u00eddia\t\t\t\t\t\t\t\t<\/a><br \/>\n\t\t\t\t\t\t\t<\/span><\/p>\n<h2 class=\"m-article-header__sub-headline\"\/>\n<figure class=\"a-photo m-article-header__photo\"><figcaption class=\"a-photo__caption\">\n<p>\tEsta \u00e9 a primeira temporada do contrato de 10 anos e US$ 375 milh\u00f5es de Tom Brady para ser o analista n\u00famero 1 da Fox.<em> Foto de Gareth Patterson\/AP<\/em>\t<\/figcaption><\/figure>\n<div class=\"m-article-header__meta\">\n<div class=\"m-article-header__byline\">\n<p class=\"m-article-header__author\">\n<p>\t\t\t\t\t\t\t\tPor Chad Finn\t\t\t\t\t\t\t<\/p>\n<p>\t\t\t\t\t\t\t\t\t\t\t\t\t\t\t<time class=\"m-article-header__date\"><\/p>\n<p>\t\t\t\t\t\t\t\t\t14 de dezembro de 2024 | 9h12\t\t\t\t\t\t\t\t<\/time><\/p>\n<p><span>4 minutos para ler<\/span><\/p>\n<\/p><\/div>\n<\/p><\/div>\n<\/header>\n<p>Quer uma previs\u00e3o ousada e um pouco imprudente da m\u00eddia esportiva para o novo ano que se inicia?<\/p>\n<p>Bem, que pena, voc\u00ea vai conseguir um.<\/p>\n<p>Sabemos que este \u00e9 o \u00fanico ano em que teremos <i>ambos<\/i> Bill Belichick e Tom Brady como analistas da NFL em nossa tela preferida.<\/p>\n<p>Pura conjectura aqui, despertada por um senso de aranha aprimorado por 15 anos cobrindo a m\u00eddia esportiva, mas n\u00e3o posso deixar de me perguntar se este \u00e9 o \u00fanico ano <i>qualquer<\/i> deles far\u00e3o isso.<\/p>\n<p>E se apenas um deles continuar sendo parte regular da programa\u00e7\u00e3o da NFL na pr\u00f3xima temporada? Aposto que ser\u00e1 Belichick e n\u00e3o Brady.<\/p>\n<p>Primeiro, Belichick, pois j\u00e1 temos uma boa ideia sobre a sua agenda para 2025.<\/p>\n<p>Depois que sua extraordin\u00e1ria temporada de 24 anos com os Patriots terminou com sua demiss\u00e3o em janeiro, Belichick fez meia d\u00fazia de shows na m\u00eddia, incluindo uma passagem totalmente agrad\u00e1vel quase todas as segundas-feiras no \u201cManningCast\u201d da ESPN.<\/p>\n<p>Seu hiato como treinador durou apenas uma temporada, o que n\u00e3o surpreendeu ningu\u00e9m. Seu novo destino? Isso surpreendeu quase todo mundo, fora de seu c\u00edrculo \u00edntimo.<\/p>\n<p>Na quinta-feira, <a href=\"https:\/\/www.bostonglobe.com\/2024\/12\/12\/sports\/bill-belichick-unc\/\" target=\"_blank\">ele tornou isso oficial com a Universidade da Carolina do Norte<\/a>onde sua presen\u00e7a torna instantaneamente o programa de futebol adequado do Tar Heels um dos mais atraentes do pa\u00eds.<\/p>\n<p>Espere que a ESPN sature sua cobertura de Belichick e da Carolina do Norte de uma forma semelhante ao que fez quando Deion Sanders tornou o Colorado instantaneamente atraente ap\u00f3s sua chegada em 2023. Belichick ser\u00e1 um t\u00f3pico do bloco A em \u201cFirst Take\u201d e todos os v\u00e1rios talk shows, al\u00e9m do que sua presen\u00e7a significa para a Rede ACC.<\/p>\n<p>Ser\u00e1 interessante ver como se desenrola o relacionamento de Belichick com a ESPN. <a href=\"https:\/\/x.com\/_andrewcarter\/status\/1867313492849832002\" target=\"_blank\">Andrew Carter, do Raleigh News-Observer, tuitou<\/a> Quinta-feira que Bubba Cunningham, diretor atl\u00e9tico da Carolina do Norte, disse a ele que Belichick continuar\u00e1 suas apari\u00e7\u00f5es regulares no \u201cManningCast\u201d e \u201cThe Pat McAfee Show\u201d na pr\u00f3xima temporada. Isso faz sentido, dada a visibilidade e aten\u00e7\u00e3o que traria ao programa Tar Heels entre potenciais recrutas.<\/p>\n<p>A ESPN n\u00e3o tem certeza do que o futuro reserva para Belichick nesses programas ou est\u00e1 optando por manter os detalhes internamente por enquanto. Ele dever\u00e1 fazer parte de mais um \u201cManningCast\u201d nesta temporada, para a transmiss\u00e3o pela rede de um jogo de playoff de wild card em janeiro. E fontes dizem que os irm\u00e3os Manning adorariam t\u00ea-lo de volta na pr\u00f3xima temporada e acomodariam sua agenda se ele n\u00e3o pudesse comparecer todas as semanas.<\/p>\n<p>Ainda assim, resta saber se as exig\u00eancias de constru\u00e7\u00e3o de um programa universit\u00e1rio na era do nome, da imagem, da semelhan\u00e7a e do portal de transfer\u00eancias interferir\u00e3o na sua disponibilidade para apari\u00e7\u00f5es na transmiss\u00e3o. O palpite aqui: ele ainda faz apari\u00e7\u00f5es no \u201cManningCast\u201d ao longo da temporada, mas n\u00e3o com tanta frequ\u00eancia como fez durante este, seu ano sab\u00e1tico como treinador.<\/p>\n<p>As circunst\u00e2ncias de Brady s\u00e3o ainda mais interessantes. O enorme contrato de 10 anos e US$ 375 milh\u00f5es que ele assinou com a Fox em maio de 2022 para se tornar seu principal analista de jogos (ap\u00f3s se aposentar do quarterback) come\u00e7ou oficialmente este ano, quando ele se juntou a Kevin Burkhardt no estande n\u00famero 1.<\/p>\n<p>Vamos considerar a recep\u00e7\u00e3o mista, mesmo agora, perto do final da temporada regular, em um ano em que Burkhardt e Brady convocar\u00e3o o Super Bowl. Brady tem lutado para aproveitar seu enorme po\u00e7o de informa\u00e7\u00f5es e experi\u00eancia como sete vezes campe\u00e3o do Super Bowl para fornecer informa\u00e7\u00f5es, ou mesmo anedotas pessoais, sobre os jogadores contra os quais jogou. No in\u00edcio de novembro, Bill Simmons, do Ringer, observou em seu podcast que Brady parecia \u201csuperproduzido\u201d, que estava recebendo tantos conselhos das pessoas ao seu redor que nada do que ele dizia parecia aut\u00eantico. Muitos de seus coment\u00e1rios p\u00f3s-jogo poderiam ter sido resumidos a: \u201cPuxa, o futebol n\u00e3o \u00e9 \u00f3timo, pessoal?\u201d<\/p>\n<p>Ele tem estado melhor ultimamente. No \u00faltimo domingo <a href=\"https:\/\/www.bostonglobe.com\/2024\/12\/08\/sports\/bills-lose-rams-nfl-week-14\/\" target=\"_blank\">emocionante confronto Bills-Rams<\/a>ele observou sem rodeios que Los Angeles estava expondo o lado defensivo do Buffalo, AJ Epenesa, repetidamente no jogo corrido. Ele controlou o gerenciamento autodestrutivo do rel\u00f3gio do Bills no final da vit\u00f3ria do Rams por 44-42, observando que Buffalo cometeu um grande erro no ataque ao usar um tempo limite, impedindo-o de parar o rel\u00f3gio quando o Rams conseguiu o bola de volta. Ele parecia genuinamente entusiasmado em falar sobre o jogo enquanto ele acontecia. Ele parecia estar lutando contra um resfriado e sua voz \u2013 que geralmente n\u00e3o projeta bem \u2013 estava \u00e1spera, o que na verdade funcionou melhor para ele.<\/p>\n<p>Espero que Brady continue firme, e ele tenha mais cerca de 300 milh\u00f5es de motivos para faz\u00ea-lo, mas n\u00e3o posso deixar de me perguntar por quanto tempo ele far\u00e1 isso. Brady foi aprovado como s\u00f3cio limitado do Las Vegas Raiders em outubro, e o propriet\u00e1rio Mark Davis disse na semana passada que espera que Brady tenha um impacto \u201cenorme\u201d na franquia com o tempo.<\/p>\n<p>O envolvimento de Brady com os Raiders vem com par\u00e2metros que s\u00e3o um obst\u00e1culo absoluto \u00e0 sua capacidade de fazer o trabalho de transmiss\u00e3o com a m\u00e1xima efic\u00e1cia. Ele n\u00e3o est\u00e1 autorizado a assistir aos treinos ou criticar outras equipes ou \u00e1rbitros. Ele tamb\u00e9m n\u00e3o tem permiss\u00e3o para participar de reuni\u00f5es de produ\u00e7\u00e3o com jogadores e treinadores, que s\u00e3o uma mina de ouro para informa\u00e7\u00f5es, como Cris Collinsworth, da NBC, deixa claro com sua an\u00e1lise criteriosa todos os domingos.<\/p>\n<p>Espero que Brady continue na televis\u00e3o por mais alguns anos. Estou curioso para ver se sua lend\u00e1ria \u00e9tica de trabalho o ajudar\u00e1 a se tornar genuinamente bom em um trabalho que n\u00e3o surge naturalmente. Mas n\u00e3o pode ser divertido fazer o trabalho em desvantagem, e ele precisa faz\u00ea-lo por causa de seu papel nos Raiders.<\/p>\n<p>N\u00e3o estou dizendo que Brady e Fox se separar\u00e3o muito antes de seu contrato terminar. Mas depois de ver Belichick conseguir um emprego como treinador no ACC, n\u00e3o vou desconsiderar nada agora.<\/p>\n<div class=\"o-author-single has-avatar\">\n<header class=\"m-author-card\">\n<div class=\"a-image a-image--square m-author-card__image\">\n\t\t<img decoding=\"async\" class=\"\" src=\"https:\/\/www.boston.com\/wp-content\/uploads\/2023\/04\/cropped-nesj13sinii4dmep2pq2bn1ctu._SY450_CR00450450_-6707ccc4c4574-6707cd97cfcb2-242x242.jpg\" alt=\"Imagem do perfil de Chad Finn\"\/>\t<\/div>\n<div class=\"m-author-card__text\">\n<h3 class=\"m-author-card__title\"><a href=\"https:\/\/www.boston.com\/author\/Chad.Finn\">Chade Finn<\/a><\/h3>\n<p><span class=\"m-author-card__subtitle\">Colunista esportivo<\/span>\t<\/div>\n<\/header>\n<section class=\"author-info\">\n<div class=\"m-author__section\">\n<p>Chad Finn \u00e9 colunista esportivo do Boston.com. Ele foi eleito o escritor esportivo favorito em Boston na pesquisa anual Channel Media Market and Research Poll nos \u00faltimos quatro anos. Ele tamb\u00e9m escreve uma coluna semanal de m\u00eddia esportiva para o Globe e contribui para a Globe Magazine.<\/p>\n<\/div>\n<\/section>\n<\/div>\n<div class=\"m-block m-generic-cta\t m-generic-cta--post-content\t m-generic-cta--dark\t m-generic-cta--homepage\t m-generic-cta--email-signup\t\t m-generic-cta-block-style--default \tt-amp__generic-cta\"><\/p>\n<div class=\"m-generic-cta__wrap\">\n<div class=\"m-generic-cta__content\">\n<h3 class=\"m-generic-cta__title\">Inscreva-se para receber atualiza\u00e7\u00f5es do Patriots\ud83c\udfc8<\/h3>\n<p class=\"m-generic-cta__subtitle\">Receba as \u00faltimas not\u00edcias e an\u00e1lises em sua caixa de entrada durante a temporada de futebol.<\/p>\n<\/p><\/div>\n<\/p><\/div>\n<\/div><\/div>\n<p><script>\n\t\tvar consent=\"grant\";\n\t\t\/* The above code is parsing the JSON data from the local storage and storing it in a variable. *\/\n\t\t\t\t\tconst onetrustStorageConsent = JSON.parse(localStorage.getItem( 'consent_one_trust_bdc' ) );\n\t\t\tif ( ( onetrustStorageConsent !== null ) ) {\n\t\t\t\t\/* Checking to see if the user has consented to the use of cookies.\n\t\t\t\t* If they have not, it is deleting the cookie.\n\t\t\t\t* This will comment for now, until further notice.\n\t\t\t\t*\/\n\t\t\t\t\/\/if ( onetrustStorageConsent.C0002 === false ) {\n\t\t\t\t\/\/\tdocument.cookie=\"_fbp=;expires=Thu, 01 Jan 2010 00:00:00 UTC; path=\/; domain=.boston.com\";\n\t\t\t\t\/\/}\n\t\t\t\t\/* Checking if the user has given consent for the cookie C0002.\n\t\t\t\t* If the user has given consent, the variable consent will be set to 'grant'.\n\t\t\t\t* If the user has not given consent,the variable consent will be set to 'revoke'.\n\t\t\t\t* Documentation https:\/\/developers.facebook.com\/docs\/meta-pixel\/implementation\/gdpr\n\t\t\t\t*\/\n\t\t\t\tif ( onetrustStorageConsent.C0002 !== true ) {\n\t\t\t\t\tconsent=\"revoke\";\n\t\t\t\t}\n\t\t\t}\n\t\t\t\t!function(f,b,e,v,n,t,s)\n\t\t{if(f.fbq)return;n=f.fbq=function(){n.callMethod?\n\t\tn.callMethod.apply(n,arguments):n.queue.push(arguments)};\n\t\tif(!f._fbq)f._fbq=n;n.push=n;n.loaded=!0;n.version='2.0';\n\t\tn.queue=[];t=b.createElement(e);t.async=!0;\n\t\tt.src=v;s=b.getElementsByTagName(e)[0];\n\t\ts.parentNode.insertBefore(t,s)}(window, document,'script',\n\t\t'https:\/\/connect.facebook.net\/en_US\/fbevents.js');\n\t\tfbq('consent', consent);\n\t\tfbq('init', '989222871864976');\n\t\tfbq('track', 'PageView');\n\t<\/script><script type=\"module\">\n\t\tvar consent=\"grant\";\n\t\t\/* The above code is parsing the JSON data from the local storage and storing it in a variable. *\/\n\t\t\tconst onetrustStorageConsent = JSON.parse(localStorage.getItem( 'consent_one_trust_bdc' ) );\n\t\t\t\/* Checking to see if the user has consented to the use of cookies.\n\t\t\t* If they have not, it is deleting the cookie.\n\t\t\t* This will comment for now, until further notice.\n\t\t\t*\/\n\t\t\t\/\/if ( onetrustStorageConsent.C0002 === false ) {\n\t\t\t\/\/\tdocument.cookie=\"_fbp=;expires=Thu, 01 Jan 2010 00:00:00 UTC; path=\/; domain=.boston.com\";\n\t\t\t\/\/}\n\t\t\t\/* Checking if the user has given consent for the cookie C0002.\n\t\t\t* If the user has given consent, the variable consent will be set to 'grant'.\n\t\t\t* If the user has not given consent,the variable consent will be set to 'revoke'.\n\t\t\t* Documentation https:\/\/developers.facebook.com\/docs\/meta-pixel\/implementation\/gdpr\n\t\t\t*\/\n\t\t\tif ( ( onetrustStorageConsent !== null ) && (onetrustStorageConsent.C0002 !== true ) ) {\n\t\t\t\tconsent=\"revoke\";\n\t\t\t}\n\t\t\t\t!function(f,b,e,v,n,t,s){if(f.fbq)return;n=f.fbq=function()\n\t\t{n.callMethod? n.callMethod.apply(n,arguments):n.queue.push(arguments)}\n\t\t;if(!f._fbq)f._fbq=n;\n\t\tn.push=n;n.loaded=!0;n.version='2.0';n.queue=[];t=b.createElement(e);t.async=!0;\n\t\tt.src=v;s=b.getElementsByTagName(e)[0];s.parentNode.insertBefore(t,s)}(window,\n\t\tdocument,'script','https:\/\/connect.facebook.net\/en_US\/fbevents.js');\n\t\tfbq('consent', consent);\n\t\tfbq('init', '813236348753005');\n\t\tfbq('track', \"PageView\");\n\t<\/script><br \/>\n<br \/><br \/>\n<br \/><a href=\"https:\/\/www.boston.com\/sports\/media\/2024\/12\/14\/bill-belichick-tom-brady-football-media-chad-finn-perspective\/\">Source link <\/a><\/p>","protected":false},"excerpt":{"rendered":"<p>M\u00eddia Esta \u00e9 a primeira temporada do contrato de 10 anos e US$ 375 milh\u00f5es de Tom Brady para ser o analista n\u00famero 1 da Fox. Foto de Gareth Patterson\/AP&hellip;<\/p>","protected":false},"author":1,"featured_media":76347,"comment_status":"closed","ping_status":"open","sticky":false,"template":"","format":"standard","meta":{"content-type":"","footnotes":""},"categories":[1],"tags":[],"class_list":["post-76346","post","type-post","status-publish","format-standard","has-post-thumbnail","hentry","category-uncategorized"],"_links":{"self":[{"href":"https:\/\/tvbrazilusa.com\/pt\/wp-json\/wp\/v2\/posts\/76346","targetHints":{"allow":["GET"]}}],"collection":[{"href":"https:\/\/tvbrazilusa.com\/pt\/wp-json\/wp\/v2\/posts"}],"about":[{"href":"https:\/\/tvbrazilusa.com\/pt\/wp-json\/wp\/v2\/types\/post"}],"author":[{"embeddable":true,"href":"https:\/\/tvbrazilusa.com\/pt\/wp-json\/wp\/v2\/users\/1"}],"replies":[{"embeddable":true,"href":"https:\/\/tvbrazilusa.com\/pt\/wp-json\/wp\/v2\/comments?post=76346"}],"version-history":[{"count":1,"href":"https:\/\/tvbrazilusa.com\/pt\/wp-json\/wp\/v2\/posts\/76346\/revisions"}],"predecessor-version":[{"id":76348,"href":"https:\/\/tvbrazilusa.com\/pt\/wp-json\/wp\/v2\/posts\/76346\/revisions\/76348"}],"wp:featuredmedia":[{"embeddable":true,"href":"https:\/\/tvbrazilusa.com\/pt\/wp-json\/wp\/v2\/media\/76347"}],"wp:attachment":[{"href":"https:\/\/tvbrazilusa.com\/pt\/wp-json\/wp\/v2\/media?parent=76346"}],"wp:term":[{"taxonomy":"category","embeddable":true,"href":"https:\/\/tvbrazilusa.com\/pt\/wp-json\/wp\/v2\/categories?post=76346"},{"taxonomy":"post_tag","embeddable":true,"href":"https:\/\/tvbrazilusa.com\/pt\/wp-json\/wp\/v2\/tags?post=76346"}],"curies":[{"name":"wp","href":"https:\/\/api.w.org\/{rel}","templated":true}]}}