{"id":76378,"date":"2024-12-14T17:12:56","date_gmt":"2024-12-14T17:12:56","guid":{"rendered":"https:\/\/tvbrazilusa.com\/2024\/12\/14\/ex-procurador-de-manhattan-representara-suspeito-do-assassinato-do-ceo-da-unitedhealthcare-wsvn-7news-noticias-de-miami-clima-esportes-fort-lauderdale\/"},"modified":"2024-12-14T17:21:07","modified_gmt":"2024-12-14T17:21:07","slug":"ex-procurador-de-manhattan-representara-suspeito-do-assassinato-do-ceo-da-unitedhealthcare-wsvn-7news-noticias-de-miami-clima-esportes-fort-lauderdale","status":"publish","type":"post","link":"https:\/\/tvbrazilusa.com\/pt\/2024\/12\/14\/ex-procurador-de-manhattan-representara-suspeito-do-assassinato-do-ceo-da-unitedhealthcare-wsvn-7news-noticias-de-miami-clima-esportes-fort-lauderdale\/","title":{"rendered":"Ex-procurador de Manhattan representar\u00e1 suspeito do assassinato do CEO da UnitedHealthcare &#8211; WSVN 7News | Not\u00edcias de Miami, clima, esportes | Fort Lauderdale"},"content":{"rendered":"<p> <script async src=\"https:\/\/pagead2.googlesyndication.com\/pagead\/js\/adsbygoogle.js?client=ca-pub-8864793242727901\"\r\n     crossorigin=\"anonymous\"><\/script><br \/>\n<\/p>\n<div itemprop=\"articleBody\">\n<p>NOVA IORQUE (AP) \u2013 O suspeito do assassinato do CEO da UnitedHealthcare adicionou um proeminente advogado de defesa \u00e0 sua equipe jur\u00eddica enquanto os promotores de Manhattan trabalham para devolv\u00ea-lo da Pensilv\u00e2nia para enfrentar uma acusa\u00e7\u00e3o de assassinato.<\/p>\n<p>Luigi Mangione ser\u00e1 representado por Karen Friedman Agnifilo, que foi deputada de alto escal\u00e3o no gabinete do procurador distrital de Manhattan durante anos antes de ingressar na pr\u00e1tica privada.<\/p>\n<p>O escrit\u00f3rio de advocacia de Friedman Agnifilo, Agnifilo Intrater LLP, confirmou em comunicado na sexta-feira que ela havia sido contratada para representar Mangione. A empresa disse que n\u00e3o comentar\u00e1 o caso neste momento.<\/p>\n<p>Mangione foi preso na segunda-feira depois que um cliente de um McDonald&#8217;s em Altoona, Pensilv\u00e2nia, o viu tomando caf\u00e9 da manh\u00e3 e percebeu uma semelhan\u00e7a com a pessoa procurada pela pol\u00edcia no assassinato de Brian Thompson, em 4 de dezembro, em Manhattan.<\/p>\n<p>A pol\u00edcia diz que Mangione foi encontrado com uma arma, m\u00e1scara e escritos que o ligavam \u00e0 emboscada fora do Hilton Midtown de Nova York, onde Thompson estava chegando para a confer\u00eancia anual de investidores de sua empresa.<\/p>\n<p>Mangione, 26 anos, permaneceu preso sem fian\u00e7a no s\u00e1bado na Pensilv\u00e2nia, onde foi inicialmente acusado de crimes de arma de fogo e falsifica\u00e7\u00e3o. Altoona fica a cerca de 370 quil\u00f4metros a oeste da cidade de Nova York.<\/p>\n<p>O advogado de Mangione, Thomas Dickey, alertou contra o pr\u00e9-julgamento do caso e disse que o seu cliente contestaria a sua extradi\u00e7\u00e3o para Nova Iorque.<\/p>\n<p>Mas o promotor distrital de Manhattan, Alvin Bragg, disse na sexta-feira que h\u00e1 ind\u00edcios de que Mangione pode agora desistir dessa luta.<\/p>\n<p>\u201cContinuaremos a avan\u00e7ar em caminhos paralelos e estaremos prontos para saber se ele vai renunciar \u00e0 extradi\u00e7\u00e3o ou se vai contestar a extradi\u00e7\u00e3o\u201d, disse Bragg numa confer\u00eancia de imprensa n\u00e3o relacionada na Times Square.<\/p>\n<p>Horas depois da pris\u00e3o de Mangione na segunda-feira, o escrit\u00f3rio de Bragg apresentou documentos acusando-o de cinco acusa\u00e7\u00f5es, incluindo homic\u00eddio doloso, porte criminoso de arma e porte criminoso de instrumento falsificado.<\/p>\n<p>A governadora de Nova York, Kathy Hochul, disse que est\u00e1 preparada para pedir ao seu hom\u00f3logo da Pensilv\u00e2nia, o governador Josh Shapiro, que intervenha e emita um mandado do governador exigindo a extradi\u00e7\u00e3o de Mangione se ele n\u00e3o concordar em ser transferido voluntariamente.<\/p>\n<p>O novo advogado de Mangione, Friedman Agnifilo, foi procurador-chefe assistente distrital de 2014 a 2021 e anteriormente foi chefe da divis\u00e3o de julgamento do escrit\u00f3rio. Ela tem feito apari\u00e7\u00f5es frequentes na TV, inclusive como analista jur\u00eddica da CNN, co-apresentadora de um podcast semanal e \u00e9 consultora jur\u00eddica de \u201cLaw &#038; Order\u201d.<\/p>\n<p>Seu marido e s\u00f3cio, Mark Agnifilo, est\u00e1 representando Sean \u201cDiddy\u201d Combs no caso federal de tr\u00e1fico sexual do magnata do hip-hop em Manhattan.<\/p>\n<p><em>Direitos autorais 2024 da Associated Press. Todos os direitos reservados. Este material n\u00e3o pode ser publicado, transmitido, reescrito ou redistribu\u00eddo.<\/em><\/p>\n<div class=\"wp-block-newsletter\">\n\t<strong class=\"wp-block-newsletter__title\">Cadastre-se em nosso boletim informativo para receber as \u00faltimas not\u00edcias diretamente em sua caixa de entrada<\/strong><\/p>\n<\/div><\/div>\n<p><br \/>\n<br \/><a href=\"https:\/\/wsvn.com\/news\/us-world\/former-manhattan-prosecutor-to-represent-suspect-in-killing-of-unitedhealthcares-ceo\/\">Source link <\/a><\/p>","protected":false},"excerpt":{"rendered":"<p>NOVA IORQUE (AP) \u2013 O suspeito do assassinato do CEO da UnitedHealthcare adicionou um proeminente advogado de defesa \u00e0 sua equipe jur\u00eddica enquanto os promotores de Manhattan trabalham para devolv\u00ea-lo&hellip;<\/p>","protected":false},"author":1,"featured_media":74771,"comment_status":"closed","ping_status":"open","sticky":false,"template":"","format":"standard","meta":{"content-type":"","footnotes":""},"categories":[1],"tags":[],"class_list":["post-76378","post","type-post","status-publish","format-standard","has-post-thumbnail","hentry","category-uncategorized"],"_links":{"self":[{"href":"https:\/\/tvbrazilusa.com\/pt\/wp-json\/wp\/v2\/posts\/76378","targetHints":{"allow":["GET"]}}],"collection":[{"href":"https:\/\/tvbrazilusa.com\/pt\/wp-json\/wp\/v2\/posts"}],"about":[{"href":"https:\/\/tvbrazilusa.com\/pt\/wp-json\/wp\/v2\/types\/post"}],"author":[{"embeddable":true,"href":"https:\/\/tvbrazilusa.com\/pt\/wp-json\/wp\/v2\/users\/1"}],"replies":[{"embeddable":true,"href":"https:\/\/tvbrazilusa.com\/pt\/wp-json\/wp\/v2\/comments?post=76378"}],"version-history":[{"count":1,"href":"https:\/\/tvbrazilusa.com\/pt\/wp-json\/wp\/v2\/posts\/76378\/revisions"}],"predecessor-version":[{"id":76379,"href":"https:\/\/tvbrazilusa.com\/pt\/wp-json\/wp\/v2\/posts\/76378\/revisions\/76379"}],"wp:featuredmedia":[{"embeddable":true,"href":"https:\/\/tvbrazilusa.com\/pt\/wp-json\/wp\/v2\/media\/74771"}],"wp:attachment":[{"href":"https:\/\/tvbrazilusa.com\/pt\/wp-json\/wp\/v2\/media?parent=76378"}],"wp:term":[{"taxonomy":"category","embeddable":true,"href":"https:\/\/tvbrazilusa.com\/pt\/wp-json\/wp\/v2\/categories?post=76378"},{"taxonomy":"post_tag","embeddable":true,"href":"https:\/\/tvbrazilusa.com\/pt\/wp-json\/wp\/v2\/tags?post=76378"}],"curies":[{"name":"wp","href":"https:\/\/api.w.org\/{rel}","templated":true}]}}