{"id":76383,"date":"2024-12-14T17:26:00","date_gmt":"2024-12-14T17:26:00","guid":{"rendered":"https:\/\/tvbrazilusa.com\/2024\/12\/14\/bill-belichick-supostamente-tinha-interesse-em-treinar-jets-antes-de-assumir-o-cargo-na-unc\/"},"modified":"2024-12-14T17:34:24","modified_gmt":"2024-12-14T17:34:24","slug":"bill-belichick-supostamente-tinha-interesse-em-treinar-jets-antes-de-assumir-o-cargo-na-unc","status":"publish","type":"post","link":"https:\/\/tvbrazilusa.com\/pt\/2024\/12\/14\/bill-belichick-supostamente-tinha-interesse-em-treinar-jets-antes-de-assumir-o-cargo-na-unc\/","title":{"rendered":"Bill Belichick supostamente tinha interesse em treinar Jets antes de assumir o cargo na UNC"},"content":{"rendered":"<p> <script async src=\"https:\/\/pagead2.googlesyndication.com\/pagead\/js\/adsbygoogle.js?client=ca-pub-8864793242727901\"\r\n     crossorigin=\"anonymous\"><\/script><br \/>\n<\/p>\n<div id=\"\">\n<header class=\"m-article-header m-article-header--standard\">\n\t\t\t\t\t\t\t\t\t\t\t\t<span id=\"article-header-primary-term\"><br \/>\n\t\t\t\t\t\t\t\t<a class=\"a-term a-term--primary\" href=\"https:\/\/www.boston.com\/tag\/new-england-patriots\/\"><\/p>\n<p>\t\t\t\t\t\t\t\tPatriotas\t\t\t\t\t\t\t\t<\/a><br \/>\n\t\t\t\t\t\t\t<\/span><\/p>\n<h2 class=\"m-article-header__sub-headline\">Belichick j\u00e1 teve duas passagens como t\u00e9cnico dos Jets, mas nunca treinou um jogo pela franquia.<\/h2>\n<figure class=\"a-photo m-article-header__photo\"><figcaption class=\"a-photo__caption\">\n<p>\tBill Belichick foi apresentado como treinador principal da UNC na quinta-feira. <em>  (Foto AP\/Ben McKeown)<\/em>\t<\/figcaption><\/figure>\n<div class=\"m-article-header__meta\">\n<div class=\"m-article-header__byline\">\n<p class=\"m-article-header__author\">\n<p>\t\t\t\t\t\t\t\tPor <a class=\"a-link a-link--inline\" href=\"https:\/\/www.boston.com\/author\/conor-roche\/\">Conor Roche<\/a>\t\t\t\t\t\t\t<\/p>\n<p>\t\t\t\t\t\t\t\t\t\t\t\t\t\t\t<time class=\"m-article-header__date\"><\/p>\n<p>\t\t\t\t\t\t\t\t\t14 de dezembro de 2024 | 12h26\t\t\t\t\t\t\t\t<\/time><\/p>\n<p><span>3 minutos para ler<\/span><\/p>\n<\/p><\/div>\n<\/p><\/div>\n<\/header>\n<p>Bill Belichick finalmente decidiu retomar sua carreira de treinador em n\u00edvel universit\u00e1rio. Mas sua decis\u00e3o de treinar a Carolina do Norte veio depois que ele farejou a NFL, inclusive verificando a possibilidade de treinar um ex-rival.<\/p>\n<p>O ex-t\u00e9cnico dos Patriots manifestou interesse na vaga de treinador principal dos Jets antes de assumir o cargo na Carolina do Norte, <a href=\"https:\/\/www.nytimes.com\/athletic\/5993794\/2024\/12\/14\/nfl-news-belichick-jets-kyle-shanahan-49ers\/\" target=\"_blank\" rel=\"noreferrer noopener\"><em>O Atl\u00e9tico<\/em>Dianna Russini relatou no s\u00e1bado<\/a>. Alguns membros da organiza\u00e7\u00e3o de Nova York souberam do interesse de Belichick em potencialmente treinar a franquia no final de novembro, depois que membros do c\u00edrculo \u00edntimo do treinador tiveram discuss\u00f5es informais com as equipes, segundo Russini.<\/p>\n<p>O interesse relatado de Belichick nos Jets \u00e9 um choque por v\u00e1rios motivos. \u00c9 claro que Belichick surpreendentemente deixou o cargo de t\u00e9cnico da organiza\u00e7\u00e3o um dia depois de ter sido promovido para se tornar o t\u00e9cnico principal dos Patriots em 2000. Essa foi na verdade a segunda passagem de Belichick como t\u00e9cnico principal dos Jets, depois de manter o t\u00edtulo por uma semana. em 1997, quando Bill Parcells foi contratado pelos Patriots.<\/p>\n<p>Al\u00e9m disso, Belichick n\u00e3o compartilhou muitos sentimentos gentis sobre o propriet\u00e1rio dos Jets, Woody Johnson. Ao apontar a oferta de Johnson para se tornar propriet\u00e1rio como a principal raz\u00e3o pela qual ele deixou Nova York em 2000, Belichick disparou contra ele quando o time demitiu Robert Saleh no in\u00edcio desta temporada.<\/p>\n<p>\u201cParecia um pouco cedo para puxar o gatilho para mim\u201d, Belichick <a href=\"https:\/\/podcasts.apple.com\/us\/podcast\/lets-go-with-bill-belichick-maxx-crosby-peter-king-jim-gray\/id1584409759\" target=\"_blank\" rel=\"noreferrer noopener\">disse no \u201cVamos!\u201d podcast em outubro<\/a>. \u201cMas n\u00e3o fora do car\u00e1ter do propriet\u00e1rio. Woody sempre foi meio dif\u00edcil de prever o que faria. \u00c9 dif\u00edcil entender algumas coisas, mas acho que Saleh fez um bom trabalho nisso. Ele trouxe uma cultura forte para a defesa e obviamente ainda n\u00e3o chegou l\u00e1, mas ainda h\u00e1 um longo caminho a percorrer na temporada, parecia uma mudan\u00e7a prematura.<\/p>\n<p>Belichick continuou a atacar Johnson e a organiza\u00e7\u00e3o dos Jets <a href=\"https:\/\/x.com\/BenVolin\/status\/1846001946743668809\" target=\"_blank\" rel=\"noreferrer noopener\">quando ele apareceu no \u201cManningCast\u201d<\/a> ap\u00f3s a demiss\u00e3o de Saleh. <\/p>\n<p>\u201c\u00c9 mais ou menos isso que tem acontecido nos Jets \u2013 mal ganhou mais de 30 por cento nos \u00faltimos 10 anos. O propriet\u00e1rio sendo o propriet\u00e1rio, apenas pronto, atire, mire\u201d, disse Belichick no \u201cManningCast\u201d. \u201cN\u00e3o sou um grande f\u00e3 dos Jets, caso voc\u00ea n\u00e3o saiba disso. Eu gosto do Fireman Ed, mas \u00e9 isso. <\/p>\n<p>\u201cO t\u00e9cnico Saleh fez um bom trabalho com esse programa. Ele trouxe uma cultura, um n\u00edvel de resist\u00eancia e competitividade. \u2026 Achei que o t\u00e9cnico Saleh realmente fez um bom trabalho com esta equipe e eles provavelmente n\u00e3o est\u00e3o t\u00e3o longe de vencer.\u201d<\/p>\n<p>Tamb\u00e9m houve alguma animosidade entre os dois lados durante o mandato de 24 anos de Belichick como t\u00e9cnico do Patriots. Os Jets foram o time que reclamou ao escrit\u00f3rio da liga sobre o m\u00e9todo dos Patriots para filmar os sinais dos advers\u00e1rios, o que deu in\u00edcio ao esc\u00e2ndalo SpyGate em 2007. Algumas temporadas depois, os dois times se enfrentaram pelo t\u00edtulo da divis\u00e3o, com New York derrotando a Nova Inglaterra em um jogo de playoff.<\/p>\n<p>Ent\u00e3o, considerando tudo o que aconteceu entre Belichick e os Jets ao longo dos anos, ele treinar a franquia provavelmente era uma possibilidade remota. UM <a href=\"https:\/\/www.espn.com\/nfl\/story\/_\/id\/42923468\/in-choosing-unc-bill-belichick-chose-himself\" target=\"_blank\" rel=\"noreferrer noopener\">relat\u00f3rio de Seth Wickersham da ESPN<\/a> na quinta-feira indicou isso, citando as cita\u00e7\u00f5es que Belichick fez sobre Johnson e os Jets no in\u00edcio da temporada. Belichick e seu c\u00edrculo \u00edntimo consideraram que o trabalho do Bears era a melhor vaga de treinador principal, mas ele sentiu que dificilmente conseguiria esse emprego se o perseguisse, relatou Wickersham. <\/p>\n<p>Agora, Belichick testar\u00e1 sua perspic\u00e1cia como treinador em coisas que lhe s\u00e3o estranhas. Ele nunca ocupou uma posi\u00e7\u00e3o oficial de treinador no futebol universit\u00e1rio. Mas mesmo estando a apenas 14 vit\u00f3rias do recorde de Don Shula, parece que Belichick quer fazer as coisas funcionarem em Chapel Hill.<\/p>\n<p>\u201cEu n\u00e3o vim aqui para sair\u201d, disse Belichick quando questionado se voltaria para a NFL se tivesse algum na UNC durante sua coletiva de imprensa introdut\u00f3ria na quinta-feira.<\/p>\n<div class=\"m-block m-generic-cta\t m-generic-cta--post-content\t m-generic-cta--dark\t m-generic-cta--homepage\t m-generic-cta--email-signup\t\t m-generic-cta-block-style--default \tt-amp__generic-cta\"><\/p>\n<div class=\"m-generic-cta__wrap\">\n<div class=\"m-generic-cta__content\">\n<h3 class=\"m-generic-cta__title\">Inscreva-se para receber atualiza\u00e7\u00f5es do Patriots\ud83c\udfc8<\/h3>\n<p class=\"m-generic-cta__subtitle\">Receba as \u00faltimas not\u00edcias e an\u00e1lises em sua caixa de entrada durante a temporada de futebol.<\/p>\n<\/p><\/div>\n<\/p><\/div>\n<\/div><\/div>\n<p><script>\n\t\tvar consent=\"grant\";\n\t\t\/* The above code is parsing the JSON data from the local storage and storing it in a variable. *\/\n\t\t\t\t\tconst onetrustStorageConsent = JSON.parse(localStorage.getItem( 'consent_one_trust_bdc' ) );\n\t\t\tif ( ( onetrustStorageConsent !== null ) ) {\n\t\t\t\t\/* Checking to see if the user has consented to the use of cookies.\n\t\t\t\t* If they have not, it is deleting the cookie.\n\t\t\t\t* This will comment for now, until further notice.\n\t\t\t\t*\/\n\t\t\t\t\/\/if ( onetrustStorageConsent.C0002 === false ) {\n\t\t\t\t\/\/\tdocument.cookie=\"_fbp=;expires=Thu, 01 Jan 2010 00:00:00 UTC; path=\/; domain=.boston.com\";\n\t\t\t\t\/\/}\n\t\t\t\t\/* Checking if the user has given consent for the cookie C0002.\n\t\t\t\t* If the user has given consent, the variable consent will be set to 'grant'.\n\t\t\t\t* If the user has not given consent,the variable consent will be set to 'revoke'.\n\t\t\t\t* Documentation https:\/\/developers.facebook.com\/docs\/meta-pixel\/implementation\/gdpr\n\t\t\t\t*\/\n\t\t\t\tif ( onetrustStorageConsent.C0002 !== true ) {\n\t\t\t\t\tconsent=\"revoke\";\n\t\t\t\t}\n\t\t\t}\n\t\t\t\t!function(f,b,e,v,n,t,s)\n\t\t{if(f.fbq)return;n=f.fbq=function(){n.callMethod?\n\t\tn.callMethod.apply(n,arguments):n.queue.push(arguments)};\n\t\tif(!f._fbq)f._fbq=n;n.push=n;n.loaded=!0;n.version='2.0';\n\t\tn.queue=[];t=b.createElement(e);t.async=!0;\n\t\tt.src=v;s=b.getElementsByTagName(e)[0];\n\t\ts.parentNode.insertBefore(t,s)}(window, document,'script',\n\t\t'https:\/\/connect.facebook.net\/en_US\/fbevents.js');\n\t\tfbq('consent', consent);\n\t\tfbq('init', '989222871864976');\n\t\tfbq('track', 'PageView');\n\t<\/script><script type=\"module\">\n\t\tvar consent=\"grant\";\n\t\t\/* The above code is parsing the JSON data from the local storage and storing it in a variable. *\/\n\t\t\tconst onetrustStorageConsent = JSON.parse(localStorage.getItem( 'consent_one_trust_bdc' ) );\n\t\t\t\/* Checking to see if the user has consented to the use of cookies.\n\t\t\t* If they have not, it is deleting the cookie.\n\t\t\t* This will comment for now, until further notice.\n\t\t\t*\/\n\t\t\t\/\/if ( onetrustStorageConsent.C0002 === false ) {\n\t\t\t\/\/\tdocument.cookie=\"_fbp=;expires=Thu, 01 Jan 2010 00:00:00 UTC; path=\/; domain=.boston.com\";\n\t\t\t\/\/}\n\t\t\t\/* Checking if the user has given consent for the cookie C0002.\n\t\t\t* If the user has given consent, the variable consent will be set to 'grant'.\n\t\t\t* If the user has not given consent,the variable consent will be set to 'revoke'.\n\t\t\t* Documentation https:\/\/developers.facebook.com\/docs\/meta-pixel\/implementation\/gdpr\n\t\t\t*\/\n\t\t\tif ( ( onetrustStorageConsent !== null ) && (onetrustStorageConsent.C0002 !== true ) ) {\n\t\t\t\tconsent=\"revoke\";\n\t\t\t}\n\t\t\t\t!function(f,b,e,v,n,t,s){if(f.fbq)return;n=f.fbq=function()\n\t\t{n.callMethod? n.callMethod.apply(n,arguments):n.queue.push(arguments)}\n\t\t;if(!f._fbq)f._fbq=n;\n\t\tn.push=n;n.loaded=!0;n.version='2.0';n.queue=[];t=b.createElement(e);t.async=!0;\n\t\tt.src=v;s=b.getElementsByTagName(e)[0];s.parentNode.insertBefore(t,s)}(window,\n\t\tdocument,'script','https:\/\/connect.facebook.net\/en_US\/fbevents.js');\n\t\tfbq('consent', consent);\n\t\tfbq('init', '813236348753005');\n\t\tfbq('track', \"PageView\");\n\t<\/script><br \/>\n<br \/><br \/>\n<br \/><a href=\"https:\/\/www.boston.com\/sports\/new-england-patriots\/2024\/12\/14\/bill-belichick-jets-head-coach\/\">Source link <\/a><\/p>","protected":false},"excerpt":{"rendered":"<p>Patriotas Belichick j\u00e1 teve duas passagens como t\u00e9cnico dos Jets, mas nunca treinou um jogo pela franquia. Bill Belichick foi apresentado como treinador principal da UNC na quinta-feira. (Foto AP\/Ben&hellip;<\/p>","protected":false},"author":1,"featured_media":76384,"comment_status":"closed","ping_status":"open","sticky":false,"template":"","format":"standard","meta":{"content-type":"","footnotes":""},"categories":[1],"tags":[],"class_list":["post-76383","post","type-post","status-publish","format-standard","has-post-thumbnail","hentry","category-uncategorized"],"_links":{"self":[{"href":"https:\/\/tvbrazilusa.com\/pt\/wp-json\/wp\/v2\/posts\/76383","targetHints":{"allow":["GET"]}}],"collection":[{"href":"https:\/\/tvbrazilusa.com\/pt\/wp-json\/wp\/v2\/posts"}],"about":[{"href":"https:\/\/tvbrazilusa.com\/pt\/wp-json\/wp\/v2\/types\/post"}],"author":[{"embeddable":true,"href":"https:\/\/tvbrazilusa.com\/pt\/wp-json\/wp\/v2\/users\/1"}],"replies":[{"embeddable":true,"href":"https:\/\/tvbrazilusa.com\/pt\/wp-json\/wp\/v2\/comments?post=76383"}],"version-history":[{"count":1,"href":"https:\/\/tvbrazilusa.com\/pt\/wp-json\/wp\/v2\/posts\/76383\/revisions"}],"predecessor-version":[{"id":76385,"href":"https:\/\/tvbrazilusa.com\/pt\/wp-json\/wp\/v2\/posts\/76383\/revisions\/76385"}],"wp:featuredmedia":[{"embeddable":true,"href":"https:\/\/tvbrazilusa.com\/pt\/wp-json\/wp\/v2\/media\/76384"}],"wp:attachment":[{"href":"https:\/\/tvbrazilusa.com\/pt\/wp-json\/wp\/v2\/media?parent=76383"}],"wp:term":[{"taxonomy":"category","embeddable":true,"href":"https:\/\/tvbrazilusa.com\/pt\/wp-json\/wp\/v2\/categories?post=76383"},{"taxonomy":"post_tag","embeddable":true,"href":"https:\/\/tvbrazilusa.com\/pt\/wp-json\/wp\/v2\/tags?post=76383"}],"curies":[{"name":"wp","href":"https:\/\/api.w.org\/{rel}","templated":true}]}}