{"id":7642,"date":"2024-07-24T15:57:06","date_gmt":"2024-07-24T15:57:06","guid":{"rendered":"https:\/\/tvbrazilusa.com\/2024\/07\/24\/membros-procurados-para-o-primeiro-conselho-consultivo-lgbtq-jacksonville-today\/"},"modified":"2024-07-24T16:02:44","modified_gmt":"2024-07-24T16:02:44","slug":"membros-procurados-para-o-primeiro-conselho-consultivo-lgbtq-jacksonville-today","status":"publish","type":"post","link":"https:\/\/tvbrazilusa.com\/pt\/2024\/07\/24\/membros-procurados-para-o-primeiro-conselho-consultivo-lgbtq-jacksonville-today\/","title":{"rendered":"Membros procurados para o primeiro Conselho Consultivo LGBTQ+ &#8211; Jacksonville Today"},"content":{"rendered":"<p> <script async src=\"https:\/\/pagead2.googlesyndication.com\/pagead\/js\/adsbygoogle.js?client=ca-pub-8864793242727901\"\r\n     crossorigin=\"anonymous\"><\/script><br \/>\n<\/p>\n<div>\n<p>As inscri\u00e7\u00f5es j\u00e1 est\u00e3o abertas para qualquer pessoa interessada em ser membro do Conselho Consultivo LGBTQ+ inaugural do prefeito.<\/p>\n<p>O conselho consultivo de 11 membros atuar\u00e1 como elo entre as autoridades municipais e a comunidade LGBTQ+. <\/p>\n<p>Deegan anunciou o novo conselho durante seu evento do M\u00eas do Orgulho em 28 de junho na Prefeitura. Ela agradeceu aos membros da comunidade LGBTQ+ por sua coragem, resili\u00eancia e esp\u00edrito inabal\u00e1vel.<\/p>\n<p>\u201cVoc\u00eas nos inspiram a todos a sermos melhores, a fazer melhor e a nunca parar de lutar por um mundo onde todos possam viver autenticamente e sem medo\u201d, disse Deegan. \u201cPara fazer isso, vou precisar de suas vozes na mesa. Vou precisar de uma linha direta com a comunidade LGBTQ para tornar isso poss\u00edvel.\u201d<\/p>\n<p>Autoridades da cidade disseram que os crit\u00e9rios para servir devem incluir uma expertise em entender as quest\u00f5es e os assuntos da comunidade LGBTQ+ e uma diversidade de origens \u2014 uma mistura de l\u00edderes comunit\u00e1rios, empresariais, religiosos e acad\u00eamicos. Os candidatos tamb\u00e9m devem ter uma \u201cpaix\u00e3o por servir na comunidade\u201d e devem viver ou ter um interesse significativo no Condado de Duval.<\/p>\n<p>O prazo de inscri\u00e7\u00e3o \u00e9 9 de agosto.<\/p>\n<p>Para se candidatar, v\u00e1 at\u00e9 a prefeitura <a href=\"https:\/\/www.jacksonville.gov\/departments\/boards-and-commissions\/appointment-opportunities\/mayoral-boards-and-commission-application\">Portal de Aplica\u00e7\u00e3o de Conselhos e Comiss\u00f5es Prefeitos<\/a> no <a href=\"https:\/\/www.jacksonville.gov\/departments\/boards-and-commissions\/appointment-opportunities\/mayoral-boards-and-commission-application\">jacksonville.gov<\/a>.<\/p>\n<\/div>\n<p><br \/>\n<br \/><a href=\"https:\/\/jaxtoday.org\/2024\/07\/24\/members-sought-for-first-lgbtq-advisory-board\/\">Source link <\/a><\/p>","protected":false},"excerpt":{"rendered":"<p>As inscri\u00e7\u00f5es j\u00e1 est\u00e3o abertas para qualquer pessoa interessada em ser membro do Conselho Consultivo LGBTQ+ inaugural do prefeito. O conselho consultivo de 11 membros atuar\u00e1 como elo entre as&hellip;<\/p>","protected":false},"author":1,"featured_media":7643,"comment_status":"closed","ping_status":"open","sticky":false,"template":"","format":"standard","meta":{"content-type":"","footnotes":""},"categories":[1],"tags":[],"class_list":["post-7642","post","type-post","status-publish","format-standard","has-post-thumbnail","hentry","category-uncategorized"],"_links":{"self":[{"href":"https:\/\/tvbrazilusa.com\/pt\/wp-json\/wp\/v2\/posts\/7642","targetHints":{"allow":["GET"]}}],"collection":[{"href":"https:\/\/tvbrazilusa.com\/pt\/wp-json\/wp\/v2\/posts"}],"about":[{"href":"https:\/\/tvbrazilusa.com\/pt\/wp-json\/wp\/v2\/types\/post"}],"author":[{"embeddable":true,"href":"https:\/\/tvbrazilusa.com\/pt\/wp-json\/wp\/v2\/users\/1"}],"replies":[{"embeddable":true,"href":"https:\/\/tvbrazilusa.com\/pt\/wp-json\/wp\/v2\/comments?post=7642"}],"version-history":[{"count":1,"href":"https:\/\/tvbrazilusa.com\/pt\/wp-json\/wp\/v2\/posts\/7642\/revisions"}],"predecessor-version":[{"id":7644,"href":"https:\/\/tvbrazilusa.com\/pt\/wp-json\/wp\/v2\/posts\/7642\/revisions\/7644"}],"wp:featuredmedia":[{"embeddable":true,"href":"https:\/\/tvbrazilusa.com\/pt\/wp-json\/wp\/v2\/media\/7643"}],"wp:attachment":[{"href":"https:\/\/tvbrazilusa.com\/pt\/wp-json\/wp\/v2\/media?parent=7642"}],"wp:term":[{"taxonomy":"category","embeddable":true,"href":"https:\/\/tvbrazilusa.com\/pt\/wp-json\/wp\/v2\/categories?post=7642"},{"taxonomy":"post_tag","embeddable":true,"href":"https:\/\/tvbrazilusa.com\/pt\/wp-json\/wp\/v2\/tags?post=7642"}],"curies":[{"name":"wp","href":"https:\/\/api.w.org\/{rel}","templated":true}]}}