{"id":76515,"date":"2024-12-14T23:53:44","date_gmt":"2024-12-14T23:53:44","guid":{"rendered":"https:\/\/tvbrazilusa.com\/2024\/12\/14\/veteranos-homenageados-no-wreaths-across-america-em-east-haven\/"},"modified":"2024-12-15T00:02:28","modified_gmt":"2024-12-15T00:02:28","slug":"veteranos-homenageados-no-wreaths-across-america-em-east-haven","status":"publish","type":"post","link":"https:\/\/tvbrazilusa.com\/pt\/2024\/12\/14\/veteranos-homenageados-no-wreaths-across-america-em-east-haven\/","title":{"rendered":"Veteranos homenageados no Wreaths Across America em East Haven"},"content":{"rendered":"<script async src=\"https:\/\/pagead2.googlesyndication.com\/pagead\/js\/adsbygoogle.js?client=ca-pub-8864793242727901\"\r\n     crossorigin=\"anonymous\"><\/script>\n<p>EAST HAVEN, Connecticut (WTNH) \u2013 East Haven foi um dos 4.600 locais que prestaram homenagem aos militares ca\u00eddos na manh\u00e3 de s\u00e1bado em Wreaths Across America. <\/p>\n<p>Mais de dois milh\u00f5es de volunt\u00e1rios reuniram-se em diferentes comunidades nos Estados Unidos para depositar coroas de flores nos t\u00famulos de veteranos que serviram o nosso pa\u00eds no pa\u00eds e no estrangeiro. <\/p>\n<p>\u201cN\u00f3s nos unimos ao cemit\u00e9rio nacional de Arlington em locais por todo o pa\u00eds para depositar coroas de flores em homenagem aos nossos veteranos que foram enterrados em nossos cemit\u00e9rios locais\u201d, disse Wendy Bellmore, capel\u00e3 do Harry R Bartlett American Legion Post 89 e coordenadora local para Grinaldas em toda a Am\u00e9rica em East Haven. <\/p>\n<div class=\"nlp-ignore-block article-content rich-text\">\n<aside class=\"promo-link\">\n\t<a href=\"https:\/\/www.wtnh.com\/news\/connecticut\/wreaths-across-america-to-be-observed-saturday-dec-14\/?ipid=promo-link-block1\" class=\"promo-link__link\"><\/p>\n<p>\t\tGrinaldas em toda a Am\u00e9rica ser\u00e3o observadas no s\u00e1bado, 14 de dezembro\t<\/a><br \/>\n<\/aside>\n<\/div>\n<p>Os vizinhos se reuniram em Town Green para uma breve cerim\u00f4nia onde uma coroa de flores foi depositada para cada ramo de servi\u00e7o. Em seguida, volunt\u00e1rios como o representante da Eagle Scout Troop 401, Joseph Taylor, mudaram-se para o cemit\u00e9rio onde coroas de flores foram colocadas nos t\u00famulos de veteranos individuais. <\/p>\n<p>\u201cO pr\u00f3ximo ano ser\u00e1 o 50\u00ba ano em que minha fam\u00edlia comandar\u00e1 a Tropa\u201d, disse Taylor, \u201cent\u00e3o foi uma grande honra servir a cidade de East Haven e nossa comunidade dessa forma\u201d. <\/p>\n<p>Os organizadores afirmam que foi um dia cheio de emo\u00e7\u00e3o, respeito e honra, tanto para os volunt\u00e1rios como para as fam\u00edlias. <\/p>\n<p><br \/>\n<br \/><a href=\"https:\/\/www.wtnh.com\/news\/connecticut\/new-haven\/veterans-honored-at-wreaths-across-america-in-east-haven\/\">Source link <\/a><\/p>","protected":false},"excerpt":{"rendered":"<p>EAST HAVEN, Connecticut (WTNH) \u2013 East Haven foi um dos 4.600 locais que prestaram homenagem aos militares ca\u00eddos na manh\u00e3 de s\u00e1bado em Wreaths Across America. Mais de dois milh\u00f5es&hellip;<\/p>","protected":false},"author":1,"featured_media":76516,"comment_status":"closed","ping_status":"open","sticky":false,"template":"","format":"standard","meta":{"content-type":"","footnotes":""},"categories":[1],"tags":[],"class_list":["post-76515","post","type-post","status-publish","format-standard","has-post-thumbnail","hentry","category-uncategorized"],"_links":{"self":[{"href":"https:\/\/tvbrazilusa.com\/pt\/wp-json\/wp\/v2\/posts\/76515","targetHints":{"allow":["GET"]}}],"collection":[{"href":"https:\/\/tvbrazilusa.com\/pt\/wp-json\/wp\/v2\/posts"}],"about":[{"href":"https:\/\/tvbrazilusa.com\/pt\/wp-json\/wp\/v2\/types\/post"}],"author":[{"embeddable":true,"href":"https:\/\/tvbrazilusa.com\/pt\/wp-json\/wp\/v2\/users\/1"}],"replies":[{"embeddable":true,"href":"https:\/\/tvbrazilusa.com\/pt\/wp-json\/wp\/v2\/comments?post=76515"}],"version-history":[{"count":1,"href":"https:\/\/tvbrazilusa.com\/pt\/wp-json\/wp\/v2\/posts\/76515\/revisions"}],"predecessor-version":[{"id":76517,"href":"https:\/\/tvbrazilusa.com\/pt\/wp-json\/wp\/v2\/posts\/76515\/revisions\/76517"}],"wp:featuredmedia":[{"embeddable":true,"href":"https:\/\/tvbrazilusa.com\/pt\/wp-json\/wp\/v2\/media\/76516"}],"wp:attachment":[{"href":"https:\/\/tvbrazilusa.com\/pt\/wp-json\/wp\/v2\/media?parent=76515"}],"wp:term":[{"taxonomy":"category","embeddable":true,"href":"https:\/\/tvbrazilusa.com\/pt\/wp-json\/wp\/v2\/categories?post=76515"},{"taxonomy":"post_tag","embeddable":true,"href":"https:\/\/tvbrazilusa.com\/pt\/wp-json\/wp\/v2\/tags?post=76515"}],"curies":[{"name":"wp","href":"https:\/\/api.w.org\/{rel}","templated":true}]}}