{"id":76536,"date":"2024-12-15T00:51:22","date_gmt":"2024-12-15T00:51:22","guid":{"rendered":"https:\/\/tvbrazilusa.com\/2024\/12\/15\/bolsonaro-reage-a-prisao-de-braga-netto\/"},"modified":"2024-12-15T00:51:24","modified_gmt":"2024-12-15T00:51:24","slug":"bolsonaro-reage-a-prisao-de-braga-netto","status":"publish","type":"post","link":"https:\/\/tvbrazilusa.com\/pt\/2024\/12\/15\/bolsonaro-reage-a-prisao-de-braga-netto\/","title":{"rendered":"Bolsonaro reage a pris\u00e3o de Braga Netto"},"content":{"rendered":"<p> <script async src=\"https:\/\/pagead2.googlesyndication.com\/pagead\/js\/adsbygoogle.js?client=ca-pub-8864793242727901\"\r\n     crossorigin=\"anonymous\"><\/script><br \/>\n<\/p>\n<div id=\"taboola-read-more\" style=\"display:block; width:100%\">\n<p>&#8211; A pris\u00e3o do General.\n<\/p>\n<p>&#8211; H\u00e1 mais de 10 dias o &#8220;Inqu\u00e9rito&#8221; foi conclu\u00eddo pela PF, indiciando 37 pessoas e encaminhado ao MP.<\/p>\n<p>&#8211; Como algu\u00e9m, hoje, pode ser preso por obstruir investiga\u00e7\u00f5es j\u00e1 conclu\u00eddas?\n<\/p>\n<p>&#8211; Jair Bolsonaro.<\/p>\n<p><a href=\"https:\/\/x.com\/jairbolsonaro\/status\/1868068139680071948?s=46&#038;t=-oA57aby-FJnP_j489RmgQ\">https:\/\/x.com\/jairbolsonaro\/status\/1868068139680071948?s=46&#038;t=-oA57aby-FJnP_j489RmgQ<\/a><\/p>\n<\/div>\n<p><br \/>\n<br \/><a href=\"https:\/\/diariodobrasilnoticias.com.br\/noticia\/bolsonaro-reage-a-prisao-de-braga-netto-675e15513d6e6\">Source link <\/a><\/p>","protected":false},"excerpt":{"rendered":"<p>&#8211; A pris\u00e3o do General. &#8211; H\u00e1 mais de 10 dias o &#8220;Inqu\u00e9rito&#8221; foi conclu\u00eddo pela PF, indiciando 37 pessoas e encaminhado ao MP. &#8211; Como algu\u00e9m, hoje, pode ser&hellip;<\/p>","protected":false},"author":1,"featured_media":76537,"comment_status":"closed","ping_status":"open","sticky":false,"template":"","format":"standard","meta":{"content-type":"","footnotes":""},"categories":[16],"tags":[123,2448,5313,1267],"class_list":["post-76536","post","type-post","status-publish","format-standard","has-post-thumbnail","hentry","category-noticias","tag-brasil","tag-diario","tag-noticia","tag-noticias"],"_links":{"self":[{"href":"https:\/\/tvbrazilusa.com\/pt\/wp-json\/wp\/v2\/posts\/76536","targetHints":{"allow":["GET"]}}],"collection":[{"href":"https:\/\/tvbrazilusa.com\/pt\/wp-json\/wp\/v2\/posts"}],"about":[{"href":"https:\/\/tvbrazilusa.com\/pt\/wp-json\/wp\/v2\/types\/post"}],"author":[{"embeddable":true,"href":"https:\/\/tvbrazilusa.com\/pt\/wp-json\/wp\/v2\/users\/1"}],"replies":[{"embeddable":true,"href":"https:\/\/tvbrazilusa.com\/pt\/wp-json\/wp\/v2\/comments?post=76536"}],"version-history":[{"count":1,"href":"https:\/\/tvbrazilusa.com\/pt\/wp-json\/wp\/v2\/posts\/76536\/revisions"}],"predecessor-version":[{"id":76538,"href":"https:\/\/tvbrazilusa.com\/pt\/wp-json\/wp\/v2\/posts\/76536\/revisions\/76538"}],"wp:featuredmedia":[{"embeddable":true,"href":"https:\/\/tvbrazilusa.com\/pt\/wp-json\/wp\/v2\/media\/76537"}],"wp:attachment":[{"href":"https:\/\/tvbrazilusa.com\/pt\/wp-json\/wp\/v2\/media?parent=76536"}],"wp:term":[{"taxonomy":"category","embeddable":true,"href":"https:\/\/tvbrazilusa.com\/pt\/wp-json\/wp\/v2\/categories?post=76536"},{"taxonomy":"post_tag","embeddable":true,"href":"https:\/\/tvbrazilusa.com\/pt\/wp-json\/wp\/v2\/tags?post=76536"}],"curies":[{"name":"wp","href":"https:\/\/api.w.org\/{rel}","templated":true}]}}