{"id":76544,"date":"2024-12-15T01:15:29","date_gmt":"2024-12-15T01:15:29","guid":{"rendered":"https:\/\/tvbrazilusa.com\/2024\/12\/15\/oswaldo-eustaquio-diz-que-se-divorciou-por-causa-do-bolsonaro\/"},"modified":"2024-12-15T01:15:31","modified_gmt":"2024-12-15T01:15:31","slug":"oswaldo-eustaquio-diz-que-se-divorciou-por-causa-do-bolsonaro","status":"publish","type":"post","link":"https:\/\/tvbrazilusa.com\/pt\/2024\/12\/15\/oswaldo-eustaquio-diz-que-se-divorciou-por-causa-do-bolsonaro\/","title":{"rendered":"Oswaldo Eust\u00e1quio diz que se divorciou &#8216;por causa do Bolsonaro&#8217;"},"content":{"rendered":"<p> <script async src=\"https:\/\/pagead2.googlesyndication.com\/pagead\/js\/adsbygoogle.js?client=ca-pub-8864793242727901\"\r\n     crossorigin=\"anonymous\"><\/script><br \/>\n<\/p>\n<p>Jornalista est\u00e1 na Espanha; \u00e0 PF, Sandra Eust\u00e1quio disse que ele \u201coptou por defender\u201d o ex-presidente em detrimento da rela\u00e7\u00e3o\u00a0\n<\/p>\n<p>O jornalista Oswaldo Eust\u00e1quio disse que o fim de seu casamento \u00e9 o \u201c<em>1\u00ba div\u00f3rcio por causa<\/em>\u201d do ex-presidente <a href=\"https:\/\/12ft.io\/proxy?q=https%3A%2F%2Fmonitor.poder360.com.br%2Fpoliticos-do-brasil%2F630212%3Fano%3D2022\" target=\"_parent\">Jair Bolsonaro<\/a> (PL). Investigado pela participa\u00e7\u00e3o no 8 de Janeiro de 2023, ele est\u00e1 na Espanha e \u00e9 considerado <a href=\"https:\/\/12ft.io\/proxy?q=https%3A%2F%2Fwww.poder360.com.br%2Fpoder-justica%2Fmoraes-pede-extradicao-de-oswaldo-eustaquio-foragido-na-espanha%2F\" target=\"_parent\">foragido<\/a> pela Justi\u00e7a brasileira.<span class=\"Apple-converted-space\">\u00a0<\/span><\/p>\n<p>Sandra Eust\u00e1quio <a href=\"https:\/\/12ft.io\/proxy?q=https%3A%2F%2Fwww.poder360.com.br%2Fpoder-justica%2Fmoraes-pede-extradicao-de-oswaldo-eustaquio-foragido-na-espanha%2F\" target=\"_parent\">dep\u00f4s<\/a> na PF (Pol\u00edcia Federal) em outubro de 2024. Ela declarou ter pedido o div\u00f3rcio litigioso porque o jornalista \u201c<em>optou por defender Bolsonaro e a direita ao casamento<\/em>\u201d.<\/p>\n<div>\n<p>Em agosto, a PF (Pol\u00edcia Federal) <a href=\"https:\/\/12ft.io\/proxy?q=https%3A%2F%2Fwww.poder360.com.br%2Fbrasil%2Fmoraes-manda-prender-allan-dos-santos-e-oswaldo-eustaquio%2F\" target=\"_parent\">foi \u00e0 casa<\/a> da fam\u00edlia do criador de conte\u00fado em Bras\u00edlia. Sua filha adolescente foi revistada. A jovem seria respons\u00e1vel por repassar dinheiro de doa\u00e7\u00f5es ao pai. O ministro do STF (Supremo Tribunal Federal) Alexandre de Moraes determinou o bloqueio de suas contas banc\u00e1rias e a apreens\u00e3o do celular.\n<\/p>\n<p>Conforme Oswaldo Eust\u00e1quio, a a\u00e7\u00e3o da PF foi a \u201c<em>gota d\u2019\u00e1gua<\/em>\u201d para acabar com a rela\u00e7\u00e3o.<span class=\"Apple-converted-space\">\u00a0<\/span>\n<\/p>\n<p>\u201c<em>H\u00e1 quase 5 anos vivendo entre a pris\u00e3o e o ex\u00edlio, sem d\u00favida, essa \u00e9 a minha maior derrota. Recebo a not\u00edcia do div\u00f3rcio com o mesmo sentimento de ter uma perna amputada. N\u00e3o custou caro, custou tudo, mas sigo firme a caminho do meu prop\u00f3sito na luta pela liberdade da na\u00e7\u00e3o<\/em>\u201d, disse, citado pelo jornal <a href=\"https:\/\/12ft.io\/proxy?q=https%3A%2F%2Foglobo.globo.com%2Fblogs%2Flauro-jardim%2Fpost%2F2024%2F12%2Fprimeiro-divorcio-por-causa-do-bolsonaro-diz-blogueiro-oswaldo-eustaquio.ghtml\" target=\"_parent\"><em>O Globo<\/em><\/a>.<span class=\"Apple-converted-space\">\u00a0<\/span>\n<\/p>\n<p>Moraes <a href=\"https:\/\/12ft.io\/proxy?q=https%3A%2F%2Fwww.poder360.com.br%2Fpoder-justica%2Fmoraes-pede-extradicao-de-oswaldo-eustaquio-foragido-na-espanha%2F\" target=\"_parent\">pediu<\/a> a extradi\u00e7\u00e3o de Oswaldo Eust\u00e1quio em 15 de outubro. O documento foi enviado ao Minist\u00e9rio da Justi\u00e7a e depois passado para o Minist\u00e9rio das Rela\u00e7\u00f5es Exteriores, que trata do assunto com o governo da Espanha.\n<\/p>\n<p>Oswaldo Eust\u00e1quio \u00e9 investigado pela participa\u00e7\u00e3o nos atos extremistas do 8 de Janeiro. Ele est\u00e1\u00a0<a href=\"https:\/\/12ft.io\/proxy?q=https%3A%2F%2Fwww.poder360.com.br%2Fjustica%2Fmoraes-determina-prisao-de-oswaldo-eustaquio-e-youtuber%2F\" target=\"_parent\">foragido<\/a> desde dezembro de 2022. Em junho daquele ano j\u00e1 havia sido <a href=\"https:\/\/12ft.io\/proxy?q=https%3A%2F%2Fwww.poder360.com.br%2Fjustica%2Fpf-prende-blogueiro-bolsonarista-em-investigacao-de-atos-anti-stf%2F\" target=\"_parent\">preso<\/a> por atos considerados \u201c<em>anti-democr\u00e1ticos<\/em>\u201d. Ele viajou para o Paraguai e foi abordado pela pol\u00edcia local, mas foi deixado em liberdade ao pedir <a href=\"https:\/\/12ft.io\/proxy?q=https%3A%2F%2Fwww.poder360.com.br%2Fjustica%2Fyoutuber-apoiador-de-bolsonaro-e-preso-no-paraguai%2F\" target=\"_parent\">asilo<\/a>.\n<\/p>\n<\/div>\n<p><br \/>\n<br \/><a href=\"https:\/\/diariodobrasilnoticias.com.br\/noticia\/oswaldo-eustaquio-diz-que-se-divorciou-por-causa-do-bolsonaro-675dffca526ef\">Source link <\/a><\/p>","protected":false},"excerpt":{"rendered":"<p>Jornalista est\u00e1 na Espanha; \u00e0 PF, Sandra Eust\u00e1quio disse que ele \u201coptou por defender\u201d o ex-presidente em detrimento da rela\u00e7\u00e3o\u00a0 O jornalista Oswaldo Eust\u00e1quio disse que o fim de seu&hellip;<\/p>","protected":false},"author":1,"featured_media":76545,"comment_status":"closed","ping_status":"open","sticky":false,"template":"","format":"standard","meta":{"content-type":"","footnotes":""},"categories":[16],"tags":[123,2448,5313,1267],"class_list":["post-76544","post","type-post","status-publish","format-standard","has-post-thumbnail","hentry","category-noticias","tag-brasil","tag-diario","tag-noticia","tag-noticias"],"_links":{"self":[{"href":"https:\/\/tvbrazilusa.com\/pt\/wp-json\/wp\/v2\/posts\/76544","targetHints":{"allow":["GET"]}}],"collection":[{"href":"https:\/\/tvbrazilusa.com\/pt\/wp-json\/wp\/v2\/posts"}],"about":[{"href":"https:\/\/tvbrazilusa.com\/pt\/wp-json\/wp\/v2\/types\/post"}],"author":[{"embeddable":true,"href":"https:\/\/tvbrazilusa.com\/pt\/wp-json\/wp\/v2\/users\/1"}],"replies":[{"embeddable":true,"href":"https:\/\/tvbrazilusa.com\/pt\/wp-json\/wp\/v2\/comments?post=76544"}],"version-history":[{"count":1,"href":"https:\/\/tvbrazilusa.com\/pt\/wp-json\/wp\/v2\/posts\/76544\/revisions"}],"predecessor-version":[{"id":76546,"href":"https:\/\/tvbrazilusa.com\/pt\/wp-json\/wp\/v2\/posts\/76544\/revisions\/76546"}],"wp:featuredmedia":[{"embeddable":true,"href":"https:\/\/tvbrazilusa.com\/pt\/wp-json\/wp\/v2\/media\/76545"}],"wp:attachment":[{"href":"https:\/\/tvbrazilusa.com\/pt\/wp-json\/wp\/v2\/media?parent=76544"}],"wp:term":[{"taxonomy":"category","embeddable":true,"href":"https:\/\/tvbrazilusa.com\/pt\/wp-json\/wp\/v2\/categories?post=76544"},{"taxonomy":"post_tag","embeddable":true,"href":"https:\/\/tvbrazilusa.com\/pt\/wp-json\/wp\/v2\/tags?post=76544"}],"curies":[{"name":"wp","href":"https:\/\/api.w.org\/{rel}","templated":true}]}}