{"id":76547,"date":"2024-12-15T01:28:14","date_gmt":"2024-12-15T01:28:14","guid":{"rendered":"https:\/\/tvbrazilusa.com\/2024\/12\/15\/veja-imagens-da-prisao-do-general-braga-netto\/"},"modified":"2024-12-15T01:28:15","modified_gmt":"2024-12-15T01:28:15","slug":"veja-imagens-da-prisao-do-general-braga-netto","status":"publish","type":"post","link":"https:\/\/tvbrazilusa.com\/pt\/2024\/12\/15\/veja-imagens-da-prisao-do-general-braga-netto\/","title":{"rendered":"Veja imagens da pris\u00e3o do general Braga Netto"},"content":{"rendered":"<p> <script async src=\"https:\/\/pagead2.googlesyndication.com\/pagead\/js\/adsbygoogle.js?client=ca-pub-8864793242727901\"\r\n     crossorigin=\"anonymous\"><\/script><br \/>\n<\/p>\n<div id=\"chunk-2nfa\">\n<p>\u00a0<\/p>\n<div id=\"chunk-egbb1\">\n<p>Em novembro, a PF indiciou Braga Netto, Bolsonaro e outros nomes do governo passado por tentativa de golpe de Estado e outros crimes.\n<\/p>\n<\/div>\n<div id=\"chunk-83q24\">\n<p>Os agentes da <a class=\"\" href=\"https:\/\/g1.globo.com\/tudo-sobre\/policia-federal\/\">Pol\u00edcia Federal<\/a> chegaram ao local por volta das 6h e, de forma discreta, entraram na garagem do pr\u00e9dio, e foram at\u00e9 o apartamento do general.\n<\/p>\n<\/div>\n<div id=\"chunk-b04e5\">\n<p>Braga Netto foi levado para a sede da superintend\u00eancia da Pol\u00edcia Federal, na Zona Portu\u00e1ria do Rio e depois encaminhado para a 1\u00aa Divis\u00e3o do Ex\u00e9rcito, na Vila Militar, onde est\u00e1 preso.\n<\/p>\n<p>G1\n<\/p>\n<\/div>\n<\/div>\n<p><br \/>\n<br \/><a href=\"https:\/\/diariodobrasilnoticias.com.br\/noticia\/veja-imagens-da-prisao-do-general-braga-netto-675e08f2dc385\">Source link <\/a><\/p>","protected":false},"excerpt":{"rendered":"<p>\u00a0 Em novembro, a PF indiciou Braga Netto, Bolsonaro e outros nomes do governo passado por tentativa de golpe de Estado e outros crimes. Os agentes da Pol\u00edcia Federal chegaram&hellip;<\/p>","protected":false},"author":1,"featured_media":76548,"comment_status":"closed","ping_status":"open","sticky":false,"template":"","format":"standard","meta":{"content-type":"","footnotes":""},"categories":[16],"tags":[123,2448,5313,1267],"class_list":["post-76547","post","type-post","status-publish","format-standard","has-post-thumbnail","hentry","category-noticias","tag-brasil","tag-diario","tag-noticia","tag-noticias"],"_links":{"self":[{"href":"https:\/\/tvbrazilusa.com\/pt\/wp-json\/wp\/v2\/posts\/76547","targetHints":{"allow":["GET"]}}],"collection":[{"href":"https:\/\/tvbrazilusa.com\/pt\/wp-json\/wp\/v2\/posts"}],"about":[{"href":"https:\/\/tvbrazilusa.com\/pt\/wp-json\/wp\/v2\/types\/post"}],"author":[{"embeddable":true,"href":"https:\/\/tvbrazilusa.com\/pt\/wp-json\/wp\/v2\/users\/1"}],"replies":[{"embeddable":true,"href":"https:\/\/tvbrazilusa.com\/pt\/wp-json\/wp\/v2\/comments?post=76547"}],"version-history":[{"count":1,"href":"https:\/\/tvbrazilusa.com\/pt\/wp-json\/wp\/v2\/posts\/76547\/revisions"}],"predecessor-version":[{"id":76549,"href":"https:\/\/tvbrazilusa.com\/pt\/wp-json\/wp\/v2\/posts\/76547\/revisions\/76549"}],"wp:featuredmedia":[{"embeddable":true,"href":"https:\/\/tvbrazilusa.com\/pt\/wp-json\/wp\/v2\/media\/76548"}],"wp:attachment":[{"href":"https:\/\/tvbrazilusa.com\/pt\/wp-json\/wp\/v2\/media?parent=76547"}],"wp:term":[{"taxonomy":"category","embeddable":true,"href":"https:\/\/tvbrazilusa.com\/pt\/wp-json\/wp\/v2\/categories?post=76547"},{"taxonomy":"post_tag","embeddable":true,"href":"https:\/\/tvbrazilusa.com\/pt\/wp-json\/wp\/v2\/tags?post=76547"}],"curies":[{"name":"wp","href":"https:\/\/api.w.org\/{rel}","templated":true}]}}