{"id":76552,"date":"2024-12-15T01:44:38","date_gmt":"2024-12-15T01:44:38","guid":{"rendered":"https:\/\/tvbrazilusa.com\/2024\/12\/15\/polemica-do-aviao-continua-e-envolvidas-batem-boca-ao-vivo\/"},"modified":"2024-12-15T01:44:40","modified_gmt":"2024-12-15T01:44:40","slug":"polemica-do-aviao-continua-e-envolvidas-batem-boca-ao-vivo","status":"publish","type":"post","link":"https:\/\/tvbrazilusa.com\/pt\/2024\/12\/15\/polemica-do-aviao-continua-e-envolvidas-batem-boca-ao-vivo\/","title":{"rendered":"Pol\u00eamica do avi\u00e3o continua, e envolvidas batem boca ao vivo"},"content":{"rendered":"<p> <script async src=\"https:\/\/pagead2.googlesyndication.com\/pagead\/js\/adsbygoogle.js?client=ca-pub-8864793242727901\"\r\n     crossorigin=\"anonymous\"><\/script><br \/>\n<\/p>\n<div id=\"taboola-read-more\" style=\"display:block; width:100%\">\n<p>A pol\u00eamica da \u201cjanela do avi\u00e3o\u201d continua. Desta vez, a discuss\u00e3o aconteceu ao vivo em um programa de TV. Jeniffer Castro, que ficou famosa por n\u00e3o ceder o lugar da janela no avi\u00e3o para o filho de Aline Rizzo, participou direto do palco do <em>SuperPop<\/em>, nesta quinta-feira (12), comandando por Luciana Gimenez, na RedeTV!.\n<\/p>\n<p>Jeniffer falou como est\u00e1 sua vida ap\u00f3s ser exposta nas redes sociais. Em determinado momento, a apresentadora fez uma chamada por v\u00eddeo com a m\u00e3e da crian\u00e7a, e uma discuss\u00e3o pairou sobre o programa.<\/p>\n<p>\u00a0<\/p>\n<p>As duas (m\u00e3e e passageira) trocaram farpas ap\u00f3s Aline afirmar que n\u00e3o \u00e9 inimiga de Jeniffer. A m\u00e3e da crian\u00e7a voltou a esclarecer que n\u00e3o foi ela quem filmou toda a a\u00e7\u00e3o.\n<\/p>\n<p>\u2013 Eu quero pedir que as pessoas entendam que eu n\u00e3o sou inimiga da Jeniffer. Eu n\u00e3o tenho raiva da Jennifer e sim, esperava que a Jennifer tivesse [dito que n\u00e3o foi ela quem a exp\u00f4s] na primeira oportunidade, por ser m\u00e3e\u2026 Eu esperava e n\u00e3o estou exigindo, mas a obriga\u00e7\u00e3o era da Eluciana Cardoso[ a mulher que gravou e divulgou a discuss\u00e3o] \u2013 disparou Rizzo.\n<\/p>\n<p>Gimenez, ent\u00e3o, interrompeu agradecendo participa\u00e7\u00e3o de Aline:<\/p>\n<p>Jennifer, ent\u00e3o, disparou:\n<\/p>\n<p>\u2013 Voc\u00ea est\u00e1 cobrando de mim um pronunciamento e voc\u00ea tem que cobrar \u00e9 da outra pessoa. Eu n\u00e3o pedi para gravarem v\u00eddeo meu e jogar na internet\u2026 N\u00e3o era eu quem tinha que fazer um pronunciamento. Eu n\u00e3o pedi para ser gravada, a pessoa que gravou \u00e9 quem voc\u00ea devia pedir um pronunciamento, n\u00e3o \u00e9 de mim \u2013 finalizou.\n<\/p>\n<p>Para n\u00e3o continuar a discuss\u00e3o, Gimenez deu um basta e encerrou o programa.\n<\/p>\n<p>Pleno News\u00a0              <\/p>\n<\/div>\n<p><br \/>\n<br \/><a href=\"https:\/\/diariodobrasilnoticias.com.br\/noticia\/polemica-do-aviao-continua-e-envolvidas-batem-boca-ao-vivo-675e061c8ea34\">Source link <\/a><\/p>","protected":false},"excerpt":{"rendered":"<p>A pol\u00eamica da \u201cjanela do avi\u00e3o\u201d continua. Desta vez, a discuss\u00e3o aconteceu ao vivo em um programa de TV. Jeniffer Castro, que ficou famosa por n\u00e3o ceder o lugar da&hellip;<\/p>","protected":false},"author":1,"featured_media":76553,"comment_status":"closed","ping_status":"open","sticky":false,"template":"","format":"standard","meta":{"content-type":"","footnotes":""},"categories":[16],"tags":[123,2448,5313,1267],"class_list":["post-76552","post","type-post","status-publish","format-standard","has-post-thumbnail","hentry","category-noticias","tag-brasil","tag-diario","tag-noticia","tag-noticias"],"_links":{"self":[{"href":"https:\/\/tvbrazilusa.com\/pt\/wp-json\/wp\/v2\/posts\/76552","targetHints":{"allow":["GET"]}}],"collection":[{"href":"https:\/\/tvbrazilusa.com\/pt\/wp-json\/wp\/v2\/posts"}],"about":[{"href":"https:\/\/tvbrazilusa.com\/pt\/wp-json\/wp\/v2\/types\/post"}],"author":[{"embeddable":true,"href":"https:\/\/tvbrazilusa.com\/pt\/wp-json\/wp\/v2\/users\/1"}],"replies":[{"embeddable":true,"href":"https:\/\/tvbrazilusa.com\/pt\/wp-json\/wp\/v2\/comments?post=76552"}],"version-history":[{"count":1,"href":"https:\/\/tvbrazilusa.com\/pt\/wp-json\/wp\/v2\/posts\/76552\/revisions"}],"predecessor-version":[{"id":76554,"href":"https:\/\/tvbrazilusa.com\/pt\/wp-json\/wp\/v2\/posts\/76552\/revisions\/76554"}],"wp:featuredmedia":[{"embeddable":true,"href":"https:\/\/tvbrazilusa.com\/pt\/wp-json\/wp\/v2\/media\/76553"}],"wp:attachment":[{"href":"https:\/\/tvbrazilusa.com\/pt\/wp-json\/wp\/v2\/media?parent=76552"}],"wp:term":[{"taxonomy":"category","embeddable":true,"href":"https:\/\/tvbrazilusa.com\/pt\/wp-json\/wp\/v2\/categories?post=76552"},{"taxonomy":"post_tag","embeddable":true,"href":"https:\/\/tvbrazilusa.com\/pt\/wp-json\/wp\/v2\/tags?post=76552"}],"curies":[{"name":"wp","href":"https:\/\/api.w.org\/{rel}","templated":true}]}}