{"id":76561,"date":"2024-12-15T02:08:28","date_gmt":"2024-12-15T02:08:28","guid":{"rendered":"https:\/\/tvbrazilusa.com\/2024\/12\/15\/tem-alguma-coisa-tem-a-ver-dengue-esta-em-alta-por-causa-do-aquecimento-global-diz-ministra-da-saude-de-lula\/"},"modified":"2024-12-15T02:08:30","modified_gmt":"2024-12-15T02:08:30","slug":"tem-alguma-coisa-tem-a-ver-dengue-esta-em-alta-por-causa-do-aquecimento-global-diz-ministra-da-saude-de-lula","status":"publish","type":"post","link":"https:\/\/tvbrazilusa.com\/pt\/2024\/12\/15\/tem-alguma-coisa-tem-a-ver-dengue-esta-em-alta-por-causa-do-aquecimento-global-diz-ministra-da-saude-de-lula\/","title":{"rendered":"\u201cTem alguma coisa tem a ver\u201d? Dengue est\u00e1 em alta por causa do aquecimento global, diz ministra da sa\u00fade de Lula"},"content":{"rendered":"<p> <script async src=\"https:\/\/pagead2.googlesyndication.com\/pagead\/js\/adsbygoogle.js?client=ca-pub-8864793242727901\"\r\n     crossorigin=\"anonymous\"><\/script><br \/>\n<\/p>\n<div>\n<figure class=\"post-image\">\n<\/figure>\n<p>            <span style=\"font-size: 12px\">Reprodu\u00e7\u00e3o Conex\u00e3o Pol\u00edtica <\/span><\/p>\n<p>            <!-- end metas --><br \/>\n            <!-- ADS --><\/p>\n<div id=\"taboola-read-more\" style=\"display:block; width:100%\">\n<p>Em entrevista \u00e0 GloboNews nesta sexta-feira (13), a ministra da Sa\u00fade, N\u00edsia Trindade, associou o aumento dos casos prov\u00e1veis de dengue no Brasil \u00e0s mudan\u00e7as clim\u00e1ticas e ao aquecimento global. Citando dados da Organiza\u00e7\u00e3o Pan-Americana da Sa\u00fade (Opas), <\/p>\n<p>N\u00edsia, na ocasi\u00e3o, mencionou a atua\u00e7\u00e3o da doen\u00e7a nas Am\u00e9ricas: \u201cPela primeira vez, o Uruguai registrou casos de dengue, um pa\u00eds onde as temperaturas s\u00e3o muito mais baixas que as nossas.\u201d<\/p>\n<p>A ministra disse que o enfrentamento da dengue exige uma coordena\u00e7\u00e3o mais pr\u00f3xima entre o governo federal e as administra\u00e7\u00f5es municipais. Ela apontou a quest\u00e3o do saneamento b\u00e1sico como um dos principais desafios estruturais. \u201cTenho conversado com prefeitos, prefeitas e secret\u00e1rios municipais de sa\u00fade para intensificar as a\u00e7\u00f5es de preven\u00e7\u00e3o neste momento de transi\u00e7\u00e3o. Estamos no chamado dia D, que refor\u00e7a a import\u00e2ncia da preven\u00e7\u00e3o contra a dengue\u201d, afirmou.<\/p>\n<p>N\u00edsia tamb\u00e9m sublinhou que a preven\u00e7\u00e3o depende de um esfor\u00e7o coletivo, indo al\u00e9m das \u00e1reas mais vulner\u00e1veis. \u201cMuitas vezes, associamos os focos de dengue a lugares sem saneamento, e isso tem sua verdade. Mas tamb\u00e9m encontramos criadouros em resid\u00eancias fechadas e piscinas abandonadas. A conscientiza\u00e7\u00e3o deve alcan\u00e7ar todos\u201d, emendou.<\/p>\n<p>Conex\u00e3o Pol\u00edtica\u00a0<\/p>\n<\/p><\/div>\n<p>                        <!-- Scripts para conteudo --><\/p>\n<p>            <!-- .\/Scripts para conteudo --><br \/>\n            <!-- .\/Mat\u00e9ria --><\/p>\n<div class=\"row mt-3\">\n<div class=\"col-sm-6\">\n                <!-- Whatsapp channel 3--><br \/>\n                <a href=\"https:\/\/chat.whatsapp.com\/J6hwSKYns5B0XFowx2wZ0P\" target=\"_blank\"><br \/>\n                  <img decoding=\"async\" src=\"https:\/\/diariodobrasilnoticias.com.br\/assets-site\/images\/bot_whatsapp.png\"\/><\/a>\n              <\/div>\n<div class=\"col-sm-6\">\n                <a href=\"https:\/\/t.me\/+_4gTmi5LKo03OTM5\" target=\"_blank\"><br \/>\n                  <img decoding=\"async\" src=\"https:\/\/diariodobrasilnoticias.com.br\/assets-site\/images\/bot_telegram.png\"\/><\/a>\n              <\/div>\n<\/p><\/div>\n<p>            <!-- end post-navigation --><\/p>\n<p>              <!-- end row --><\/p>\n<p>              <!-- end col-12-->\n                      <\/div>\n<p><br \/>\n<br \/><a href=\"https:\/\/diariodobrasilnoticias.com.br\/noticia\/-tem-alguma-coisa-tem-a-ver-dengue-esta-em-alta-por-causa-do-aquecimento-global-diz-ministra-da-saude-de-lula-675e0f07667bf\">Source link <\/a><\/p>","protected":false},"excerpt":{"rendered":"<p>Reprodu\u00e7\u00e3o Conex\u00e3o Pol\u00edtica Em entrevista \u00e0 GloboNews nesta sexta-feira (13), a ministra da Sa\u00fade, N\u00edsia Trindade, associou o aumento dos casos prov\u00e1veis de dengue no Brasil \u00e0s mudan\u00e7as clim\u00e1ticas e&hellip;<\/p>","protected":false},"author":1,"featured_media":76562,"comment_status":"closed","ping_status":"open","sticky":false,"template":"","format":"standard","meta":{"content-type":"","footnotes":""},"categories":[16],"tags":[123,2448,5313,1267],"class_list":["post-76561","post","type-post","status-publish","format-standard","has-post-thumbnail","hentry","category-noticias","tag-brasil","tag-diario","tag-noticia","tag-noticias"],"_links":{"self":[{"href":"https:\/\/tvbrazilusa.com\/pt\/wp-json\/wp\/v2\/posts\/76561","targetHints":{"allow":["GET"]}}],"collection":[{"href":"https:\/\/tvbrazilusa.com\/pt\/wp-json\/wp\/v2\/posts"}],"about":[{"href":"https:\/\/tvbrazilusa.com\/pt\/wp-json\/wp\/v2\/types\/post"}],"author":[{"embeddable":true,"href":"https:\/\/tvbrazilusa.com\/pt\/wp-json\/wp\/v2\/users\/1"}],"replies":[{"embeddable":true,"href":"https:\/\/tvbrazilusa.com\/pt\/wp-json\/wp\/v2\/comments?post=76561"}],"version-history":[{"count":1,"href":"https:\/\/tvbrazilusa.com\/pt\/wp-json\/wp\/v2\/posts\/76561\/revisions"}],"predecessor-version":[{"id":76563,"href":"https:\/\/tvbrazilusa.com\/pt\/wp-json\/wp\/v2\/posts\/76561\/revisions\/76563"}],"wp:featuredmedia":[{"embeddable":true,"href":"https:\/\/tvbrazilusa.com\/pt\/wp-json\/wp\/v2\/media\/76562"}],"wp:attachment":[{"href":"https:\/\/tvbrazilusa.com\/pt\/wp-json\/wp\/v2\/media?parent=76561"}],"wp:term":[{"taxonomy":"category","embeddable":true,"href":"https:\/\/tvbrazilusa.com\/pt\/wp-json\/wp\/v2\/categories?post=76561"},{"taxonomy":"post_tag","embeddable":true,"href":"https:\/\/tvbrazilusa.com\/pt\/wp-json\/wp\/v2\/tags?post=76561"}],"curies":[{"name":"wp","href":"https:\/\/api.w.org\/{rel}","templated":true}]}}