{"id":76596,"date":"2024-12-15T04:10:11","date_gmt":"2024-12-15T04:10:11","guid":{"rendered":"https:\/\/tvbrazilusa.com\/2024\/12\/15\/project-angel-wings-holiday-festival-comemora-seu-5o-ano-em-hartford\/"},"modified":"2024-12-15T04:13:53","modified_gmt":"2024-12-15T04:13:53","slug":"project-angel-wings-holiday-festival-comemora-seu-5o-ano-em-hartford","status":"publish","type":"post","link":"https:\/\/tvbrazilusa.com\/pt\/2024\/12\/15\/project-angel-wings-holiday-festival-comemora-seu-5o-ano-em-hartford\/","title":{"rendered":"Project Angel Wings Holiday Festival comemora seu 5\u00ba ano em Hartford"},"content":{"rendered":"<script async src=\"https:\/\/pagead2.googlesyndication.com\/pagead\/js\/adsbygoogle.js?client=ca-pub-8864793242727901\"\r\n     crossorigin=\"anonymous\"><\/script>\n<p>HARTFORD, Connecticut (WTNH) \u2013 O Project Angel Wings Holiday Festival comemora um anivers\u00e1rio especial de cinco anos distribuindo dezenas e dezenas de presentes para fam\u00edlias de crian\u00e7as com necessidades especiais. <\/p>\n<p>O esp\u00edrito natalino p\u00f4de ser sentido em cada abra\u00e7o de reencontro, na mem\u00f3ria familiar duradoura e no sorriso da crian\u00e7a. Os organizadores dizem que \u00e9 muito mais do que uma campanha de brinquedos. <\/p>\n<p>A residente de Middletown, Leeandra Garcia, disse ao News 8: &#8220;Para fam\u00edlias como n\u00f3s, esta organiza\u00e7\u00e3o tem sido realmente uma b\u00ean\u00e7\u00e3o este ano, especialmente quando os tempos est\u00e3o dif\u00edceis, com certeza. Estamos ansiosos por isso h\u00e1 algumas semanas.&#8221;<\/p>\n<p>O evento emocionante, organizado por Angel of Edgewood, \u00e9 dedicado a apoiar fam\u00edlias com crian\u00e7as que enfrentam defici\u00eancias e dificuldades significativas. <\/p>\n<div class=\"nlp-ignore-block article-content rich-text\">\n<aside class=\"promo-link\">\n\t<a href=\"https:\/\/www.wtnh.com\/news\/connecticut\/hartford\/hundreds-get-thanksgiving-meals-in-hartford\/?ipid=promo-link-block1\" class=\"promo-link__link\"><\/p>\n<p>\t\tCentenas recebem refei\u00e7\u00f5es de A\u00e7\u00e3o de Gra\u00e7as em Hartford\t<\/a><br \/>\n<\/aside>\n<\/div>\n<p>O evento privado contou com decora\u00e7\u00e3o festiva, comida, cabine fotogr\u00e1fica 360, presentes e sensa\u00e7\u00e3o de inclus\u00e3o. <\/p>\n<p>Um visitante que deseja permanecer an\u00f4nimo disse que gostou: &#8220;S\u00f3 sair com muitas outras pessoas com defici\u00eancia. Normalmente n\u00e3o saio muito com outras pessoas porque \u00e9 dif\u00edcil com minha cadeira de rodas e outras defici\u00eancias que tenho .&#8221;<\/p>\n<p>A fundadora e CEO da Edgewood, Jendayi Scott-Miller, disse que o festival \u00e9 um espa\u00e7o onde as pessoas com defici\u00eancia podem se sentir confort\u00e1veis \u200b\u200be n\u00e3o serem julgadas. <\/p>\n<p> \u201cEsta popula\u00e7\u00e3o est\u00e1 muito grata\u201d, disse Scott-Miller. &#8220;Cada vez que eles v\u00eam, eles falam sobre o pensamento que \u00e9 colocado nos presentes. N\u00e3o s\u00e3o presentes normais. S\u00e3o muito espec\u00edficos e adaptados \u00e0s necessidades de cada crian\u00e7a, desde cobertores pesados \u200b\u200bat\u00e9 itens sensoriais.&#8221;<\/p>\n<div class=\"nlp-ignore-block article-content rich-text\">\n<aside class=\"promo-link\">\n\t<a href=\"https:\/\/www.wtnh.com\/news\/connecticut\/connecticut-firefighters-stress-christmas-tree-safety\/?ipid=promo-link-block2\" class=\"promo-link__link\"><\/p>\n<p>\t\tBombeiros de Connecticut enfatizam a seguran\u00e7a da \u00e1rvore de Natal\t<\/a><br \/>\n<\/aside>\n<\/div>\n<p>A autoridade de estacionamento de Hartford tamb\u00e9m est\u00e1 entregando presentes para fam\u00edlias com crian\u00e7as acamadas. A festa n\u00e3o foi apenas um evento alegre para as crian\u00e7as, mas tamb\u00e9m um presente para os pais. <\/p>\n<p>&#8220;Eles relaxam. Conhecem outros pais. Fazem conex\u00f5es. Falam sobre recursos&#8221;, disse Scott-Miller. \u201c&#8230; o fardo, voc\u00ea ouve saindo de seus ombros no telefonema e na carta-resposta. Ent\u00e3o, s\u00f3 para eles terem esse tempo especificamente para eles. Eles n\u00e3o conseguem que algu\u00e9m cozinhe para eles. Eles n\u00e3o conseguem apenas relaxar e sentir que n\u00e3o s\u00e3o um fardo.&#8221;<\/p>\n<p>Outro motivo para sorrir? Um grande e alegre ruivo especial apareceu para as crian\u00e7as!<\/p>\n<p>\u201cMeu filho gostou, tirou uma foto com o Papai Noel\u201d, disse Tyasha Weathersby, cujo filho tem necessidades especiais.<\/p>\n<p><br \/>\n<br \/><a href=\"https:\/\/www.wtnh.com\/news\/connecticut\/hartford\/project-angel-wings-holiday-festival-celebrates-its-5th-year-in-hartford\/\">Source link <\/a><\/p>","protected":false},"excerpt":{"rendered":"<p>HARTFORD, Connecticut (WTNH) \u2013 O Project Angel Wings Holiday Festival comemora um anivers\u00e1rio especial de cinco anos distribuindo dezenas e dezenas de presentes para fam\u00edlias de crian\u00e7as com necessidades especiais.&hellip;<\/p>","protected":false},"author":1,"featured_media":76597,"comment_status":"closed","ping_status":"open","sticky":false,"template":"","format":"standard","meta":{"content-type":"","footnotes":""},"categories":[1],"tags":[],"class_list":["post-76596","post","type-post","status-publish","format-standard","has-post-thumbnail","hentry","category-uncategorized"],"_links":{"self":[{"href":"https:\/\/tvbrazilusa.com\/pt\/wp-json\/wp\/v2\/posts\/76596","targetHints":{"allow":["GET"]}}],"collection":[{"href":"https:\/\/tvbrazilusa.com\/pt\/wp-json\/wp\/v2\/posts"}],"about":[{"href":"https:\/\/tvbrazilusa.com\/pt\/wp-json\/wp\/v2\/types\/post"}],"author":[{"embeddable":true,"href":"https:\/\/tvbrazilusa.com\/pt\/wp-json\/wp\/v2\/users\/1"}],"replies":[{"embeddable":true,"href":"https:\/\/tvbrazilusa.com\/pt\/wp-json\/wp\/v2\/comments?post=76596"}],"version-history":[{"count":1,"href":"https:\/\/tvbrazilusa.com\/pt\/wp-json\/wp\/v2\/posts\/76596\/revisions"}],"predecessor-version":[{"id":76598,"href":"https:\/\/tvbrazilusa.com\/pt\/wp-json\/wp\/v2\/posts\/76596\/revisions\/76598"}],"wp:featuredmedia":[{"embeddable":true,"href":"https:\/\/tvbrazilusa.com\/pt\/wp-json\/wp\/v2\/media\/76597"}],"wp:attachment":[{"href":"https:\/\/tvbrazilusa.com\/pt\/wp-json\/wp\/v2\/media?parent=76596"}],"wp:term":[{"taxonomy":"category","embeddable":true,"href":"https:\/\/tvbrazilusa.com\/pt\/wp-json\/wp\/v2\/categories?post=76596"},{"taxonomy":"post_tag","embeddable":true,"href":"https:\/\/tvbrazilusa.com\/pt\/wp-json\/wp\/v2\/tags?post=76596"}],"curies":[{"name":"wp","href":"https:\/\/api.w.org\/{rel}","templated":true}]}}