{"id":76653,"date":"2024-12-15T05:55:08","date_gmt":"2024-12-15T05:55:08","guid":{"rendered":"https:\/\/tvbrazilusa.com\/2024\/12\/15\/administrador-do-dei-da-universidade-de-michigan-demitido-por-supostos-comentarios-anti-semitas-planeja-tomar-medidas-legais-diz-advogado-wsvn-7news-noticias-de-miami-clima-esportes-fort-laud\/"},"modified":"2024-12-15T06:49:21","modified_gmt":"2024-12-15T06:49:21","slug":"administrador-do-dei-da-universidade-de-michigan-demitido-por-supostos-comentarios-anti-semitas-planeja-tomar-medidas-legais-diz-advogado-wsvn-7news-noticias-de-miami-clima-esportes-fort-laud","status":"publish","type":"post","link":"https:\/\/tvbrazilusa.com\/pt\/2024\/12\/15\/administrador-do-dei-da-universidade-de-michigan-demitido-por-supostos-comentarios-anti-semitas-planeja-tomar-medidas-legais-diz-advogado-wsvn-7news-noticias-de-miami-clima-esportes-fort-laud\/","title":{"rendered":"Administrador do DEI da Universidade de Michigan demitido por supostos coment\u00e1rios anti-semitas planeja tomar medidas legais, diz advogado &#8211; WSVN 7News | Not\u00edcias de Miami, clima, esportes | Fort Lauderdale"},"content":{"rendered":"<p> <script async src=\"https:\/\/pagead2.googlesyndication.com\/pagead\/js\/adsbygoogle.js?client=ca-pub-8864793242727901\"\r\n     crossorigin=\"anonymous\"><\/script><br \/>\n<\/p>\n<div itemprop=\"articleBody\">\n<p><strong>(CNN) &#8211; <\/strong>Uma administradora do escrit\u00f3rio de diversidade, equidade e inclus\u00e3o da Universidade de Michigan foi demitida na ter\u00e7a-feira depois de ter sido acusada de fazer coment\u00e1rios anti-semitas \u2013 e agora ela planeja iniciar uma a\u00e7\u00e3o legal contra a escola, disse seu advogado.<\/p>\n<p>Rachel Dawson, que atuou como diretora do Escrit\u00f3rio de Iniciativas Acad\u00eamicas Multiculturais da universidade, foi acusada de dizer: \u201cA universidade \u00e9 controlada por judeus ricos\u201d durante uma conversa com dois professores em uma confer\u00eancia acad\u00eamica sobre diversidade e equidade no final de mar\u00e7o, de acordo com documentos obtidos pela CNN.<\/p>\n<p>Dawson tamb\u00e9m foi acusado de dizer: \u201cN\u00e3o trabalhamos com judeus. Eles s\u00e3o ricos e privilegiados e cuidam de si mesmos\u201d e que \u201co povo judeu n\u00e3o tem &#8216;nenhum DNA gen\u00e9tico&#8217; que os conecte \u00e0 terra de Israel\u201d, segundo os documentos.<\/p>\n<p>A advogada de Dawson, Amanda Ghannam, negou ter feito essas declara\u00e7\u00f5es ou quaisquer coment\u00e1rios anti-semitas. Antes de ser demitida esta semana, Dawson recebeu uma advert\u00eancia por escrito em 15 de outubro e foi colocada em licen\u00e7a pouco mais de duas semanas depois, quando a advert\u00eancia foi revogada, disse Ghannam \u00e0 CNN na quinta-feira. Ghannam disse que tomar\u00e1 \u201cas medidas legais apropriadas\u201d pelo que ela alega ser uma viola\u00e7\u00e3o dos direitos constitucionais de Dawson como funcion\u00e1rio p\u00fablico.<\/p>\n<p>\u201cA lei \u00e9 extremamente clara ao afirmar que os funcion\u00e1rios p\u00fablicos s\u00e3o protegidos pelos seus direitos da Primeira Emenda\u201d, disse Ghannam.<\/p>\n<p>Dawson foi demitida pelo reitor porque seu comportamento na confer\u00eancia \u201cera inconsistente com suas responsabilidades profissionais, incluindo liderar um escrit\u00f3rio multicultural encarregado de apoiar todos os estudantes, e representava um julgamento extremamente pobre\u201d, disse a universidade em comunicado \u00e0 CNN no s\u00e1bado.<\/p>\n<p>O incidente ocorre depois de meses de escalada de tens\u00f5es entre a administra\u00e7\u00e3o da universidade e estudantes pr\u00f3-palestinos que exigiram que os l\u00edderes se desfizessem de Israel. Dias atr\u00e1s, a casa de um membro judeu do Conselho de Regentes da universidade foi vandalizada com picha\u00e7\u00f5es pr\u00f3-palestinianas. Isso tamb\u00e9m ocorre no momento em que a escola enfrenta rea\u00e7\u00f5es adversas de alunos e professores em rela\u00e7\u00e3o aos cortes planejados em seus programas de diversidade, equidade e inclus\u00e3o.<\/p>\n<p>Desde outubro de 2023, Dawson lidera um escrit\u00f3rio que fornece recursos e apoio a estudantes sub-representados de diversas origens. Antes de ocupar esse cargo, Dawson trabalhou na universidade durante seis anos como diretor administrativo do centro m\u00e9dico acad\u00eamico da universidade.<\/p>\n<p>Estimulada por uma carta de agosto da Liga Antidifama\u00e7\u00e3o de Michigan descrevendo as alega\u00e7\u00f5es, a universidade convocou o escrit\u00f3rio de advocacia externo Covington &#038; Burling LLP para conduzir uma investiga\u00e7\u00e3o. O escrit\u00f3rio de advocacia de Los Angeles j\u00e1 havia trabalhado com a ADL, inclusive para fornecer servi\u00e7os pro bono <a href=\"https:\/\/www.adl.org\/resources\/press-release\/brandeis-centeradlstandwithus-launch-pro-bono-k-12-antisemitism-helpline\" target=\"_blank\" rel=\"noreferrer noopener\">assist\u00eancia jur\u00eddica<\/a> aos pais cujos filhos sofrem anti-semitismo nas escolas da Calif\u00f3rnia.<\/p>\n<p>\u201cN\u00e3o \u00e9 poss\u00edvel determinar com certeza se a Sra. Dawson fez as observa\u00e7\u00f5es exatas atribu\u00eddas a ela na carta da ADL Michigan, porque n\u00e3o h\u00e1 grava\u00e7\u00e3o da conversa e nenhuma testemunha al\u00e9m das partes denunciantes e do sujeito da investiga\u00e7\u00e3o,\u201d dizia o memorando do escrit\u00f3rio de advocacia de 25 de setembro resumindo a investiga\u00e7\u00e3o.<\/p>\n<p>O memorando concluiu, no entanto, que \u201co peso das provas dispon\u00edveis apoia o relat\u00f3rio da ADL Michigan\u201d, que afirmava que Dawson fez \u201ccoment\u00e1rios profundamente perturbadores e flagrantemente anti-semitas\u201d.<\/p>\n<h2 class=\"wp-block-heading\">Professores e funcion\u00e1rio do DEI fornecem relatos conflitantes<\/h2>\n<p>As alega\u00e7\u00f5es resultaram de uma conversa que Dawson teve em 23 de mar\u00e7o com dois professores enquanto participavam de uma confer\u00eancia sobre diversidade, equidade e sucesso estudantil organizada pela Associa\u00e7\u00e3o Americana de Faculdades e Universidades na Filad\u00e9lfia.<\/p>\n<p>A professora Naomi Yavneh Klos da Loyola University New Orleans e um professor assistente de estudos \u00e9tnicos \u2013 que n\u00e3o foi identificado e cuja afilia\u00e7\u00e3o n\u00e3o foi revelada \u2013 disseram que abordaram Dawson porque ouviram sobre a \u201cexperi\u00eancia negativa\u201d de um estudante judeu da Universidade de Michigan, de acordo com o memorando da Covington &#038; Burling.<\/p>\n<p>Klos perguntou a Dawson se seu escrit\u00f3rio trabalhava com estudantes judeus, e ela respondeu que seu escrit\u00f3rio n\u00e3o trabalhava com estudantes judeus porque eles eram privilegiados e n\u00e3o precisavam de assist\u00eancia da equipe do DEI, segundo o relato de Klos. A outra professora afirmou que a conversa a deixou \u201cpraticamente tremendo\u201d, dizia o memorando.<\/p>\n<p>Dois dias depois, Klos mandou uma mensagem para uma amiga que trabalha na ADL, dizendo: \u201cEla me disse que a pol\u00edtica deles \u00e9 esperar que os grupos cheguem at\u00e9 eles e ela n\u00e3o trabalha com os judeus porque eles s\u00e3o todos ricos e privilegiados e aceitam cuidar de si mesmos\u201d, de acordo com o memorando. Sua amiga aconselhou-a a registrar um relat\u00f3rio de incidente na ADL.<\/p>\n<p>\u201cOs escrit\u00f3rios do DEI t\u00eam a obriga\u00e7\u00e3o de servir os estudantes que enfrentam desafios com base nas suas identidades, incluindo estudantes judeus, muitos dos quais enfrentaram ass\u00e9dio, exclus\u00e3o, coment\u00e1rios discriminat\u00f3rios e at\u00e9 viol\u00eancia ap\u00f3s 7 de outubro\u201d, disse Klos \u00e0 CNN na sexta-feira. Ela disse que Dawson disse a ela \u201calgo parecido com o que todos n\u00f3s sabemos\u201d que os judeus n\u00e3o t\u00eam nenhuma rela\u00e7\u00e3o ancestral com Israel.<\/p>\n<p>Klos se recusou a comentar mais sobre a resposta de Dawson \u00e0s acusa\u00e7\u00f5es, dizendo que a Universidade Loyola pediu que ela se abstivesse de discutir o incidente.<\/p>\n<p>Dawson, por outro lado, fez um relato diferente da conversa que teve com os dois professores. Ghannam, seu advogado, negou que Dawson tenha feito qualquer um dos coment\u00e1rios de que foi acusada, incluindo que os judeus n\u00e3o tinham qualquer direito ancestral sobre Israel. Ghannam disse que o tema da conversa surgiu quando as mulheres perguntaram a Dawson se ela conhecia a hist\u00f3ria da regi\u00e3o, e Dawson respondeu que acreditava que v\u00e1rios grupos de pessoas t\u00eam origens na regi\u00e3o, disse Ghannam.<\/p>\n<p>A forma como a universidade lidou com as alega\u00e7\u00f5es \u201cabre um precedente perigoso\u201d, disse Ghannam, acrescentando que \u00e9 sem precedentes que a escola contrate um investigador externo para um administrador de n\u00edvel inferior, em vez de abordar o assunto com o seu supervisor direto e conduzir um processo tradicional de recursos humanos. Ela disse que a investiga\u00e7\u00e3o do escrit\u00f3rio de advocacia \u201cdeixa de fora um contexto importante\u201d, incluindo que Dawson estava respondendo a perguntas e enquadramentos das mulheres que a abordaram.<\/p>\n<p>\u201cMinha cliente \u00e9 uma mulher negra que foi abordada por duas mulheres brancas que ficaram visivelmente zangadas com ela quando ela n\u00e3o concordou com elas\u201d, disse Ghannam. \u201cA universidade decidiu ficar do lado das duas mulheres em vez de um l\u00edder querido na comunidade que tem uma longa hist\u00f3ria de servir todos os estudantes.\u201d<\/p>\n<p>A universidade est\u00e1 lidando com uma s\u00e9rie de relatos de judeus sendo alvos. Na segunda-feira, o som de vidro quebrando despertou o membro do Conselho de Regentes, Jordan Acker, pouco depois das 2 da manh\u00e3, disse ele \u00e0 CNN. Ele desceu e descobriu que as janelas da frente haviam sido quebradas e o carro de sua esposa vandalizado com as mensagens \u201cDesinvestir\u201d e \u201cPalestina Livre\u201d. O incidente marca a terceira vez que Acker \u00e9 alvo desde o in\u00edcio da guerra Israel-Hamas.<\/p>\n<p>O campus tamb\u00e9m est\u00e1 enfrentando um escrut\u00ednio sobre poss\u00edveis retrocessos nas iniciativas de diversidade, equidade e inclus\u00e3o, com estudantes e professores protestando. <a href=\"https:\/\/www.michigandaily.com\/news\/administration\/sacua-organizes-rally-condemning-potential-regents-vote-to-defund-umich-dei-programs\/\" target=\"_blank\" rel=\"noreferrer noopener\">semana passada <\/a>antes de uma reuni\u00e3o do Conselho de Regentes.<\/p>\n<p><em>The-CNN-Wire\u2122 e \u00a9 2024 Cable News Network, Inc., uma empresa da Time Warner. Todos os direitos reservados.<\/em><\/p>\n<div class=\"wp-block-newsletter\">\n\t<strong class=\"wp-block-newsletter__title\">Cadastre-se em nosso boletim informativo para receber as \u00faltimas not\u00edcias diretamente em sua caixa de entrada<\/strong><\/p>\n<\/div><\/div>\n<p><br \/>\n<br \/><a href=\"https:\/\/wsvn.com\/news\/us-world\/university-of-michigan-dei-administrator-fired-over-alleged-antisemitic-comments-plans-to-take-legal-action-attorney-says\/\">Source link <\/a><\/p>","protected":false},"excerpt":{"rendered":"<p>(CNN) &#8211; Uma administradora do escrit\u00f3rio de diversidade, equidade e inclus\u00e3o da Universidade de Michigan foi demitida na ter\u00e7a-feira depois de ter sido acusada de fazer coment\u00e1rios anti-semitas \u2013 e&hellip;<\/p>","protected":false},"author":1,"featured_media":76654,"comment_status":"closed","ping_status":"open","sticky":false,"template":"","format":"standard","meta":{"content-type":"","footnotes":""},"categories":[1],"tags":[],"class_list":["post-76653","post","type-post","status-publish","format-standard","has-post-thumbnail","hentry","category-uncategorized"],"_links":{"self":[{"href":"https:\/\/tvbrazilusa.com\/pt\/wp-json\/wp\/v2\/posts\/76653","targetHints":{"allow":["GET"]}}],"collection":[{"href":"https:\/\/tvbrazilusa.com\/pt\/wp-json\/wp\/v2\/posts"}],"about":[{"href":"https:\/\/tvbrazilusa.com\/pt\/wp-json\/wp\/v2\/types\/post"}],"author":[{"embeddable":true,"href":"https:\/\/tvbrazilusa.com\/pt\/wp-json\/wp\/v2\/users\/1"}],"replies":[{"embeddable":true,"href":"https:\/\/tvbrazilusa.com\/pt\/wp-json\/wp\/v2\/comments?post=76653"}],"version-history":[{"count":1,"href":"https:\/\/tvbrazilusa.com\/pt\/wp-json\/wp\/v2\/posts\/76653\/revisions"}],"predecessor-version":[{"id":76655,"href":"https:\/\/tvbrazilusa.com\/pt\/wp-json\/wp\/v2\/posts\/76653\/revisions\/76655"}],"wp:featuredmedia":[{"embeddable":true,"href":"https:\/\/tvbrazilusa.com\/pt\/wp-json\/wp\/v2\/media\/76654"}],"wp:attachment":[{"href":"https:\/\/tvbrazilusa.com\/pt\/wp-json\/wp\/v2\/media?parent=76653"}],"wp:term":[{"taxonomy":"category","embeddable":true,"href":"https:\/\/tvbrazilusa.com\/pt\/wp-json\/wp\/v2\/categories?post=76653"},{"taxonomy":"post_tag","embeddable":true,"href":"https:\/\/tvbrazilusa.com\/pt\/wp-json\/wp\/v2\/tags?post=76653"}],"curies":[{"name":"wp","href":"https:\/\/api.w.org\/{rel}","templated":true}]}}