{"id":76667,"date":"2024-12-15T09:36:01","date_gmt":"2024-12-15T09:36:01","guid":{"rendered":"https:\/\/tvbrazilusa.com\/2024\/12\/15\/morre-bilionario-fundador-da-marca-mango-isak-andic-escorregou-e-caiu-de-mais-de-100-metros-de-um-penhasco\/"},"modified":"2024-12-15T09:36:02","modified_gmt":"2024-12-15T09:36:02","slug":"morre-bilionario-fundador-da-marca-mango-isak-andic-escorregou-e-caiu-de-mais-de-100-metros-de-um-penhasco","status":"publish","type":"post","link":"https:\/\/tvbrazilusa.com\/pt\/2024\/12\/15\/morre-bilionario-fundador-da-marca-mango-isak-andic-escorregou-e-caiu-de-mais-de-100-metros-de-um-penhasco\/","title":{"rendered":"Morre bilion\u00e1rio fundador da marca Mango, Isak Andic; escorregou e caiu de mais de 100 metros de um penhasco"},"content":{"rendered":"<p> <script async src=\"https:\/\/pagead2.googlesyndication.com\/pagead\/js\/adsbygoogle.js?client=ca-pub-8864793242727901\"\r\n     crossorigin=\"anonymous\"><\/script><br \/>\n<\/p>\n<div id=\"taboola-read-more\" style=\"display:block; width:100%\">\n<p>O fundador e dono do imp\u00e9rio da moda espanhola Mango, Isak Andic, morreu neste s\u00e1bado (14) em um acidente nas montanhas, disse a pol\u00edcia. Ele tinha 71 anos.\n<\/p>\n<p>O empres\u00e1rio escorregou e caiu mais de 100 metros de um penhasco enquanto caminhava com parentes nas cavernas de Montserrat, perto de Barcelona, \u200b\u200bdisse um porta-voz da pol\u00edcia.<\/p>\n<p>&#8220;Sua partida deixa um enorme vazio, mas todos n\u00f3s somos, de alguma forma, seu legado e o testemunho de suas realiza\u00e7\u00f5es. Cabe a n\u00f3s&#8230; garantir que a Mango continue sendo o projeto do qual Isak era ambicioso e orgulhoso&#8221;, disse o CEO da Mango, Toni Ruiz, em um comunicado.\n<\/p>\n<p>A p\u00e1gina no Instagram da Mango tamb\u00e9m lamentou a morte do bilion\u00e1rio. &#8220;Ele foi um exemplo para todos n\u00f3s. Ele dedicou sua vida \u00e0 Mango, deixando uma marca indel\u00e9vel gra\u00e7as \u00e0 sua vis\u00e3o estrat\u00e9gica, sua lideran\u00e7a inspiradora e seu compromisso inabal\u00e1vel com os valores que ele mesmo imbuiu em nossa empresa&#8221;.\n<\/p>\n<p>&#8220;Sua partida deixa um enorme vazio, mas todos n\u00f3s somos, de alguma forma, seu legado e o testemunho de suas conquistas. Cabe a n\u00f3s, e esta \u00e9 a melhor homenagem que podemos fazer a Isak e que cumpriremos, garantir que a Mango continue sendo o projeto que Isak aspirou e do qual se sentiria orgulhoso&#8221;, escreveu a empresa ainda.\n<\/p>\n<p>A Forbes estimou o patrim\u00f4nio l\u00edquido de Andic em US$ 4,5 bilh\u00f5es (R$ 27,19 bilh\u00f5es) e ele era o 750\u00ba homem mais rico do mundo. O empres\u00e1rio era membro independente do conselho da empresa.\n<\/p>\n<p><strong>Funda\u00e7\u00e3o da empresa<\/strong>\n<\/p>\n<p>Segundo a BBC, Andic fundou a empresa com a ajuda de seu irm\u00e3o, Nahman, em Barcelona, em 1984. E, nas d\u00e9cadas seguintes, a empresa se tornou uma das principais fabricantes de fast fashion da Europa.\n<\/p>\n<p>Hoje, a rede opera quase 3 mil lojas em 120 pa\u00edses \u2013 e teve um faturamento de 3,1 bilh\u00f5es de euros (R$ 19,50 bilh\u00f5es) em 2023.\n<\/p>\n<p>A BBC informou que ele era visto como rival do fundador da Zara, Amancio Ortega, outro bilion\u00e1rio da moda espanhol. A marca de Andic se tornou popular no Reino Unido em 2011, quando a modelo brit\u00e2nica Kate Moss foi anunciada como o rosto da Mango. \u00c0 \u00e9poca, ela substituiu a brasileira Isabelli Fontana.\n<\/p>\n<p><strong>Presidente da Catalunha lamenta morte<\/strong>\n<\/p>\n<p>O presidente do governo da Catalunha, Salvador Illa Roca, disse estar &#8220;consternado com a perda&#8221; e descreveu Andic como um &#8220;empres\u00e1rio comprometido&#8221; que &#8220;contribuiu para tornar a Catalunha grande e projet\u00e1-la para o mundo&#8221;.\n<\/p>\n<p>O primeiro-ministro espanhol, Pedro S\u00e1nchez, tamb\u00e9m prestou homenagem a Andic nas redes sociais, elogiando seu \u201ctrabalho duro e vis\u00e3o de neg\u00f3cios que transformaram uma marca espanhola em l\u00edder global da moda\u201d.\n<\/p>\n<p>Fonte: g1              <\/p>\n<\/div>\n<p><br \/>\n<br \/><a href=\"https:\/\/diariodobrasilnoticias.com.br\/noticia\/morre-bilionario-fundador-da-marca-mango-isak-andic-escorregou-e-caiu-de-mais-de-100-metros-de-um-penhasco-675ea22109521\">Source link <\/a><\/p>","protected":false},"excerpt":{"rendered":"<p>O fundador e dono do imp\u00e9rio da moda espanhola Mango, Isak Andic, morreu neste s\u00e1bado (14) em um acidente nas montanhas, disse a pol\u00edcia. Ele tinha 71 anos. O empres\u00e1rio&hellip;<\/p>","protected":false},"author":1,"featured_media":76668,"comment_status":"closed","ping_status":"open","sticky":false,"template":"","format":"standard","meta":{"content-type":"","footnotes":""},"categories":[16],"tags":[123,2448,5313,1267],"class_list":["post-76667","post","type-post","status-publish","format-standard","has-post-thumbnail","hentry","category-noticias","tag-brasil","tag-diario","tag-noticia","tag-noticias"],"_links":{"self":[{"href":"https:\/\/tvbrazilusa.com\/pt\/wp-json\/wp\/v2\/posts\/76667","targetHints":{"allow":["GET"]}}],"collection":[{"href":"https:\/\/tvbrazilusa.com\/pt\/wp-json\/wp\/v2\/posts"}],"about":[{"href":"https:\/\/tvbrazilusa.com\/pt\/wp-json\/wp\/v2\/types\/post"}],"author":[{"embeddable":true,"href":"https:\/\/tvbrazilusa.com\/pt\/wp-json\/wp\/v2\/users\/1"}],"replies":[{"embeddable":true,"href":"https:\/\/tvbrazilusa.com\/pt\/wp-json\/wp\/v2\/comments?post=76667"}],"version-history":[{"count":1,"href":"https:\/\/tvbrazilusa.com\/pt\/wp-json\/wp\/v2\/posts\/76667\/revisions"}],"predecessor-version":[{"id":76669,"href":"https:\/\/tvbrazilusa.com\/pt\/wp-json\/wp\/v2\/posts\/76667\/revisions\/76669"}],"wp:featuredmedia":[{"embeddable":true,"href":"https:\/\/tvbrazilusa.com\/pt\/wp-json\/wp\/v2\/media\/76668"}],"wp:attachment":[{"href":"https:\/\/tvbrazilusa.com\/pt\/wp-json\/wp\/v2\/media?parent=76667"}],"wp:term":[{"taxonomy":"category","embeddable":true,"href":"https:\/\/tvbrazilusa.com\/pt\/wp-json\/wp\/v2\/categories?post=76667"},{"taxonomy":"post_tag","embeddable":true,"href":"https:\/\/tvbrazilusa.com\/pt\/wp-json\/wp\/v2\/tags?post=76667"}],"curies":[{"name":"wp","href":"https:\/\/api.w.org\/{rel}","templated":true}]}}