{"id":76670,"date":"2024-12-15T09:49:13","date_gmt":"2024-12-15T09:49:13","guid":{"rendered":"https:\/\/tvbrazilusa.com\/2024\/12\/15\/bancada-do-psol-vai-solicitar-a-extincao-do-batalhao-dos-kids-pretos\/"},"modified":"2024-12-15T09:49:15","modified_gmt":"2024-12-15T09:49:15","slug":"bancada-do-psol-vai-solicitar-a-extincao-do-batalhao-dos-kids-pretos","status":"publish","type":"post","link":"https:\/\/tvbrazilusa.com\/pt\/2024\/12\/15\/bancada-do-psol-vai-solicitar-a-extincao-do-batalhao-dos-kids-pretos\/","title":{"rendered":"Bancada do PSOL vai solicitar a extin\u00e7\u00e3o do batalh\u00e3o dos &#8216;kids pretos&#8217;"},"content":{"rendered":"<p> <script async src=\"https:\/\/pagead2.googlesyndication.com\/pagead\/js\/adsbygoogle.js?client=ca-pub-8864793242727901\"\r\n     crossorigin=\"anonymous\"><\/script><br \/>\n<\/p>\n<div id=\"taboola-read-more\" style=\"display:block; width:100%\">\n<p>A bancada do PSol na C\u00e2mara vai enviar um of\u00edcio ao Minist\u00e9rio da Defesa solicitando a extin\u00e7\u00e3o do batalh\u00e3o dos \u201ckids pretos\u201d, militares da unidade de elite do Ex\u00e9rcito Brasileiro, o Comando de Opera\u00e7\u00f5es Especiais (Copesp). Os parlamentares chegaram a preparar um \u201crequerimento de informa\u00e7\u00f5es sobre o funcionamento dos batalh\u00f5es especiais\u201d.\n<\/p>\n<p>A decis\u00e3o acontece ap\u00f3s a pris\u00e3o do general da reserva do Ex\u00e9rcito Walter Braga Netto, ex-ministro e vice na chapa de Jair Bolsonaro (PL) em 2022, que \u00e9 apontado como um dos principais respons\u00e1veis pela tentativa de golpe de Estado.<\/p>\n<p>No pedido pela pris\u00e3o de Braga Netto ao Supremo Tribunal Federal (STF), a Pol\u00edcia Federal (PF) afirmou que Mauro Cid, ex-ajudante de ordens de Bolsonaro, apresentou depoimentos \u201cdissonantes\u201d sobre reuni\u00f5es entre militares ap\u00f3s a elei\u00e7\u00e3o do presidente Luiz In\u00e1cio Lula da Silva (PT). A principal delas foi a que ocorreu na casa de Braga Netto, em Bras\u00edlia, no dia 12 de novembro de 2022.\n<\/p>\n<p>Al\u00e9m de Cid e Braga Netto, tamb\u00e9m participaram da reuni\u00e3o o major Rafael Martins de Oliveira, das For\u00e7as Especiais do Ex\u00e9rcito, e o tenente-coronel Helio Ferreira Lima. Ambos, que integram os \u201ckids pretos\u201d, militares de for\u00e7as especiais indiciados pela PF por planejar um golpe de Estado em 2022 para impedir a posse de Lula.\n<\/p>\n<p>Os membros da Copesp foram alvos da Opera\u00e7\u00e3o Contragolpe, deflagrada pela PF no dia 19 de novembro. A a\u00e7\u00e3o autorizada pelo ministro do STF Alexandre de Moraes visou desarticular uma organiza\u00e7\u00e3o criminosa que teria planejado um golpe de Estado em 2022.\n<\/p>\n<p>At\u00e9 o momento, H\u00e9lio Ferreira Lima, Mario Fernandes, Rafael Martins de Oliveira e Rodrigo Bezerra de Azevedo est\u00e3o presos. Todos faziam parte do grupo \u201ckids pretos\u201d.\n<\/p>\n<p>De acordo com o Ex\u00e9rcito, o general da reserva M\u00e1rio Fernandes e o tenente-coronel Rodrigo Bezerra foram tranferidos para Bras\u00edlia.\n<\/p>\n<p><strong>Quem s\u00e3o os \u201ckids pretos\u201d?<\/strong>\n<\/p>\n<p>Com o lema \u201cqualquer miss\u00e3o, a qualquer hora, em qualquer lugar e de qualquer maneira\u201d, os \u201ckids pretos\u201d s\u00e3o militares da unidade de elite do Ex\u00e9rcito Brasileiro, o Comando de Opera\u00e7\u00f5es Especiais (Copesp). O apelido \u00e9 derivado dos gorros de cor preta que eles usam nas opera\u00e7\u00f5es.\n<\/p>\n<p>Os \u201ckids pretos\u201d recebem treinamento especial para participar de miss\u00f5es sigilosas e arriscadas, como a\u00e7\u00f5es de sabotagem e opera\u00e7\u00f5es de guerra irregular, assim como impedir insurg\u00eancia popular, terrorismo e guerrilha.\n<\/p>\n<p>Fonte: Metr\u00f3poles              <\/p>\n<\/div>\n<p><br \/>\n<br \/><a href=\"https:\/\/diariodobrasilnoticias.com.br\/noticia\/bancada-do-psol-vai-solicitar-a-extincao-do-batalhao-dos-kids-pretos-675ea424b2054\">Source link <\/a><\/p>","protected":false},"excerpt":{"rendered":"<p>A bancada do PSol na C\u00e2mara vai enviar um of\u00edcio ao Minist\u00e9rio da Defesa solicitando a extin\u00e7\u00e3o do batalh\u00e3o dos \u201ckids pretos\u201d, militares da unidade de elite do Ex\u00e9rcito Brasileiro,&hellip;<\/p>","protected":false},"author":1,"featured_media":76671,"comment_status":"closed","ping_status":"open","sticky":false,"template":"","format":"standard","meta":{"content-type":"","footnotes":""},"categories":[16],"tags":[123,2448,5313,1267],"class_list":["post-76670","post","type-post","status-publish","format-standard","has-post-thumbnail","hentry","category-noticias","tag-brasil","tag-diario","tag-noticia","tag-noticias"],"_links":{"self":[{"href":"https:\/\/tvbrazilusa.com\/pt\/wp-json\/wp\/v2\/posts\/76670","targetHints":{"allow":["GET"]}}],"collection":[{"href":"https:\/\/tvbrazilusa.com\/pt\/wp-json\/wp\/v2\/posts"}],"about":[{"href":"https:\/\/tvbrazilusa.com\/pt\/wp-json\/wp\/v2\/types\/post"}],"author":[{"embeddable":true,"href":"https:\/\/tvbrazilusa.com\/pt\/wp-json\/wp\/v2\/users\/1"}],"replies":[{"embeddable":true,"href":"https:\/\/tvbrazilusa.com\/pt\/wp-json\/wp\/v2\/comments?post=76670"}],"version-history":[{"count":1,"href":"https:\/\/tvbrazilusa.com\/pt\/wp-json\/wp\/v2\/posts\/76670\/revisions"}],"predecessor-version":[{"id":76672,"href":"https:\/\/tvbrazilusa.com\/pt\/wp-json\/wp\/v2\/posts\/76670\/revisions\/76672"}],"wp:featuredmedia":[{"embeddable":true,"href":"https:\/\/tvbrazilusa.com\/pt\/wp-json\/wp\/v2\/media\/76671"}],"wp:attachment":[{"href":"https:\/\/tvbrazilusa.com\/pt\/wp-json\/wp\/v2\/media?parent=76670"}],"wp:term":[{"taxonomy":"category","embeddable":true,"href":"https:\/\/tvbrazilusa.com\/pt\/wp-json\/wp\/v2\/categories?post=76670"},{"taxonomy":"post_tag","embeddable":true,"href":"https:\/\/tvbrazilusa.com\/pt\/wp-json\/wp\/v2\/tags?post=76670"}],"curies":[{"name":"wp","href":"https:\/\/api.w.org\/{rel}","templated":true}]}}