{"id":76678,"date":"2024-12-15T10:13:24","date_gmt":"2024-12-15T10:13:24","guid":{"rendered":"https:\/\/tvbrazilusa.com\/2024\/12\/15\/eduardo-bolsonaro-responde-ao-filho-de-lula-etica-e-valores-diferentes\/"},"modified":"2024-12-15T10:13:27","modified_gmt":"2024-12-15T10:13:27","slug":"eduardo-bolsonaro-responde-ao-filho-de-lula-etica-e-valores-diferentes","status":"publish","type":"post","link":"https:\/\/tvbrazilusa.com\/pt\/2024\/12\/15\/eduardo-bolsonaro-responde-ao-filho-de-lula-etica-e-valores-diferentes\/","title":{"rendered":"Eduardo Bolsonaro responde ao filho de Lula: &#8216;\u00c9tica e valores diferentes&#8217;"},"content":{"rendered":"<p> <script async src=\"https:\/\/pagead2.googlesyndication.com\/pagead\/js\/adsbygoogle.js?client=ca-pub-8864793242727901\"\r\n     crossorigin=\"anonymous\"><\/script><br \/>\n<\/p>\n<div id=\"taboola-read-more\" style=\"display:block; width:100%\">\n<p>Neste s\u00e1bado (14), o deputado federal Eduardo Bolsonaro (PL) rebateu ao coment\u00e1rio ir\u00f4nico divulgado pelo filho ca\u00e7ula do presidente Lula (PT), Lu\u00eds Cl\u00e1udio Lula da Silva, que comparou a interna\u00e7\u00e3o de seu pai com a do ex-presidente Jair Bolsonaro (PL).\n<\/p>\n<p>A montagem compartilhada por Lu\u00eds Cl\u00e1udio traz duas fotos; a primeira de Lula caminhando no Hospital S\u00edria Liban\u00eas ap\u00f3s deixar a UTI. E a segunda de Bolsonaro sendo internado por complica\u00e7\u00f5es da facada que sofreu em 2018, quando foi atacado por um ex-militante do PSOL.<\/p>\n<p>\u2013 Lula depois de uma cirurgia no c\u00e9rebro. Bolsonaro com o c* entupido \u2013 diz a imagem.\n<\/p>\n<p>Eduardo repostou a publica\u00e7\u00e3o do petista e fez o seguinte coment\u00e1rio:\n<\/p>\n<p>\u2013 De fato nossa \u00e9tica e valores s\u00e3o diferentes\u2026 \u2013 pontuou.\n<\/p>\n<\/p>\n<p>Fonte: Pleno.News              <\/p>\n<\/div>\n<p><br \/>\n<br \/><a href=\"https:\/\/diariodobrasilnoticias.com.br\/noticia\/eduardo-bolsonaro-responde-ao-filho-de-lula-etica-e-valores-diferentes-675ea91c27345\">Source link <\/a><\/p>","protected":false},"excerpt":{"rendered":"<p>Neste s\u00e1bado (14), o deputado federal Eduardo Bolsonaro (PL) rebateu ao coment\u00e1rio ir\u00f4nico divulgado pelo filho ca\u00e7ula do presidente Lula (PT), Lu\u00eds Cl\u00e1udio Lula da Silva, que comparou a interna\u00e7\u00e3o&hellip;<\/p>","protected":false},"author":1,"featured_media":76679,"comment_status":"closed","ping_status":"open","sticky":false,"template":"","format":"standard","meta":{"content-type":"","footnotes":""},"categories":[16],"tags":[123,2448,5313,1267],"class_list":["post-76678","post","type-post","status-publish","format-standard","has-post-thumbnail","hentry","category-noticias","tag-brasil","tag-diario","tag-noticia","tag-noticias"],"_links":{"self":[{"href":"https:\/\/tvbrazilusa.com\/pt\/wp-json\/wp\/v2\/posts\/76678","targetHints":{"allow":["GET"]}}],"collection":[{"href":"https:\/\/tvbrazilusa.com\/pt\/wp-json\/wp\/v2\/posts"}],"about":[{"href":"https:\/\/tvbrazilusa.com\/pt\/wp-json\/wp\/v2\/types\/post"}],"author":[{"embeddable":true,"href":"https:\/\/tvbrazilusa.com\/pt\/wp-json\/wp\/v2\/users\/1"}],"replies":[{"embeddable":true,"href":"https:\/\/tvbrazilusa.com\/pt\/wp-json\/wp\/v2\/comments?post=76678"}],"version-history":[{"count":1,"href":"https:\/\/tvbrazilusa.com\/pt\/wp-json\/wp\/v2\/posts\/76678\/revisions"}],"predecessor-version":[{"id":76680,"href":"https:\/\/tvbrazilusa.com\/pt\/wp-json\/wp\/v2\/posts\/76678\/revisions\/76680"}],"wp:featuredmedia":[{"embeddable":true,"href":"https:\/\/tvbrazilusa.com\/pt\/wp-json\/wp\/v2\/media\/76679"}],"wp:attachment":[{"href":"https:\/\/tvbrazilusa.com\/pt\/wp-json\/wp\/v2\/media?parent=76678"}],"wp:term":[{"taxonomy":"category","embeddable":true,"href":"https:\/\/tvbrazilusa.com\/pt\/wp-json\/wp\/v2\/categories?post=76678"},{"taxonomy":"post_tag","embeddable":true,"href":"https:\/\/tvbrazilusa.com\/pt\/wp-json\/wp\/v2\/tags?post=76678"}],"curies":[{"name":"wp","href":"https:\/\/api.w.org\/{rel}","templated":true}]}}