{"id":76692,"date":"2024-12-15T11:06:48","date_gmt":"2024-12-15T11:06:48","guid":{"rendered":"https:\/\/tvbrazilusa.com\/2024\/12\/15\/ao-conceder-entrevista-a-deputada-bia-kicis-se-irrita-e-diz-querem-prender-bolsonaro-veja-video\/"},"modified":"2024-12-15T11:06:49","modified_gmt":"2024-12-15T11:06:49","slug":"ao-conceder-entrevista-a-deputada-bia-kicis-se-irrita-e-diz-querem-prender-bolsonaro-veja-video","status":"publish","type":"post","link":"https:\/\/tvbrazilusa.com\/pt\/2024\/12\/15\/ao-conceder-entrevista-a-deputada-bia-kicis-se-irrita-e-diz-querem-prender-bolsonaro-veja-video\/","title":{"rendered":"Ao conceder entrevista, a deputada Bia Kicis se irrita e diz: &#8216;Querem prender Bolsonaro&#8217;; VEJA V\u00cdDEO"},"content":{"rendered":"<p> <script async src=\"https:\/\/pagead2.googlesyndication.com\/pagead\/js\/adsbygoogle.js?client=ca-pub-8864793242727901\"\r\n     crossorigin=\"anonymous\"><\/script><br \/>\n<\/p>\n<div id=\"taboola-read-more\" style=\"display:block; width:100%\">\n<p>Neste s\u00e1bado (14), a deputada federal Bia Kicis (PL-DF) comentou sobre a pris\u00e3o do general da reserva Walter Braga Netto, ex-ministro da Defesa e vice na chapa do ex-presidente Jair Bolsonaro (PL) nas elei\u00e7\u00f5es de 2022. Na CNN, a parlamentar afirmou que est\u00e3o fazendo de tudo para prender o ex-chefe do Executivo.\n<\/p>\n<p>A parlamentar foi questionada primeiramente se ela considera que h\u00e1 elementos substanciais para a pris\u00e3o de Braga Netto. De acordo com ela, o pouco material ao qual ela teve acesso at\u00e9 o momento n\u00e3o \u00e9 substancial, pois \u201ctentar saber como foi o depoimento de Mauro Cid\u201d n\u00e3o \u00e9 suficiente para uma obstru\u00e7\u00e3o de justi\u00e7a.<\/p>\n<p>Em seguida, Kicis foi questionada pelos josrnalistas da CNN se ela acha que Braga Netto est\u00e1 envolvido na suposta tentativa de golpe de Estado. A parlamentar foi taxativa ao dizer que o golpe \u00e9 uma narrativa constru\u00edda com o objetivo de prender Bolsonaro.\n<\/p>\n<p>\u2013 Querem prender Bolsonaro a todo custo, custe o que custar. N\u00e3o importa violar a Constitui\u00e7\u00e3o, violar o devido processo legal \u2013 disparou.\n<\/p>\n<p>A deputada disse tamb\u00e9m que um general quatro estrelas ser julgado pelo STF \u00e9 improcedente.\n<\/p>\n<p>\u2013 Outra coisa, um militar, um general quatro estrelas teria que ser julgado n\u00e3o pelo STF, teria que ser que processado pela justi\u00e7a militar. Tudo que est\u00e1 acontecendo avilta qualquer senso de justi\u00e7a, qualquer conhecimento do devido processo legal. \u00c9 tanta viola\u00e7\u00e3o aos mais b\u00e1sicos direitos , que n\u00e3o d\u00e1 para querer discutir o m\u00e9rito das coisas, porque na forma j\u00e1 est\u00e1 tudo errado \u2013 declarou.\n<\/p>\n<p>Veja v\u00eddeo:\n<\/p>\n<p>Fonte: Pleno.News\n              <\/p>\n<\/div>\n<p><br \/>\n<br \/><a href=\"https:\/\/diariodobrasilnoticias.com.br\/noticia\/ao-conceder-entrevista-a-deputada-bia-kicis-se-irrita-e-diz-querem-prender-bolsonaro-veja-video-675eaae537570\">Source link <\/a><\/p>","protected":false},"excerpt":{"rendered":"<p>Neste s\u00e1bado (14), a deputada federal Bia Kicis (PL-DF) comentou sobre a pris\u00e3o do general da reserva Walter Braga Netto, ex-ministro da Defesa e vice na chapa do ex-presidente Jair&hellip;<\/p>","protected":false},"author":1,"featured_media":76693,"comment_status":"closed","ping_status":"open","sticky":false,"template":"","format":"standard","meta":{"content-type":"","footnotes":""},"categories":[16],"tags":[123,2448,5313,1267],"class_list":["post-76692","post","type-post","status-publish","format-standard","has-post-thumbnail","hentry","category-noticias","tag-brasil","tag-diario","tag-noticia","tag-noticias"],"_links":{"self":[{"href":"https:\/\/tvbrazilusa.com\/pt\/wp-json\/wp\/v2\/posts\/76692","targetHints":{"allow":["GET"]}}],"collection":[{"href":"https:\/\/tvbrazilusa.com\/pt\/wp-json\/wp\/v2\/posts"}],"about":[{"href":"https:\/\/tvbrazilusa.com\/pt\/wp-json\/wp\/v2\/types\/post"}],"author":[{"embeddable":true,"href":"https:\/\/tvbrazilusa.com\/pt\/wp-json\/wp\/v2\/users\/1"}],"replies":[{"embeddable":true,"href":"https:\/\/tvbrazilusa.com\/pt\/wp-json\/wp\/v2\/comments?post=76692"}],"version-history":[{"count":1,"href":"https:\/\/tvbrazilusa.com\/pt\/wp-json\/wp\/v2\/posts\/76692\/revisions"}],"predecessor-version":[{"id":76694,"href":"https:\/\/tvbrazilusa.com\/pt\/wp-json\/wp\/v2\/posts\/76692\/revisions\/76694"}],"wp:featuredmedia":[{"embeddable":true,"href":"https:\/\/tvbrazilusa.com\/pt\/wp-json\/wp\/v2\/media\/76693"}],"wp:attachment":[{"href":"https:\/\/tvbrazilusa.com\/pt\/wp-json\/wp\/v2\/media?parent=76692"}],"wp:term":[{"taxonomy":"category","embeddable":true,"href":"https:\/\/tvbrazilusa.com\/pt\/wp-json\/wp\/v2\/categories?post=76692"},{"taxonomy":"post_tag","embeddable":true,"href":"https:\/\/tvbrazilusa.com\/pt\/wp-json\/wp\/v2\/tags?post=76692"}],"curies":[{"name":"wp","href":"https:\/\/api.w.org\/{rel}","templated":true}]}}