{"id":76716,"date":"2024-12-15T12:23:57","date_gmt":"2024-12-15T12:23:57","guid":{"rendered":"https:\/\/tvbrazilusa.com\/2024\/12\/15\/mecanico-restaura-fiat-147-de-1978-e-presenteia-padre-parecia-um-filme\/"},"modified":"2024-12-15T12:23:58","modified_gmt":"2024-12-15T12:23:58","slug":"mecanico-restaura-fiat-147-de-1978-e-presenteia-padre-parecia-um-filme","status":"publish","type":"post","link":"https:\/\/tvbrazilusa.com\/pt\/2024\/12\/15\/mecanico-restaura-fiat-147-de-1978-e-presenteia-padre-parecia-um-filme\/","title":{"rendered":"Mec\u00e2nico restaura Fiat 147 de 1978 e presenteia padre: &#8216;Parecia um filme&#8217;"},"content":{"rendered":"<p> <script async src=\"https:\/\/pagead2.googlesyndication.com\/pagead\/js\/adsbygoogle.js?client=ca-pub-8864793242727901\"\r\n     crossorigin=\"anonymous\"><\/script><br \/>\n<\/p>\n<div id=\"taboola-read-more\" style=\"display:block; width:100%\">\n<p>Um padre apaixonado por carros desde a inf\u00e2ncia realizou o sonho de ver o seu Fiat 147 restaurado. Para o sacerdote, que \u00e9 de Laranjal Paulista, no interior de S\u00e3o Paulo, o modelo n\u00e3o era apenas um ve\u00edculo, mas, sim, uma ponte para o passado.\n<\/p>\n<p>O carro, fabricado em 1978, \u00e9 id\u00eantico ao que pertencia \u00e0 fam\u00edlia e sempre foi um sonho do padre Edison Eraldo Bovo ter um igual para reviver essas mem\u00f3rias. Ele tirou a Carteira Nacional de Habilita\u00e7\u00e3o (CNH) quando come\u00e7ou a servir no Ex\u00e9rcito, em 1975.<\/p>\n<p>&#8220;Uma das minhas primeiras miss\u00f5es como padre, indo e vindo de par\u00f3quia, foi em um Fiat 147 tamb\u00e9m. Faz 46 anos que eu tenho carteira de habilita\u00e7\u00e3o&#8221;, relembra.\n<\/p>\n<p>Ap\u00f3s o falecimento de seu pai, Edison resolveu que iria buscar o carro para resgatar uma lembran\u00e7a t\u00e3o importante que carregava da sua inf\u00e2ncia. Com a ajuda do irm\u00e3o e, depois de muita procura, foi poss\u00edvel encontrar um que estava em boas condi\u00e7\u00f5es.\n<\/p>\n<p>&#8220;Eu sempre alimentava esse sonho: um dia eu vou ter um Fiat 147&#8221;, disse o padre.\n<\/p>\n<p><strong>Mem\u00f3rias de fam\u00edlia<\/strong>\n<\/p>\n<p>A hist\u00f3ria com esse modelo come\u00e7ou em 1977, quando o primeiro Fiat 147 foi lan\u00e7ado no Brasil. A fam\u00edlia de Edison conseguiu comprar o carro em 1979. Na \u00e9poca, ele era muito jovem e usava o carro para trabalhar, viajar e passear com os pais.\n<\/p>\n<p>Edison relembrou que muitas vezes usou o carro para vender frutas e verduras pelas ruas da cidade, e que esses momentos marcaram sua vida.\n<\/p>\n<p>Uma das aventuras vividas pelo padre e sua fam\u00edlia foi na zona rural de Ourinhos (SP). Ap\u00f3s uma chuva forte, eles ficaram com medo de o carro n\u00e3o aguentar subir o morro de ch\u00e3o de terra, por ficar escorregadio devido \u00e0 \u00e1gua, e eles n\u00e3o conseguirem ir embora do local. Mas o carro subiu, mesmo com toda a terra molhada, surpreendendo a todos.\n<\/p>\n<p>A fam\u00edlia tamb\u00e9m fazia viagens pelas cidades de Avar\u00e9 e Bernardino de Campos e visitava o Rio Paranapanema. Quando ele estava no semin\u00e1rio, a fam\u00edlia j\u00e1 estava no terceiro Fiat 147.\n<\/p>\n<p>Restaura\u00e7\u00e3o<br \/>J\u00e1 com o seu Fiat 147, Padre Edison conheceu J\u00falio Shiya, de 45 anos, dono de uma oficina de customiza\u00e7\u00e3o, em uma exposi\u00e7\u00e3o de carros antigos em Laranjal Paulista.\n<\/p>\n<p>Os mec\u00e2nicos gostaram do modelo do carro e disseram que era para o padre lev\u00e1-lo at\u00e9 a oficina para ser feita uma customiza\u00e7\u00e3o e restaura\u00e7\u00e3o. Mas Edison ficou desconfiado. Mesmo assim, por fim, acabou levando o carro at\u00e9 a oficina.\n<\/p>\n<p>No \u00faltimo dia 6, J\u00falio fez a entrega do carro ao padre, que estava ansioso com o resultado, e contou para Edison que era um presente para ele.\n<\/p>\n<p>&#8220;Quando ele ergueu a capa, come\u00e7ou a aparecer o para-choque, o azul Tirreno da cor original, e apareceu o estofamento. Nossa, parecia um filme! Na minha mente, veio toda aquela imagem da minha m\u00e3e e meu pai do lado. Foi muito emocionante&#8221;, relatou Edison.<br \/>Processo que durou dois meses<br \/>O mec\u00e2nico respons\u00e1vel pelo trabalho contou que o processo demorou cerca de dois meses.\n<\/p>\n<p>&#8220;Eu pedi para ele trazer o carro, que a gente ia fazer o trabalho, mas que ia demorar por causa das pe\u00e7as serem antigas, e menti que a gente n\u00e3o gostava que ficassem vindo at\u00e9 a oficina s\u00f3 para ele n\u00e3o ver e ser uma surpresa mesmo. E, por ser uma pessoa que sempre est\u00e1 em causas e trabalhos sociais, resolvemos dar esse presente para ele&#8221;, disse J\u00falio.\n<\/p>\n<p>O propriet\u00e1rio da oficina relembrou que foi necess\u00e1rio refazer e reconstruir algumas pe\u00e7as por ser dif\u00edcil achar as partes de um carro antigo. Resgatar as caracter\u00edsticas antigas foi um desafio, mas, a partir das fotos, eles fizeram todo o trabalho.\n<\/p>\n<p>Fonte: g1\n              <\/p>\n<\/div>\n<p><br \/>\n<br \/><a href=\"https:\/\/diariodobrasilnoticias.com.br\/noticia\/mecanico-restaura-fiat-147-de-1978-e-presenteia-padre-parecia-um-filme-675ec751c0687\">Source link <\/a><\/p>","protected":false},"excerpt":{"rendered":"<p>Um padre apaixonado por carros desde a inf\u00e2ncia realizou o sonho de ver o seu Fiat 147 restaurado. Para o sacerdote, que \u00e9 de Laranjal Paulista, no interior de S\u00e3o&hellip;<\/p>","protected":false},"author":1,"featured_media":76717,"comment_status":"closed","ping_status":"open","sticky":false,"template":"","format":"standard","meta":{"content-type":"","footnotes":""},"categories":[16],"tags":[123,2448,5313,1267],"class_list":["post-76716","post","type-post","status-publish","format-standard","has-post-thumbnail","hentry","category-noticias","tag-brasil","tag-diario","tag-noticia","tag-noticias"],"_links":{"self":[{"href":"https:\/\/tvbrazilusa.com\/pt\/wp-json\/wp\/v2\/posts\/76716","targetHints":{"allow":["GET"]}}],"collection":[{"href":"https:\/\/tvbrazilusa.com\/pt\/wp-json\/wp\/v2\/posts"}],"about":[{"href":"https:\/\/tvbrazilusa.com\/pt\/wp-json\/wp\/v2\/types\/post"}],"author":[{"embeddable":true,"href":"https:\/\/tvbrazilusa.com\/pt\/wp-json\/wp\/v2\/users\/1"}],"replies":[{"embeddable":true,"href":"https:\/\/tvbrazilusa.com\/pt\/wp-json\/wp\/v2\/comments?post=76716"}],"version-history":[{"count":1,"href":"https:\/\/tvbrazilusa.com\/pt\/wp-json\/wp\/v2\/posts\/76716\/revisions"}],"predecessor-version":[{"id":76718,"href":"https:\/\/tvbrazilusa.com\/pt\/wp-json\/wp\/v2\/posts\/76716\/revisions\/76718"}],"wp:featuredmedia":[{"embeddable":true,"href":"https:\/\/tvbrazilusa.com\/pt\/wp-json\/wp\/v2\/media\/76717"}],"wp:attachment":[{"href":"https:\/\/tvbrazilusa.com\/pt\/wp-json\/wp\/v2\/media?parent=76716"}],"wp:term":[{"taxonomy":"category","embeddable":true,"href":"https:\/\/tvbrazilusa.com\/pt\/wp-json\/wp\/v2\/categories?post=76716"},{"taxonomy":"post_tag","embeddable":true,"href":"https:\/\/tvbrazilusa.com\/pt\/wp-json\/wp\/v2\/tags?post=76716"}],"curies":[{"name":"wp","href":"https:\/\/api.w.org\/{rel}","templated":true}]}}